{"id":1084,"date":"2021-03-11T13:30:44","date_gmt":"2021-03-11T12:30:44","guid":{"rendered":"https:\/\/bender.pixxel-network.de\/?p=1084"},"modified":"2022-09-22T13:38:16","modified_gmt":"2022-09-22T12:38:16","slug":"curated-by-erhard-witzel","status":"publish","type":"post","link":"https:\/\/www.galerie-bender.de\/de\/curated-by-erhard-witzel\/","title":{"rendered":"Curated by&#8230; Erhard Witzel"},"content":{"rendered":"<div id=\"modal-ready\"><div class=\"n2_clear\"><ss3-force-full-width data-overflow-x=\"body\" data-horizontal-selector=\"body\"><div class=\"n2-section-smartslider fitvidsignore artist_slider n2_clear\" data-ssid=\"59\" tabindex=\"0\" role=\"region\" aria-label=\"Slider\"><div id=\"n2-ss-59-align\" class=\"n2-ss-align\"><div class=\"n2-padding\"><div id=\"n2-ss-59\" data-creator=\"Smart Slider 3\" data-responsive=\"fullwidth\" class=\"n2-ss-slider n2-ow n2-has-hover n2notransition  \">\n\n\n\n\n\n\n\n\n\n\n\n\n\n<div class=\"n2-ss-slider-wrapper-outside\" style=\"grid-template-rows:1fr auto\"><div class=\"n2-ss-slider-wrapper-inside\">\n        <div class=\"n2-ss-slider-1 n2_ss__touch_element n2-ow\">\n            <div class=\"n2-ss-slider-2 n2-ow\">\n                                                <div class=\"n2-ss-slider-3 n2-ow\">\n\n                    <div class=\"n2-ss-slide-backgrounds n2-ow-all\"><div class=\"n2-ss-slide-background\" data-public-id=\"1\" data-mode=\"fill\"><div class=\"n2-ss-slide-background-image\" data-blur=\"0\" data-opacity=\"100\" data-x=\"50\" data-y=\"50\" data-alt=\"Ausstellungsansicht &quot;Curated by... Erhard Witzel&quot;, Galerie Renate Bender 2020\" data-title=\"\"><picture class=\"skip-lazy\" data-skip-lazy=\"1\"><img decoding=\"async\" src=\"\/\/www.galerie-bender.de\/wp-content\/uploads\/2021\/03\/IMG_7040-Kopie.jpg\" alt=\"Ausstellungsansicht &quot;Curated by... Erhard Witzel&quot;, Galerie Renate Bender 2020\" title=\"\" loading=\"lazy\" class=\"skip-lazy\" data-skip-lazy=\"1\"><\/picture><\/div><div data-color=\"RGBA(255,255,255,0)\" style=\"background-color: RGBA(255,255,255,0);\" class=\"n2-ss-slide-background-color\"><\/div><\/div><div class=\"n2-ss-slide-background\" data-public-id=\"2\" data-mode=\"fill\" aria-hidden=\"true\"><div class=\"n2-ss-slide-background-image\" data-blur=\"0\" data-opacity=\"100\" data-x=\"50\" data-y=\"50\" data-alt=\"Ausstellungsansicht &quot;Curated by... Erhard Witzel&quot;, Galerie Renate Bender 2020\" data-title=\"\"><picture class=\"skip-lazy\" data-skip-lazy=\"1\"><img decoding=\"async\" src=\"\/\/www.galerie-bender.de\/wp-content\/uploads\/2021\/03\/IMG_7041.jpg\" alt=\"Ausstellungsansicht &quot;Curated by... Erhard Witzel&quot;, Galerie Renate Bender 2020\" title=\"\" loading=\"lazy\" class=\"skip-lazy\" data-skip-lazy=\"1\"><\/picture><\/div><div data-color=\"RGBA(255,255,255,0)\" style=\"background-color: RGBA(255,255,255,0);\" class=\"n2-ss-slide-background-color\"><\/div><\/div><div class=\"n2-ss-slide-background\" data-public-id=\"3\" data-mode=\"fill\" aria-hidden=\"true\"><div class=\"n2-ss-slide-background-image\" data-blur=\"0\" data-opacity=\"100\" data-x=\"50\" data-y=\"50\" data-alt=\"Ausstellungsansicht &quot;Curated by... Erhard Witzel&quot;, Galerie Renate Bender 2020\" data-title=\"\"><picture class=\"skip-lazy\" data-skip-lazy=\"1\"><img decoding=\"async\" src=\"\/\/www.galerie-bender.de\/wp-content\/uploads\/2021\/03\/DSC_4205.jpg\" alt=\"Ausstellungsansicht &quot;Curated by... Erhard Witzel&quot;, Galerie Renate Bender 2020\" title=\"\" loading=\"lazy\" class=\"skip-lazy\" data-skip-lazy=\"1\"><\/picture><\/div><div data-color=\"RGBA(255,255,255,0)\" style=\"background-color: RGBA(255,255,255,0);\" class=\"n2-ss-slide-background-color\"><\/div><\/div><div class=\"n2-ss-slide-background\" data-public-id=\"4\" data-mode=\"fill\" aria-hidden=\"true\"><div class=\"n2-ss-slide-background-image\" data-blur=\"0\" data-opacity=\"100\" data-x=\"50\" data-y=\"50\" data-alt=\"Ausstellungsansicht &quot;Curated by... Erhard Witzel&quot;, Galerie Renate Bender 2020\" data-title=\"\"><picture class=\"skip-lazy\" data-skip-lazy=\"1\"><img decoding=\"async\" src=\"\/\/www.galerie-bender.de\/wp-content\/uploads\/2021\/03\/DSC_4207_bearb.jpg\" alt=\"Ausstellungsansicht &quot;Curated by... Erhard Witzel&quot;, Galerie Renate Bender 2020\" title=\"\" loading=\"lazy\" class=\"skip-lazy\" data-skip-lazy=\"1\"><\/picture><\/div><div data-color=\"RGBA(255,255,255,0)\" style=\"background-color: RGBA(255,255,255,0);\" class=\"n2-ss-slide-background-color\"><\/div><\/div><div class=\"n2-ss-slide-background\" data-public-id=\"5\" data-mode=\"fill\" aria-hidden=\"true\"><div class=\"n2-ss-slide-background-image\" data-blur=\"0\" data-opacity=\"100\" data-x=\"50\" data-y=\"50\" data-alt=\"Ausstellungsansicht &quot;Curated by... Erhard Witzel&quot;, Galerie Renate Bender 2020\" data-title=\"\"><picture class=\"skip-lazy\" data-skip-lazy=\"1\"><img decoding=\"async\" src=\"\/\/www.galerie-bender.de\/wp-content\/uploads\/2021\/03\/IMG_7038.jpg\" alt=\"Ausstellungsansicht &quot;Curated by... Erhard Witzel&quot;, Galerie Renate Bender 2020\" title=\"\" loading=\"lazy\" class=\"skip-lazy\" data-skip-lazy=\"1\"><\/picture><\/div><div data-color=\"RGBA(255,255,255,0)\" style=\"background-color: RGBA(255,255,255,0);\" class=\"n2-ss-slide-background-color\"><\/div><\/div><div class=\"n2-ss-slide-background\" data-public-id=\"6\" data-mode=\"fill\" aria-hidden=\"true\"><div class=\"n2-ss-slide-background-image\" data-blur=\"0\" data-opacity=\"100\" data-x=\"50\" data-y=\"50\" data-alt=\"Ausstellungsansicht &quot;Curated by... Erhard Witzel&quot;, Galerie Renate Bender 2020\" data-title=\"\"><picture class=\"skip-lazy\" data-skip-lazy=\"1\"><img decoding=\"async\" src=\"\/\/www.galerie-bender.de\/wp-content\/uploads\/2021\/03\/DSC_4221.jpg\" alt=\"Ausstellungsansicht &quot;Curated by... Erhard Witzel&quot;, Galerie Renate Bender 2020\" title=\"\" loading=\"lazy\" class=\"skip-lazy\" data-skip-lazy=\"1\"><\/picture><\/div><div data-color=\"RGBA(255,255,255,0)\" style=\"background-color: RGBA(255,255,255,0);\" class=\"n2-ss-slide-background-color\"><\/div><\/div><div class=\"n2-ss-slide-background\" data-public-id=\"7\" data-mode=\"fill\" aria-hidden=\"true\"><div class=\"n2-ss-slide-background-image\" data-blur=\"0\" data-opacity=\"100\" data-x=\"50\" data-y=\"50\" data-alt=\"Ausstellungsansicht &quot;Curated by... Erhard Witzel&quot;, Galerie Renate Bender 2020\" data-title=\"\"><picture class=\"skip-lazy\" data-skip-lazy=\"1\"><img decoding=\"async\" src=\"\/\/www.galerie-bender.de\/wp-content\/uploads\/2021\/03\/DSC_4231.jpg\" alt=\"Ausstellungsansicht &quot;Curated by... Erhard Witzel&quot;, Galerie Renate Bender 2020\" title=\"\" loading=\"lazy\" class=\"skip-lazy\" data-skip-lazy=\"1\"><\/picture><\/div><div data-color=\"RGBA(255,255,255,0)\" style=\"background-color: RGBA(255,255,255,0);\" class=\"n2-ss-slide-background-color\"><\/div><\/div><div class=\"n2-ss-slide-background\" data-public-id=\"8\" data-mode=\"fill\" aria-hidden=\"true\"><div class=\"n2-ss-slide-background-image\" data-blur=\"0\" data-opacity=\"100\" data-x=\"50\" data-y=\"50\" data-alt=\"Ausstellungsansicht &quot;Curated by... Erhard Witzel&quot;, Galerie Renate Bender 2020\" data-title=\"\"><picture class=\"skip-lazy\" data-skip-lazy=\"1\"><img decoding=\"async\" src=\"\/\/www.galerie-bender.de\/wp-content\/uploads\/2021\/03\/DSC_4223.jpg\" alt=\"Ausstellungsansicht &quot;Curated by... Erhard Witzel&quot;, Galerie Renate Bender 2020\" title=\"\" loading=\"lazy\" class=\"skip-lazy\" data-skip-lazy=\"1\"><\/picture><\/div><div data-color=\"RGBA(255,255,255,0)\" style=\"background-color: RGBA(255,255,255,0);\" class=\"n2-ss-slide-background-color\"><\/div><\/div><\/div>                    <div class=\"n2-ss-slider-4 n2-ow\">\n                        <svg xmlns=\"http:\/\/www.w3.org\/2000\/svg\" viewBox=\"0 0 1920 800\" data-related-device=\"desktopPortrait\" class=\"n2-ow n2-ss-preserve-size n2-ss-preserve-size--slider n2-ss-slide-limiter\"><\/svg><div data-first=\"1\" data-slide-duration=\"0\" data-id=\"660\" data-slide-public-id=\"1\" data-title=\"Ausstellungsansicht &quot;Curated by... Erhard Witzel&quot;, Galerie Renate Bender 2020\" class=\"n2-ss-slide n2-ow  n2-ss-slide-660\"><div role=\"note\" class=\"n2-ss-slide--focus\" tabindex=\"-1\">Ausstellungsansicht &#8222;Curated by&#8230; Erhard Witzel&#8220;, Galerie Renate Bender 2020<\/div><div class=\"n2-ss-layers-container n2-ss-slide-limiter n2-ow\"><div class=\"n2-ss-layer n2-ow n-uc-dOqxxBSQSZA3\" data-sstype=\"slide\" data-pm=\"default\"><\/div><\/div><\/div><div data-slide-duration=\"0\" data-id=\"643\" data-slide-public-id=\"2\" aria-hidden=\"true\" data-title=\"Ausstellungsansicht &quot;Curated by... Erhard Witzel&quot;, Galerie Renate Bender 2020\" class=\"n2-ss-slide n2-ow  n2-ss-slide-643\"><div role=\"note\" class=\"n2-ss-slide--focus\" tabindex=\"-1\">Ausstellungsansicht &#8222;Curated by&#8230; Erhard Witzel&#8220;, Galerie Renate Bender 2020<\/div><div class=\"n2-ss-layers-container n2-ss-slide-limiter n2-ow\"><div class=\"n2-ss-layer n2-ow n-uc-jraNY2VcJu8D\" data-sstype=\"slide\" data-pm=\"default\"><\/div><\/div><\/div><div data-slide-duration=\"0\" data-id=\"666\" data-slide-public-id=\"3\" aria-hidden=\"true\" data-title=\"Ausstellungsansicht &quot;Curated by... Erhard Witzel&quot;, Galerie Renate Bender 2020\" class=\"n2-ss-slide n2-ow  n2-ss-slide-666\"><div role=\"note\" class=\"n2-ss-slide--focus\" tabindex=\"-1\">Ausstellungsansicht &#8222;Curated by&#8230; Erhard Witzel&#8220;, Galerie Renate Bender 2020<\/div><div class=\"n2-ss-layers-container n2-ss-slide-limiter n2-ow\"><div class=\"n2-ss-layer n2-ow n-uc-S8EXW0vFaXK7\" data-sstype=\"slide\" data-pm=\"default\"><\/div><\/div><\/div><div data-slide-duration=\"0\" data-id=\"649\" data-slide-public-id=\"4\" aria-hidden=\"true\" data-title=\"Ausstellungsansicht &quot;Curated by... Erhard Witzel&quot;, Galerie Renate Bender 2020\" class=\"n2-ss-slide n2-ow  n2-ss-slide-649\"><div role=\"note\" class=\"n2-ss-slide--focus\" tabindex=\"-1\">Ausstellungsansicht &#8222;Curated by&#8230; Erhard Witzel&#8220;, Galerie Renate Bender 2020<\/div><div class=\"n2-ss-layers-container n2-ss-slide-limiter n2-ow\"><div class=\"n2-ss-layer n2-ow n-uc-lkPJVPIDgqSs\" data-sstype=\"slide\" data-pm=\"default\"><\/div><\/div><\/div><div data-slide-duration=\"0\" data-id=\"645\" data-slide-public-id=\"5\" aria-hidden=\"true\" data-title=\"Ausstellungsansicht &quot;Curated by... Erhard Witzel&quot;, Galerie Renate Bender 2020\" class=\"n2-ss-slide n2-ow  n2-ss-slide-645\"><div role=\"note\" class=\"n2-ss-slide--focus\" tabindex=\"-1\">Ausstellungsansicht &#8222;Curated by&#8230; Erhard Witzel&#8220;, Galerie Renate Bender 2020<\/div><div class=\"n2-ss-layers-container n2-ss-slide-limiter n2-ow\"><div class=\"n2-ss-layer n2-ow n-uc-oOzwFo9ARj76\" data-sstype=\"slide\" data-pm=\"default\"><\/div><\/div><\/div><div data-slide-duration=\"0\" data-id=\"648\" data-slide-public-id=\"6\" aria-hidden=\"true\" data-title=\"Ausstellungsansicht &quot;Curated by... Erhard Witzel&quot;, Galerie Renate Bender 2020\" class=\"n2-ss-slide n2-ow  n2-ss-slide-648\"><div role=\"note\" class=\"n2-ss-slide--focus\" tabindex=\"-1\">Ausstellungsansicht &#8222;Curated by&#8230; Erhard Witzel&#8220;, Galerie Renate Bender 2020<\/div><div class=\"n2-ss-layers-container n2-ss-slide-limiter n2-ow\"><div class=\"n2-ss-layer n2-ow n-uc-eL29tdf3Fj1B\" data-sstype=\"slide\" data-pm=\"default\"><\/div><\/div><\/div><div data-slide-duration=\"0\" data-id=\"662\" data-slide-public-id=\"7\" aria-hidden=\"true\" data-title=\"Ausstellungsansicht &quot;Curated by... Erhard Witzel&quot;, Galerie Renate Bender 2020\" class=\"n2-ss-slide n2-ow  n2-ss-slide-662\"><div role=\"note\" class=\"n2-ss-slide--focus\" tabindex=\"-1\">Ausstellungsansicht &#8222;Curated by&#8230; Erhard Witzel&#8220;, Galerie Renate Bender 2020<\/div><div class=\"n2-ss-layers-container n2-ss-slide-limiter n2-ow\"><div class=\"n2-ss-layer n2-ow n-uc-cQB5T1GN2Y3h\" data-sstype=\"slide\" data-pm=\"default\"><\/div><\/div><\/div><div data-slide-duration=\"0\" data-id=\"663\" data-slide-public-id=\"8\" aria-hidden=\"true\" data-title=\"Ausstellungsansicht &quot;Curated by... Erhard Witzel&quot;, Galerie Renate Bender 2020\" class=\"n2-ss-slide n2-ow  n2-ss-slide-663\"><div role=\"note\" class=\"n2-ss-slide--focus\" tabindex=\"-1\">Ausstellungsansicht &#8222;Curated by&#8230; Erhard Witzel&#8220;, Galerie Renate Bender 2020<\/div><div class=\"n2-ss-layers-container n2-ss-slide-limiter n2-ow\"><div class=\"n2-ss-layer n2-ow n-uc-Cv3sVD5vwdCG\" data-sstype=\"slide\" data-pm=\"default\"><\/div><\/div><\/div>                    <\/div>\n\n                                    <\/div>\n            <\/div>\n        <\/div>\n        <div class=\"n2-ss-slider-controls n2-ss-slider-controls-absolute-left-center\"><div style=\"--widget-offset:15px;\" class=\"n2-ss-widget nextend-arrow n2-ow-all nextend-arrow-previous  nextend-arrow-animated-fade\" data-hide-mobileportrait=\"1\" id=\"n2-ss-59-arrow-previous\" role=\"button\" aria-label=\"previous arrow\" tabindex=\"0\"><img loading=\"lazy\" decoding=\"async\" width=\"32\" height=\"32\" class=\"n2-arrow-normal-img skip-lazy\" data-skip-lazy=\"1\" src=\"data:image\/svg+xml;base64,PHN2ZyB3aWR0aD0iMzIiIGhlaWdodD0iMzIiIHZpZXdCb3g9IjAgMCAzMiAzMiIgeG1sbnM9Imh0dHA6Ly93d3cudzMub3JnLzIwMDAvc3ZnIj4KICAgIDxwYXRoIGQ9Ik0xMS40MzMgMTUuOTkyTDIyLjY5IDUuNzEyYy4zOTMtLjM5LjM5My0xLjAzIDAtMS40Mi0uMzkzLS4zOS0xLjAzLS4zOS0xLjQyMyAwbC0xMS45OCAxMC45NGMtLjIxLjIxLS4zLjQ5LS4yODUuNzYtLjAxNS4yOC4wNzUuNTYuMjg0Ljc3bDExLjk4IDEwLjk0Yy4zOTMuMzkgMS4wMy4zOSAxLjQyNCAwIC4zOTMtLjQuMzkzLTEuMDMgMC0xLjQybC0xMS4yNTctMTAuMjkiCiAgICAgICAgICBmaWxsPSIjY2VkM2Q1IiBvcGFjaXR5PSIxIiBmaWxsLXJ1bGU9ImV2ZW5vZGQiLz4KPC9zdmc+\" alt=\"previous arrow\"><img loading=\"lazy\" decoding=\"async\" width=\"32\" height=\"32\" class=\"n2-arrow-hover-img skip-lazy\" data-skip-lazy=\"1\" src=\"data:image\/svg+xml;base64,PHN2ZyB3aWR0aD0iMzIiIGhlaWdodD0iMzIiIHZpZXdCb3g9IjAgMCAzMiAzMiIgeG1sbnM9Imh0dHA6Ly93d3cudzMub3JnLzIwMDAvc3ZnIj4KICAgIDxwYXRoIGQ9Ik0xMS40MzMgMTUuOTkyTDIyLjY5IDUuNzEyYy4zOTMtLjM5LjM5My0xLjAzIDAtMS40Mi0uMzkzLS4zOS0xLjAzLS4zOS0xLjQyMyAwbC0xMS45OCAxMC45NGMtLjIxLjIxLS4zLjQ5LS4yODUuNzYtLjAxNS4yOC4wNzUuNTYuMjg0Ljc3bDExLjk4IDEwLjk0Yy4zOTMuMzkgMS4wMy4zOSAxLjQyNCAwIC4zOTMtLjQuMzkzLTEuMDMgMC0xLjQybC0xMS4yNTctMTAuMjkiCiAgICAgICAgICBmaWxsPSIjMDAwMDAwIiBvcGFjaXR5PSIxIiBmaWxsLXJ1bGU9ImV2ZW5vZGQiLz4KPC9zdmc+\" alt=\"previous arrow\"><\/div><\/div><div class=\"n2-ss-slider-controls n2-ss-slider-controls-absolute-right-center\"><div style=\"--widget-offset:15px;\" class=\"n2-ss-widget nextend-arrow n2-ow-all nextend-arrow-next  nextend-arrow-animated-fade\" data-hide-mobileportrait=\"1\" id=\"n2-ss-59-arrow-next\" role=\"button\" aria-label=\"next arrow\" tabindex=\"0\"><img loading=\"lazy\" decoding=\"async\" width=\"32\" height=\"32\" class=\"n2-arrow-normal-img skip-lazy\" data-skip-lazy=\"1\" src=\"data:image\/svg+xml;base64,PHN2ZyB3aWR0aD0iMzIiIGhlaWdodD0iMzIiIHZpZXdCb3g9IjAgMCAzMiAzMiIgeG1sbnM9Imh0dHA6Ly93d3cudzMub3JnLzIwMDAvc3ZnIj4KICAgIDxwYXRoIGQ9Ik0xMC43MjIgNC4yOTNjLS4zOTQtLjM5LTEuMDMyLS4zOS0xLjQyNyAwLS4zOTMuMzktLjM5MyAxLjAzIDAgMS40MmwxMS4yODMgMTAuMjgtMTEuMjgzIDEwLjI5Yy0uMzkzLjM5LS4zOTMgMS4wMiAwIDEuNDIuMzk1LjM5IDEuMDMzLjM5IDEuNDI3IDBsMTIuMDA3LTEwLjk0Yy4yMS0uMjEuMy0uNDkuMjg0LS43Ny4wMTQtLjI3LS4wNzYtLjU1LS4yODYtLjc2TDEwLjcyIDQuMjkzeiIKICAgICAgICAgIGZpbGw9IiNjZWQzZDUiIG9wYWNpdHk9IjEiIGZpbGwtcnVsZT0iZXZlbm9kZCIvPgo8L3N2Zz4=\" alt=\"next arrow\"><img loading=\"lazy\" decoding=\"async\" width=\"32\" height=\"32\" class=\"n2-arrow-hover-img skip-lazy\" data-skip-lazy=\"1\" src=\"data:image\/svg+xml;base64,PHN2ZyB3aWR0aD0iMzIiIGhlaWdodD0iMzIiIHZpZXdCb3g9IjAgMCAzMiAzMiIgeG1sbnM9Imh0dHA6Ly93d3cudzMub3JnLzIwMDAvc3ZnIj4KICAgIDxwYXRoIGQ9Ik0xMC43MjIgNC4yOTNjLS4zOTQtLjM5LTEuMDMyLS4zOS0xLjQyNyAwLS4zOTMuMzktLjM5MyAxLjAzIDAgMS40MmwxMS4yODMgMTAuMjgtMTEuMjgzIDEwLjI5Yy0uMzkzLjM5LS4zOTMgMS4wMiAwIDEuNDIuMzk1LjM5IDEuMDMzLjM5IDEuNDI3IDBsMTIuMDA3LTEwLjk0Yy4yMS0uMjEuMy0uNDkuMjg0LS43Ny4wMTQtLjI3LS4wNzYtLjU1LS4yODYtLjc2TDEwLjcyIDQuMjkzeiIKICAgICAgICAgIGZpbGw9IiMwMDAwMDAiIG9wYWNpdHk9IjEiIGZpbGwtcnVsZT0iZXZlbm9kZCIvPgo8L3N2Zz4=\" alt=\"next arrow\"><\/div><\/div><\/div><div class=\"n2-ss-slider-controls n2-ss-slider-controls-below\"><div class=\"n2-ss-widget nextend-bar nextend-bar-horizontal n2-ss-widget-hidden n2-ow-all\" style=\"text-align: center;width:100%;\"><div class=\"n2-style-820f7b4778ca78a56ddbfeafd970141f-simple \"><span class=\"n2-font-39b5f228affaae595a20733917c8ca6d-simple \">&nbsp;<\/span><\/div><\/div><\/div><\/div><\/div><ss3-loader><\/ss3-loader><\/div><\/div><div class=\"n2_clear\"><\/div><\/div><\/ss3-force-full-width><\/div>\n\n\n<div class=\"wp-block-media-text alignwide has-media-on-the-right is-stacked-on-mobile\" style=\"grid-template-columns:auto 21%\"><figure class=\"wp-block-media-text__media\"><img loading=\"lazy\" decoding=\"async\" width=\"600\" height=\"960\" src=\"https:\/\/www.galerie-bender.de\/wp-content\/uploads\/2021\/03\/Logo-Curated_Witzel_.jpg\" alt=\"\" class=\"wp-image-1094 size-full\" srcset=\"https:\/\/www.galerie-bender.de\/wp-content\/uploads\/2021\/03\/Logo-Curated_Witzel_.jpg 600w, https:\/\/www.galerie-bender.de\/wp-content\/uploads\/2021\/03\/Logo-Curated_Witzel_-188x300.jpg 188w, https:\/\/www.galerie-bender.de\/wp-content\/uploads\/2021\/03\/Logo-Curated_Witzel_-8x12.jpg 8w\" sizes=\"auto, (max-width: 600px) 100vw, 600px\" \/><\/figure><div class=\"wp-block-media-text__content\">\n<p><strong>Curated by\u2026 ein neues Ausstellungsformat<\/strong><\/p>\n\n\n\n<p>K\u00fcnstler aus der Privatsammlung Erhard Witzel und aus dem Programm der Galerie Renate Bender<\/p>\n\n\n\n<p>Thomas Emde \/ Camill Leberer \/ Jan Ulrich Schmidt \/ Uta Belina Waeger \u2013<br>Hellmut Bruch \/ Matt McClune \/ Robert Sagerman \/ Regine Schumann&nbsp;<\/p>\n\n\n\n<p><strong>Ausstellungsdauer vom 13. November bis 19. Dezember 2020<\/strong><\/p>\n<\/div><\/div>\n\n\n\n<p>Unser neues Ausstellungsformat \u201eCurated by\u2026\u201c startet mit unserem Gastkurator Erhard Witzel. Der erfolgreiche Galerist, erfahrene Kunsth\u00e4ndler, passionierte Sammler und ambitionierte Ausstellungsmacher betreibt seit 2009 mit dem QuadrArt in Dornbirn ein Forum f\u00fcr Ausstellungen, Projekte, Vortr\u00e4ge, Diskussionen etc. mit dem Ziel, den anspruchsvollen Dialog \u00fcber zeitgen\u00f6ssische Kunst zu f\u00f6rdern und zu fordern.<br>In der Ausstellung in der Galerie Renate Bender werden K\u00fcnstler aus der Privatsammlung Erhard Witzel und aus dem Programm der Galerie Renate Bender gezeigt.<br><br>Ob nun Sammler*in, Galerist*in, K\u00fcnstler*in oder Ausstellungsmacher*in \u2013 in jeder Kunstsaison laden wir uns ab sofort einen interessanten Gastkurator oder eine Gastkuratorin ein zu einem neuen Blickwinkel auf unser Galerieprogramm. Seit \u00fcber 30 Jahren zeigt die Galerie Renate Bender zeitgen\u00f6ssische Kunst mit der Ausrichtung auf reduzierte Formen der Malerei, Fotografie und Bildhauerei, schwerwiegend im Bereich minimaler, monochromer und konkreter Ausdrucksformen. Der Blick von au\u00dfen auf unser Programm schafft Raum f\u00fcr neue Begegnungen und Konstellationen \u2013 \u00fcber den Tellerrand hinweg und mit viel Lust am Experiment.<\/p>\n\n\n\n<div class=\"wp-block-file\"><a id=\"wp-block-file--media-b768ea78-3fe3-4ffe-a32e-3463e0fe3d78\" href=\"http:\/\/www.galerie-bender.de\/wp-content\/uploads\/2021\/03\/Flyer_curated_by_Witzel_web.pdf\" target=\"_blank\" rel=\"noreferrer noopener\">Flyer zur Ausstellung &#8222;Curated by&#8230; Erhard Witzel&#8220; 2020<\/a><\/div>\n\n\n\n<figure class=\"wp-block-embed is-type-video is-provider-youtube wp-block-embed-youtube wp-embed-aspect-16-9 wp-has-aspect-ratio\"><div class=\"wp-block-embed__wrapper\">\n<iframe loading=\"lazy\" title=\"Curated by... Erhard Witzel\" width=\"580\" height=\"326\" src=\"https:\/\/www.youtube.com\/embed\/uwH6_HSRvTg?feature=oembed\" frameborder=\"0\" allow=\"accelerometer; autoplay; clipboard-write; encrypted-media; gyroscope; picture-in-picture; web-share\" referrerpolicy=\"strict-origin-when-cross-origin\" allowfullscreen><\/iframe>\n<\/div><figcaption>\u201eCurated by\u2026 Erhard Witzel\u201c<br>Galerie Renate Bender, 13.11.-19.12.2020<br>Film von Bernhard Kreutzer<\/figcaption><\/figure>\n<\/div>","protected":false},"excerpt":{"rendered":"<p>Curated by\u2026 ein neues Ausstellungsformat K\u00fcnstler aus der Privatsammlung Erhard Witzel und aus dem Programm der Galerie Renate Bender Thomas Emde \/ Camill Leberer \/ Jan Ulrich Schmidt \/ Uta Belina Waeger \u2013Hellmut Bruch \/ Matt McClune \/ Robert Sagerman \/ Regine Schumann&nbsp; Ausstellungsdauer vom 13. November bis 19. Dezember 2020 Unser neues Ausstellungsformat \u201eCurated [&hellip;]<\/p>\n","protected":false},"author":3,"featured_media":0,"comment_status":"open","ping_status":"open","sticky":false,"template":"","format":"standard","meta":{"_eb_attr":"","_uag_custom_page_level_css":"","footnotes":""},"categories":[39],"tags":[],"class_list":["post-1084","post","type-post","status-publish","format-standard","hentry","category-ausstellungsarchiv"],"acf":[],"uagb_featured_image_src":{"full":false,"thumbnail":false,"medium":false,"medium_large":false,"large":false,"1536x1536":false,"2048x2048":false,"trp-custom-language-flag":false,"square":false,"post-thumbnail":false,"twentytwenty-fullscreen":false},"uagb_author_info":{"display_name":"Renate Bender","author_link":"https:\/\/www.galerie-bender.de\/de\/author\/bender\/"},"uagb_comment_info":0,"uagb_excerpt":"Curated by\u2026 ein neues Ausstellungsformat K\u00fcnstler aus der Privatsammlung Erhard Witzel und aus dem Programm der Galerie Renate Bender Thomas Emde \/ Camill Leberer \/ Jan Ulrich Schmidt \/ Uta Belina Waeger \u2013Hellmut Bruch \/ Matt McClune \/ Robert Sagerman \/ Regine Schumann&nbsp; Ausstellungsdauer vom 13. November bis 19. Dezember 2020 Unser neues Ausstellungsformat \u201eCurated&hellip;","_links":{"self":[{"href":"https:\/\/www.galerie-bender.de\/de\/wp-json\/wp\/v2\/posts\/1084","targetHints":{"allow":["GET"]}}],"collection":[{"href":"https:\/\/www.galerie-bender.de\/de\/wp-json\/wp\/v2\/posts"}],"about":[{"href":"https:\/\/www.galerie-bender.de\/de\/wp-json\/wp\/v2\/types\/post"}],"author":[{"embeddable":true,"href":"https:\/\/www.galerie-bender.de\/de\/wp-json\/wp\/v2\/users\/3"}],"replies":[{"embeddable":true,"href":"https:\/\/www.galerie-bender.de\/de\/wp-json\/wp\/v2\/comments?post=1084"}],"version-history":[{"count":0,"href":"https:\/\/www.galerie-bender.de\/de\/wp-json\/wp\/v2\/posts\/1084\/revisions"}],"wp:attachment":[{"href":"https:\/\/www.galerie-bender.de\/de\/wp-json\/wp\/v2\/media?parent=1084"}],"wp:term":[{"taxonomy":"category","embeddable":true,"href":"https:\/\/www.galerie-bender.de\/de\/wp-json\/wp\/v2\/categories?post=1084"},{"taxonomy":"post_tag","embeddable":true,"href":"https:\/\/www.galerie-bender.de\/de\/wp-json\/wp\/v2\/tags?post=1084"}],"curies":[{"name":"wp","href":"https:\/\/api.w.org\/{rel}","templated":true}]}}