{"id":1244,"date":"2021-03-30T20:10:09","date_gmt":"2021-03-30T19:10:09","guid":{"rendered":"https:\/\/bender.pixxel-network.de\/?p=1244"},"modified":"2021-11-19T14:00:17","modified_gmt":"2021-11-19T13:00:17","slug":"wie-weiss-ist-wissen-die-weisen","status":"publish","type":"post","link":"https:\/\/www.galerie-bender.de\/de\/wie-weiss-ist-wissen-die-weisen\/","title":{"rendered":"wie weiss ist wissen die weisen"},"content":{"rendered":"<div id=\"modal-ready\"><div class=\"n2_clear\"><ss3-force-full-width data-overflow-x=\"body\" data-horizontal-selector=\"body\"><div class=\"n2-section-smartslider fitvidsignore artist_slider n2_clear\" data-ssid=\"76\" tabindex=\"0\" role=\"region\" aria-label=\"Slider\"><div id=\"n2-ss-76-align\" class=\"n2-ss-align\"><div class=\"n2-padding\"><div id=\"n2-ss-76\" data-creator=\"Smart Slider 3\" data-responsive=\"fullwidth\" class=\"n2-ss-slider n2-ow n2-has-hover n2notransition  \">\n\n\n\n\n\n\n\n\n\n\n\n\n\n<div class=\"n2-ss-slider-wrapper-outside\" style=\"grid-template-rows:1fr auto\"><div class=\"n2-ss-slider-wrapper-inside\">\n        <div class=\"n2-ss-slider-1 n2_ss__touch_element n2-ow\">\n            <div class=\"n2-ss-slider-2 n2-ow\">\n                                                <div class=\"n2-ss-slider-3 n2-ow\">\n\n                    <div class=\"n2-ss-slide-backgrounds n2-ow-all\"><div class=\"n2-ss-slide-background\" data-public-id=\"1\" data-mode=\"fill\"><div class=\"n2-ss-slide-background-image\" data-blur=\"0\" data-opacity=\"100\" data-x=\"50\" data-y=\"50\" data-alt=\"Ausstellungsansicht &quot;wie weiss ist wissen die weisen&quot;, Galerie Renate Bender 2019\" data-title=\"\"><picture class=\"skip-lazy\" data-skip-lazy=\"1\"><img decoding=\"async\" src=\"\/\/www.galerie-bender.de\/wp-content\/uploads\/2021\/03\/2_Raumaufnahme_weiss.jpg\" alt=\"Ausstellungsansicht &quot;wie weiss ist wissen die weisen&quot;, Galerie Renate Bender 2019\" title=\"\" loading=\"lazy\" class=\"skip-lazy\" data-skip-lazy=\"1\"><\/picture><\/div><div data-color=\"RGBA(255,255,255,0)\" style=\"background-color: RGBA(255,255,255,0);\" class=\"n2-ss-slide-background-color\"><\/div><\/div><div class=\"n2-ss-slide-background\" data-public-id=\"2\" data-mode=\"fill\" aria-hidden=\"true\"><div class=\"n2-ss-slide-background-image\" data-blur=\"0\" data-opacity=\"100\" data-x=\"50\" data-y=\"50\" data-alt=\"V. l. n. r.: Helmut Dirnaichner, Harald Pompl, Bim Koehler, Inge Dick, Renate Bender, Peter Weber, Till Augustin, Lars Strandh\" data-title=\"\"><picture class=\"skip-lazy\" data-skip-lazy=\"1\"><img decoding=\"async\" src=\"\/\/www.galerie-bender.de\/wp-content\/uploads\/2021\/03\/4_Raumaufnahme_weiss.jpg\" alt=\"V. l. n. r.: Helmut Dirnaichner, Harald Pompl, Bim Koehler, Inge Dick, Renate Bender, Peter Weber, Till Augustin, Lars Strandh\" title=\"\" loading=\"lazy\" class=\"skip-lazy\" data-skip-lazy=\"1\"><\/picture><\/div><div data-color=\"RGBA(255,255,255,0)\" style=\"background-color: RGBA(255,255,255,0);\" class=\"n2-ss-slide-background-color\"><\/div><\/div><div class=\"n2-ss-slide-background\" data-public-id=\"3\" data-mode=\"fill\" aria-hidden=\"true\"><div class=\"n2-ss-slide-background-image\" data-blur=\"0\" data-opacity=\"100\" data-x=\"50\" data-y=\"50\" data-alt=\"Pigmentfl\u00e4schchen wei\u00dfe Kremer-Pigmente\" data-title=\"\"><picture class=\"skip-lazy\" data-skip-lazy=\"1\"><img decoding=\"async\" src=\"\/\/www.galerie-bender.de\/wp-content\/uploads\/2021\/03\/IMG_115_Glaeschen_2.jpg\" alt=\"Pigmentfl\u00e4schchen wei\u00dfe Kremer-Pigmente\" title=\"\" loading=\"lazy\" class=\"skip-lazy\" data-skip-lazy=\"1\"><\/picture><\/div><div data-color=\"RGBA(255,255,255,0)\" style=\"background-color: RGBA(255,255,255,0);\" class=\"n2-ss-slide-background-color\"><\/div><\/div><div class=\"n2-ss-slide-background\" data-public-id=\"4\" data-mode=\"fill\" aria-hidden=\"true\"><div class=\"n2-ss-slide-background-image\" data-blur=\"0\" data-opacity=\"100\" data-x=\"50\" data-y=\"50\" data-alt=\"Bender Talk: Vortrag von Dr. Georg Kremer am 6. April 2019\" data-title=\"\"><picture class=\"skip-lazy\" data-skip-lazy=\"1\"><img decoding=\"async\" src=\"\/\/www.galerie-bender.de\/wp-content\/uploads\/2021\/03\/IMG_6085.jpg\" alt=\"Bender Talk: Vortrag von Dr. Georg Kremer am 6. April 2019\" title=\"\" loading=\"lazy\" class=\"skip-lazy\" data-skip-lazy=\"1\"><\/picture><\/div><div data-color=\"RGBA(255,255,255,0)\" style=\"background-color: RGBA(255,255,255,0);\" class=\"n2-ss-slide-background-color\"><\/div><\/div><div class=\"n2-ss-slide-background\" data-public-id=\"5\" data-mode=\"fill\" aria-hidden=\"true\"><div class=\"n2-ss-slide-background-image\" data-blur=\"0\" data-opacity=\"100\" data-x=\"50\" data-y=\"50\" data-alt=\"Ausstellungsansicht &quot;wie weiss ist wissen die weisen&quot;, Galerie Renate Bender 2019\" data-title=\"\"><picture class=\"skip-lazy\" data-skip-lazy=\"1\"><img decoding=\"async\" src=\"\/\/www.galerie-bender.de\/wp-content\/uploads\/2021\/03\/IMG_1141.jpg\" alt=\"Ausstellungsansicht &quot;wie weiss ist wissen die weisen&quot;, Galerie Renate Bender 2019\" title=\"\" loading=\"lazy\" class=\"skip-lazy\" data-skip-lazy=\"1\"><\/picture><\/div><div data-color=\"RGBA(255,255,255,0)\" style=\"background-color: RGBA(255,255,255,0);\" class=\"n2-ss-slide-background-color\"><\/div><\/div><div class=\"n2-ss-slide-background\" data-public-id=\"6\" data-mode=\"fill\" aria-hidden=\"true\"><div class=\"n2-ss-slide-background-image\" data-blur=\"0\" data-opacity=\"100\" data-x=\"50\" data-y=\"50\" data-alt=\"Ausstellungsansicht &quot;wie weiss ist wissen die weisen&quot;, Galerie Renate Bender 2019\" data-title=\"\"><picture class=\"skip-lazy\" data-skip-lazy=\"1\"><img decoding=\"async\" src=\"\/\/www.galerie-bender.de\/wp-content\/uploads\/2021\/03\/IMG_1068.jpg\" alt=\"Ausstellungsansicht &quot;wie weiss ist wissen die weisen&quot;, Galerie Renate Bender 2019\" title=\"\" loading=\"lazy\" class=\"skip-lazy\" data-skip-lazy=\"1\"><\/picture><\/div><div data-color=\"RGBA(255,255,255,0)\" style=\"background-color: RGBA(255,255,255,0);\" class=\"n2-ss-slide-background-color\"><\/div><\/div><div class=\"n2-ss-slide-background\" data-public-id=\"7\" data-mode=\"fill\" aria-hidden=\"true\"><div class=\"n2-ss-slide-background-image\" data-blur=\"0\" data-opacity=\"100\" data-x=\"50\" data-y=\"50\" data-alt=\"Ausstellungsansicht &quot;wie weiss ist wissen die weisen&quot;, Galerie Renate Bender 2019\" data-title=\"\"><picture class=\"skip-lazy\" data-skip-lazy=\"1\"><img decoding=\"async\" src=\"\/\/www.galerie-bender.de\/wp-content\/uploads\/2021\/03\/IMG_1058.jpg\" alt=\"Ausstellungsansicht &quot;wie weiss ist wissen die weisen&quot;, Galerie Renate Bender 2019\" title=\"\" loading=\"lazy\" class=\"skip-lazy\" data-skip-lazy=\"1\"><\/picture><\/div><div data-color=\"RGBA(255,255,255,0)\" style=\"background-color: RGBA(255,255,255,0);\" class=\"n2-ss-slide-background-color\"><\/div><\/div><div class=\"n2-ss-slide-background\" data-public-id=\"8\" data-mode=\"fill\" aria-hidden=\"true\"><div class=\"n2-ss-slide-background-image\" data-blur=\"0\" data-opacity=\"100\" data-x=\"50\" data-y=\"50\" data-alt=\"Ausstellungsansicht &quot;wie weiss ist wissen die weisen&quot;, Galerie Renate Bender 2019\" data-title=\"\"><picture class=\"skip-lazy\" data-skip-lazy=\"1\"><img decoding=\"async\" src=\"\/\/www.galerie-bender.de\/wp-content\/uploads\/2021\/03\/DSC09730.jpg\" alt=\"Ausstellungsansicht &quot;wie weiss ist wissen die weisen&quot;, Galerie Renate Bender 2019\" title=\"\" loading=\"lazy\" class=\"skip-lazy\" data-skip-lazy=\"1\"><\/picture><\/div><div data-color=\"RGBA(255,255,255,0)\" style=\"background-color: RGBA(255,255,255,0);\" class=\"n2-ss-slide-background-color\"><\/div><\/div><div class=\"n2-ss-slide-background\" data-public-id=\"9\" data-mode=\"fill\" aria-hidden=\"true\"><div class=\"n2-ss-slide-background-image\" data-blur=\"0\" data-opacity=\"100\" data-x=\"50\" data-y=\"50\" data-alt=\"Ausstellungsansicht &quot;wie weiss ist wissen die weisen&quot;, Galerie Renate Bender 2019\" data-title=\"\"><picture class=\"skip-lazy\" data-skip-lazy=\"1\"><img decoding=\"async\" src=\"\/\/www.galerie-bender.de\/wp-content\/uploads\/2021\/03\/DSC09716.jpg\" alt=\"Ausstellungsansicht &quot;wie weiss ist wissen die weisen&quot;, Galerie Renate Bender 2019\" title=\"\" loading=\"lazy\" class=\"skip-lazy\" data-skip-lazy=\"1\"><\/picture><\/div><div data-color=\"RGBA(255,255,255,0)\" style=\"background-color: RGBA(255,255,255,0);\" class=\"n2-ss-slide-background-color\"><\/div><\/div><div class=\"n2-ss-slide-background\" data-public-id=\"10\" data-mode=\"fill\" aria-hidden=\"true\"><div class=\"n2-ss-slide-background-image\" data-blur=\"0\" data-opacity=\"100\" data-x=\"50\" data-y=\"50\" data-alt=\"Ausstellungsansicht &quot;wie weiss ist wissen die weisen&quot;, Galerie Renate Bender 2019\" data-title=\"\"><picture class=\"skip-lazy\" data-skip-lazy=\"1\"><img decoding=\"async\" src=\"\/\/www.galerie-bender.de\/wp-content\/uploads\/2021\/03\/1_Raumaufnahme_weiss.jpg\" alt=\"Ausstellungsansicht &quot;wie weiss ist wissen die weisen&quot;, Galerie Renate Bender 2019\" title=\"\" loading=\"lazy\" class=\"skip-lazy\" data-skip-lazy=\"1\"><\/picture><\/div><div data-color=\"RGBA(255,255,255,0)\" style=\"background-color: RGBA(255,255,255,0);\" class=\"n2-ss-slide-background-color\"><\/div><\/div><\/div>                    <div class=\"n2-ss-slider-4 n2-ow\">\n                        <svg xmlns=\"http:\/\/www.w3.org\/2000\/svg\" viewBox=\"0 0 1920 800\" data-related-device=\"desktopPortrait\" class=\"n2-ow n2-ss-preserve-size n2-ss-preserve-size--slider n2-ss-slide-limiter\"><\/svg><div data-first=\"1\" data-slide-duration=\"0\" data-id=\"1039\" data-slide-public-id=\"1\" data-title=\"Ausstellungsansicht &quot;wie weiss ist wissen die weisen&quot;, Galerie Renate Bender 2019\" class=\"n2-ss-slide n2-ow  n2-ss-slide-1039\"><div role=\"note\" class=\"n2-ss-slide--focus\" tabindex=\"-1\">Ausstellungsansicht &#8222;wie weiss ist wissen die weisen&#8220;, Galerie Renate Bender 2019<\/div><div class=\"n2-ss-layers-container n2-ss-slide-limiter n2-ow\"><div class=\"n2-ss-layer n2-ow n-uc-6KP0laGPnUOR\" data-sstype=\"slide\" data-pm=\"default\"><\/div><\/div><\/div><div data-slide-duration=\"0\" data-id=\"1038\" data-slide-public-id=\"2\" aria-hidden=\"true\" data-title=\"V. l. n. r.: Helmut Dirnaichner, Harald Pompl, Bim Koehler, Inge Dick, Renate Bender, Peter Weber, Till Augustin, Lars Strandh\" class=\"n2-ss-slide n2-ow  n2-ss-slide-1038\"><div role=\"note\" class=\"n2-ss-slide--focus\" tabindex=\"-1\">V. l. n. r.: Helmut Dirnaichner, Harald Pompl, Bim Koehler, Inge Dick, Renate Bender, Peter Weber, Till Augustin, Lars Strandh<\/div><div class=\"n2-ss-layers-container n2-ss-slide-limiter n2-ow\"><div class=\"n2-ss-layer n2-ow n-uc-ohc3mVTRS803\" data-sstype=\"slide\" data-pm=\"default\"><\/div><\/div><\/div><div data-slide-duration=\"0\" data-id=\"1035\" data-slide-public-id=\"3\" aria-hidden=\"true\" data-title=\"Pigmentfl\u00e4schchen wei\u00dfe Kremer-Pigmente\" class=\"n2-ss-slide n2-ow  n2-ss-slide-1035\"><div role=\"note\" class=\"n2-ss-slide--focus\" tabindex=\"-1\">Pigmentfl\u00e4schchen wei\u00dfe Kremer-Pigmente<\/div><div class=\"n2-ss-layers-container n2-ss-slide-limiter n2-ow\"><div class=\"n2-ss-layer n2-ow n-uc-C9EIuzJ9BYcv\" data-sstype=\"slide\" data-pm=\"default\"><\/div><\/div><\/div><div data-slide-duration=\"0\" data-id=\"1031\" data-slide-public-id=\"4\" aria-hidden=\"true\" data-title=\"Bender Talk: Vortrag von Dr. Georg Kremer am 6. April 2019\" class=\"n2-ss-slide n2-ow  n2-ss-slide-1031\"><div role=\"note\" class=\"n2-ss-slide--focus\" tabindex=\"-1\">Bender Talk: Vortrag von Dr. Georg Kremer am 6. April 2019<\/div><div class=\"n2-ss-layers-container n2-ss-slide-limiter n2-ow\"><div class=\"n2-ss-layer n2-ow n-uc-ouiEXvQ5m9Jy\" data-sstype=\"slide\" data-pm=\"default\"><\/div><\/div><\/div><div data-slide-duration=\"0\" data-id=\"1032\" data-slide-public-id=\"5\" aria-hidden=\"true\" data-title=\"Ausstellungsansicht &quot;wie weiss ist wissen die weisen&quot;, Galerie Renate Bender 2019\" class=\"n2-ss-slide n2-ow  n2-ss-slide-1032\"><div role=\"note\" class=\"n2-ss-slide--focus\" tabindex=\"-1\">Ausstellungsansicht &#8222;wie weiss ist wissen die weisen&#8220;, Galerie Renate Bender 2019<\/div><div class=\"n2-ss-layers-container n2-ss-slide-limiter n2-ow\"><div class=\"n2-ss-layer n2-ow n-uc-eDR0bzo3t6b1\" data-sstype=\"slide\" data-pm=\"default\"><\/div><\/div><\/div><div data-slide-duration=\"0\" data-id=\"1033\" data-slide-public-id=\"6\" aria-hidden=\"true\" data-title=\"Ausstellungsansicht &quot;wie weiss ist wissen die weisen&quot;, Galerie Renate Bender 2019\" class=\"n2-ss-slide n2-ow  n2-ss-slide-1033\"><div role=\"note\" class=\"n2-ss-slide--focus\" tabindex=\"-1\">Ausstellungsansicht &#8222;wie weiss ist wissen die weisen&#8220;, Galerie Renate Bender 2019<\/div><div class=\"n2-ss-layers-container n2-ss-slide-limiter n2-ow\"><div class=\"n2-ss-layer n2-ow n-uc-vN6U3safiNGi\" data-sstype=\"slide\" data-pm=\"default\"><\/div><\/div><\/div><div data-slide-duration=\"0\" data-id=\"1034\" data-slide-public-id=\"7\" aria-hidden=\"true\" data-title=\"Ausstellungsansicht &quot;wie weiss ist wissen die weisen&quot;, Galerie Renate Bender 2019\" class=\"n2-ss-slide n2-ow  n2-ss-slide-1034\"><div role=\"note\" class=\"n2-ss-slide--focus\" tabindex=\"-1\">Ausstellungsansicht &#8222;wie weiss ist wissen die weisen&#8220;, Galerie Renate Bender 2019<\/div><div class=\"n2-ss-layers-container n2-ss-slide-limiter n2-ow\"><div class=\"n2-ss-layer n2-ow n-uc-0iDtBl5TFsBZ\" data-sstype=\"slide\" data-pm=\"default\"><\/div><\/div><\/div><div data-slide-duration=\"0\" data-id=\"1036\" data-slide-public-id=\"8\" aria-hidden=\"true\" data-title=\"Ausstellungsansicht &quot;wie weiss ist wissen die weisen&quot;, Galerie Renate Bender 2019\" class=\"n2-ss-slide n2-ow  n2-ss-slide-1036\"><div role=\"note\" class=\"n2-ss-slide--focus\" tabindex=\"-1\">Ausstellungsansicht &#8222;wie weiss ist wissen die weisen&#8220;, Galerie Renate Bender 2019<\/div><div class=\"n2-ss-layers-container n2-ss-slide-limiter n2-ow\"><div class=\"n2-ss-layer n2-ow n-uc-WVlAZlaTwG7V\" data-sstype=\"slide\" data-pm=\"default\"><\/div><\/div><\/div><div data-slide-duration=\"0\" data-id=\"1037\" data-slide-public-id=\"9\" aria-hidden=\"true\" data-title=\"Ausstellungsansicht &quot;wie weiss ist wissen die weisen&quot;, Galerie Renate Bender 2019\" class=\"n2-ss-slide n2-ow  n2-ss-slide-1037\"><div role=\"note\" class=\"n2-ss-slide--focus\" tabindex=\"-1\">Ausstellungsansicht &#8222;wie weiss ist wissen die weisen&#8220;, Galerie Renate Bender 2019<\/div><div class=\"n2-ss-layers-container n2-ss-slide-limiter n2-ow\"><div class=\"n2-ss-layer n2-ow n-uc-0pPrOqg7x0GL\" data-sstype=\"slide\" data-pm=\"default\"><\/div><\/div><\/div><div data-slide-duration=\"0\" data-id=\"1040\" data-slide-public-id=\"10\" aria-hidden=\"true\" data-title=\"Ausstellungsansicht &quot;wie weiss ist wissen die weisen&quot;, Galerie Renate Bender 2019\" class=\"n2-ss-slide n2-ow  n2-ss-slide-1040\"><div role=\"note\" class=\"n2-ss-slide--focus\" tabindex=\"-1\">Ausstellungsansicht &#8222;wie weiss ist wissen die weisen&#8220;, Galerie Renate Bender 2019<\/div><div class=\"n2-ss-layers-container n2-ss-slide-limiter n2-ow\"><div class=\"n2-ss-layer n2-ow n-uc-3KsdYM55Phvv\" data-sstype=\"slide\" data-pm=\"default\"><\/div><\/div><\/div>                    <\/div>\n\n                                    <\/div>\n            <\/div>\n        <\/div>\n        <div class=\"n2-ss-slider-controls n2-ss-slider-controls-absolute-left-center\"><div style=\"--widget-offset:15px;\" class=\"n2-ss-widget nextend-arrow n2-ow-all nextend-arrow-previous  nextend-arrow-animated-fade\" data-hide-mobileportrait=\"1\" id=\"n2-ss-76-arrow-previous\" role=\"button\" aria-label=\"previous arrow\" tabindex=\"0\"><img loading=\"lazy\" decoding=\"async\" width=\"32\" height=\"32\" class=\"n2-arrow-normal-img skip-lazy\" data-skip-lazy=\"1\" src=\"data:image\/svg+xml;base64,PHN2ZyB3aWR0aD0iMzIiIGhlaWdodD0iMzIiIHZpZXdCb3g9IjAgMCAzMiAzMiIgeG1sbnM9Imh0dHA6Ly93d3cudzMub3JnLzIwMDAvc3ZnIj4KICAgIDxwYXRoIGQ9Ik0xMS40MzMgMTUuOTkyTDIyLjY5IDUuNzEyYy4zOTMtLjM5LjM5My0xLjAzIDAtMS40Mi0uMzkzLS4zOS0xLjAzLS4zOS0xLjQyMyAwbC0xMS45OCAxMC45NGMtLjIxLjIxLS4zLjQ5LS4yODUuNzYtLjAxNS4yOC4wNzUuNTYuMjg0Ljc3bDExLjk4IDEwLjk0Yy4zOTMuMzkgMS4wMy4zOSAxLjQyNCAwIC4zOTMtLjQuMzkzLTEuMDMgMC0xLjQybC0xMS4yNTctMTAuMjkiCiAgICAgICAgICBmaWxsPSIjY2VkM2Q1IiBvcGFjaXR5PSIxIiBmaWxsLXJ1bGU9ImV2ZW5vZGQiLz4KPC9zdmc+\" alt=\"previous arrow\"><img loading=\"lazy\" decoding=\"async\" width=\"32\" height=\"32\" class=\"n2-arrow-hover-img skip-lazy\" data-skip-lazy=\"1\" src=\"data:image\/svg+xml;base64,PHN2ZyB3aWR0aD0iMzIiIGhlaWdodD0iMzIiIHZpZXdCb3g9IjAgMCAzMiAzMiIgeG1sbnM9Imh0dHA6Ly93d3cudzMub3JnLzIwMDAvc3ZnIj4KICAgIDxwYXRoIGQ9Ik0xMS40MzMgMTUuOTkyTDIyLjY5IDUuNzEyYy4zOTMtLjM5LjM5My0xLjAzIDAtMS40Mi0uMzkzLS4zOS0xLjAzLS4zOS0xLjQyMyAwbC0xMS45OCAxMC45NGMtLjIxLjIxLS4zLjQ5LS4yODUuNzYtLjAxNS4yOC4wNzUuNTYuMjg0Ljc3bDExLjk4IDEwLjk0Yy4zOTMuMzkgMS4wMy4zOSAxLjQyNCAwIC4zOTMtLjQuMzkzLTEuMDMgMC0xLjQybC0xMS4yNTctMTAuMjkiCiAgICAgICAgICBmaWxsPSIjMDAwMDAwIiBvcGFjaXR5PSIxIiBmaWxsLXJ1bGU9ImV2ZW5vZGQiLz4KPC9zdmc+\" alt=\"previous arrow\"><\/div><\/div><div class=\"n2-ss-slider-controls n2-ss-slider-controls-absolute-right-center\"><div style=\"--widget-offset:15px;\" class=\"n2-ss-widget nextend-arrow n2-ow-all nextend-arrow-next  nextend-arrow-animated-fade\" data-hide-mobileportrait=\"1\" id=\"n2-ss-76-arrow-next\" role=\"button\" aria-label=\"next arrow\" tabindex=\"0\"><img loading=\"lazy\" decoding=\"async\" width=\"32\" height=\"32\" class=\"n2-arrow-normal-img skip-lazy\" data-skip-lazy=\"1\" src=\"data:image\/svg+xml;base64,PHN2ZyB3aWR0aD0iMzIiIGhlaWdodD0iMzIiIHZpZXdCb3g9IjAgMCAzMiAzMiIgeG1sbnM9Imh0dHA6Ly93d3cudzMub3JnLzIwMDAvc3ZnIj4KICAgIDxwYXRoIGQ9Ik0xMC43MjIgNC4yOTNjLS4zOTQtLjM5LTEuMDMyLS4zOS0xLjQyNyAwLS4zOTMuMzktLjM5MyAxLjAzIDAgMS40MmwxMS4yODMgMTAuMjgtMTEuMjgzIDEwLjI5Yy0uMzkzLjM5LS4zOTMgMS4wMiAwIDEuNDIuMzk1LjM5IDEuMDMzLjM5IDEuNDI3IDBsMTIuMDA3LTEwLjk0Yy4yMS0uMjEuMy0uNDkuMjg0LS43Ny4wMTQtLjI3LS4wNzYtLjU1LS4yODYtLjc2TDEwLjcyIDQuMjkzeiIKICAgICAgICAgIGZpbGw9IiNjZWQzZDUiIG9wYWNpdHk9IjEiIGZpbGwtcnVsZT0iZXZlbm9kZCIvPgo8L3N2Zz4=\" alt=\"next arrow\"><img loading=\"lazy\" decoding=\"async\" width=\"32\" height=\"32\" class=\"n2-arrow-hover-img skip-lazy\" data-skip-lazy=\"1\" src=\"data:image\/svg+xml;base64,PHN2ZyB3aWR0aD0iMzIiIGhlaWdodD0iMzIiIHZpZXdCb3g9IjAgMCAzMiAzMiIgeG1sbnM9Imh0dHA6Ly93d3cudzMub3JnLzIwMDAvc3ZnIj4KICAgIDxwYXRoIGQ9Ik0xMC43MjIgNC4yOTNjLS4zOTQtLjM5LTEuMDMyLS4zOS0xLjQyNyAwLS4zOTMuMzktLjM5MyAxLjAzIDAgMS40MmwxMS4yODMgMTAuMjgtMTEuMjgzIDEwLjI5Yy0uMzkzLjM5LS4zOTMgMS4wMiAwIDEuNDIuMzk1LjM5IDEuMDMzLjM5IDEuNDI3IDBsMTIuMDA3LTEwLjk0Yy4yMS0uMjEuMy0uNDkuMjg0LS43Ny4wMTQtLjI3LS4wNzYtLjU1LS4yODYtLjc2TDEwLjcyIDQuMjkzeiIKICAgICAgICAgIGZpbGw9IiMwMDAwMDAiIG9wYWNpdHk9IjEiIGZpbGwtcnVsZT0iZXZlbm9kZCIvPgo8L3N2Zz4=\" alt=\"next arrow\"><\/div><\/div><\/div><div class=\"n2-ss-slider-controls n2-ss-slider-controls-below\"><div class=\"n2-ss-widget nextend-bar nextend-bar-horizontal n2-ss-widget-hidden n2-ow-all\" style=\"text-align: center;width:100%;\"><div class=\"n2-style-820f7b4778ca78a56ddbfeafd970141f-simple \"><span class=\"n2-font-39b5f228affaae595a20733917c8ca6d-simple \">&nbsp;<\/span><\/div><\/div><\/div><\/div><\/div><ss3-loader><\/ss3-loader><\/div><\/div><div class=\"n2_clear\"><\/div><\/div><\/ss3-force-full-width><\/div>\n\n\n<p><strong>wie weiss ist wissen die weisen<\/strong><\/p>\n\n\n\n<p><span><b>Till Augustin, Inge Dick, Helmut Dirnaichner, Alfonso Fratteggiani Bianchi, Rosa M Hessling, Bim Koehler, Maria Lali\u0107 , Matt McClune, Harald Pompl, Robert <\/b><span style=\"font-weight: 600;\">Sagerman<\/span><b>, Regine Schumann, Lars Strandh, Bill Thompson, Peter Weber, Ludwig Wilding\u00a0<\/b><\/span><\/p>\n\n\n\n<p><strong>Ausstellung vom 15. M\u00e4rz bis 11. Mai 2019<\/strong><\/p>\n\n\n\n<p>Vernissage: Donnerstag, 14. M\u00e4rz 2019, 19 bis 21 Uhr<br>Einf\u00fchrungsrede: Dr. Tobias Hoffmann, Berlin<br>Matin\u00e9e: Samstag, 16. M\u00e4rz 2019, 12 bis 16 Uhr<\/p>\n\n\n\n<p>Bender Talk: Vortrag mit Dr. Georg Kremer am Samstag, 6. April um 14 Uhr<\/p>\n\n\n\n<p>Mit der Ausstellung \u201ewie weiss ist wissen die weisen\u201c, Zitat eines Gedichtes von Eugen Gomringer, nehmen wir ein Ausstellungsthema wieder auf, welches schon im Jahr 1999 in unserer damaligen Galerie in der Hohenzollernstra\u00dfe auf gro\u00dfes Interesse stie\u00df. Das Thema \u201eweiss\u201c wurde gerade in den letzten Jahren in vielen Museumsausstellungen aufgegriffen um aufzuzeigen, wie unterschiedlich K\u00fcnstler*Innen an die Farbe Wei\u00df mit ihren k\u00fcnstlerischen Mitteln herangehen. Dies hat uns veranlasst ein \u201ereloaded\u201c nach 20 Jahren zu konzipieren mit 15 unterschiedlichsten Positionen.<\/p>\n\n\n\n<div class=\"wp-block-file\"><a href=\"http:\/\/www.galerie-bender.de\/wp-content\/uploads\/2021\/02\/Flyer_weiss_2019_web-2.pdf\" target=\"_blank\" rel=\"noreferrer noopener\">Flyer zur Ausstellung &#8222;wie weiss ist wissen die weisen&#8220; 2019<\/a><\/div>\n\n\n\n<div class=\"wp-block-file\"><a href=\"https:\/\/www.galerie-bender.de\/wp-content\/uploads\/2021\/03\/Einladungskarte-Bender-Talk-weiss_web.pdf\" target=\"_blank\" rel=\"noreferrer noopener\">Einladungskarte Bender Talk 2019<\/a><\/div>\n<\/div>","protected":false},"excerpt":{"rendered":"<p>wie weiss ist wissen die weisen Till Augustin, Inge Dick, Helmut Dirnaichner, Alfonso Fratteggiani Bianchi, Rosa M Hessling, Bim Koehler, Maria Lali\u0107 , Matt McClune, Harald Pompl, Robert Sagerman, Regine Schumann, Lars Strandh, Bill Thompson, Peter Weber, Ludwig Wilding\u00a0 Ausstellung vom 15. M\u00e4rz bis 11. Mai 2019 Vernissage: Donnerstag, 14. M\u00e4rz 2019, 19 bis 21 [&hellip;]<\/p>\n","protected":false},"author":3,"featured_media":0,"comment_status":"open","ping_status":"open","sticky":false,"template":"","format":"standard","meta":{"_eb_attr":"","_uag_custom_page_level_css":"","footnotes":""},"categories":[39],"tags":[],"class_list":["post-1244","post","type-post","status-publish","format-standard","hentry","category-ausstellungsarchiv"],"acf":[],"uagb_featured_image_src":{"full":false,"thumbnail":false,"medium":false,"medium_large":false,"large":false,"1536x1536":false,"2048x2048":false,"trp-custom-language-flag":false,"square":false,"post-thumbnail":false,"twentytwenty-fullscreen":false},"uagb_author_info":{"display_name":"Renate Bender","author_link":"https:\/\/www.galerie-bender.de\/de\/author\/bender\/"},"uagb_comment_info":0,"uagb_excerpt":"wie weiss ist wissen die weisen Till Augustin, Inge Dick, Helmut Dirnaichner, Alfonso Fratteggiani Bianchi, Rosa M Hessling, Bim Koehler, Maria Lali\u0107 , Matt McClune, Harald Pompl, Robert Sagerman, Regine Schumann, Lars Strandh, Bill Thompson, Peter Weber, Ludwig Wilding\u00a0 Ausstellung vom 15. M\u00e4rz bis 11. Mai 2019 Vernissage: Donnerstag, 14. M\u00e4rz 2019, 19 bis 21&hellip;","_links":{"self":[{"href":"https:\/\/www.galerie-bender.de\/de\/wp-json\/wp\/v2\/posts\/1244","targetHints":{"allow":["GET"]}}],"collection":[{"href":"https:\/\/www.galerie-bender.de\/de\/wp-json\/wp\/v2\/posts"}],"about":[{"href":"https:\/\/www.galerie-bender.de\/de\/wp-json\/wp\/v2\/types\/post"}],"author":[{"embeddable":true,"href":"https:\/\/www.galerie-bender.de\/de\/wp-json\/wp\/v2\/users\/3"}],"replies":[{"embeddable":true,"href":"https:\/\/www.galerie-bender.de\/de\/wp-json\/wp\/v2\/comments?post=1244"}],"version-history":[{"count":0,"href":"https:\/\/www.galerie-bender.de\/de\/wp-json\/wp\/v2\/posts\/1244\/revisions"}],"wp:attachment":[{"href":"https:\/\/www.galerie-bender.de\/de\/wp-json\/wp\/v2\/media?parent=1244"}],"wp:term":[{"taxonomy":"category","embeddable":true,"href":"https:\/\/www.galerie-bender.de\/de\/wp-json\/wp\/v2\/categories?post=1244"},{"taxonomy":"post_tag","embeddable":true,"href":"https:\/\/www.galerie-bender.de\/de\/wp-json\/wp\/v2\/tags?post=1244"}],"curies":[{"name":"wp","href":"https:\/\/api.w.org\/{rel}","templated":true}]}}