{"id":1487,"date":"2021-07-28T16:03:08","date_gmt":"2021-07-28T15:03:08","guid":{"rendered":"https:\/\/bender.pixxel-network.de\/?p=1487"},"modified":"2021-07-28T16:09:39","modified_gmt":"2021-07-28T15:09:39","slug":"look-into-it","status":"publish","type":"post","link":"https:\/\/www.galerie-bender.de\/de\/look-into-it\/","title":{"rendered":"look into it. Regine Schumann"},"content":{"rendered":"<div id=\"modal-ready\"><div class=\"n2_clear\"><ss3-force-full-width data-overflow-x=\"body\" data-horizontal-selector=\"body\"><div class=\"n2-section-smartslider fitvidsignore artist_slider n2_clear\" data-ssid=\"113\" tabindex=\"0\" role=\"region\" aria-label=\"Slider\"><div id=\"n2-ss-113-align\" class=\"n2-ss-align\"><div class=\"n2-padding\"><div id=\"n2-ss-113\" data-creator=\"Smart Slider 3\" data-responsive=\"fullwidth\" class=\"n2-ss-slider n2-ow n2-has-hover n2notransition  \">\n\n\n\n\n\n\n\n\n\n\n\n\n\n<div class=\"n2-ss-slider-wrapper-outside\" style=\"grid-template-rows:1fr auto\"><div class=\"n2-ss-slider-wrapper-inside\">\n        <div class=\"n2-ss-slider-1 n2_ss__touch_element n2-ow\">\n            <div class=\"n2-ss-slider-2 n2-ow\">\n                                                <div class=\"n2-ss-slider-3 n2-ow\">\n\n                    <div class=\"n2-ss-slide-backgrounds n2-ow-all\"><div class=\"n2-ss-slide-background\" data-public-id=\"1\" data-mode=\"fill\"><div class=\"n2-ss-slide-background-image\" data-blur=\"0\" data-opacity=\"100\" data-x=\"50\" data-y=\"50\" data-alt=\"Ausstellungsansicht &quot;look into it. Regine Schumann&quot;, Galerie Renate Bender 2014\" data-title=\"\"><picture class=\"skip-lazy\" data-skip-lazy=\"1\"><img decoding=\"async\" src=\"\/\/www.galerie-bender.de\/wp-content\/uploads\/2021\/07\/20141105-Schumann-72a.jpg\" alt=\"Ausstellungsansicht &quot;look into it. Regine Schumann&quot;, Galerie Renate Bender 2014\" title=\"\" loading=\"lazy\" class=\"skip-lazy\" data-skip-lazy=\"1\"><\/picture><\/div><div data-color=\"RGBA(255,255,255,0)\" style=\"background-color: RGBA(255,255,255,0);\" class=\"n2-ss-slide-background-color\"><\/div><\/div><div class=\"n2-ss-slide-background\" data-public-id=\"2\" data-mode=\"fill\" aria-hidden=\"true\"><div class=\"n2-ss-slide-background-image\" data-blur=\"0\" data-opacity=\"100\" data-x=\"50\" data-y=\"50\" data-alt=\"Ausstellungsansicht &quot;look into it. Regine Schumann&quot;, Galerie Renate Bender 2014\" data-title=\"\"><picture class=\"skip-lazy\" data-skip-lazy=\"1\"><img decoding=\"async\" src=\"\/\/www.galerie-bender.de\/wp-content\/uploads\/2021\/07\/IMG_5423.jpg\" alt=\"Ausstellungsansicht &quot;look into it. Regine Schumann&quot;, Galerie Renate Bender 2014\" title=\"\" loading=\"lazy\" class=\"skip-lazy\" data-skip-lazy=\"1\"><\/picture><\/div><div data-color=\"RGBA(255,255,255,0)\" style=\"background-color: RGBA(255,255,255,0);\" class=\"n2-ss-slide-background-color\"><\/div><\/div><div class=\"n2-ss-slide-background\" data-public-id=\"3\" data-mode=\"fill\" aria-hidden=\"true\"><div class=\"n2-ss-slide-background-image\" data-blur=\"0\" data-opacity=\"100\" data-x=\"50\" data-y=\"50\" data-alt=\"Ausstellungsansicht &quot;look into it. Regine Schumann&quot;, Galerie Renate Bender 2014\" data-title=\"\"><picture class=\"skip-lazy\" data-skip-lazy=\"1\"><img decoding=\"async\" src=\"\/\/www.galerie-bender.de\/wp-content\/uploads\/2021\/07\/DSC01631.jpg\" alt=\"Ausstellungsansicht &quot;look into it. Regine Schumann&quot;, Galerie Renate Bender 2014\" title=\"\" loading=\"lazy\" class=\"skip-lazy\" data-skip-lazy=\"1\"><\/picture><\/div><div data-color=\"RGBA(255,255,255,0)\" style=\"background-color: RGBA(255,255,255,0);\" class=\"n2-ss-slide-background-color\"><\/div><\/div><div class=\"n2-ss-slide-background\" data-public-id=\"4\" data-mode=\"fill\" aria-hidden=\"true\"><div class=\"n2-ss-slide-background-image\" data-blur=\"0\" data-opacity=\"100\" data-x=\"50\" data-y=\"50\" data-alt=\"Ausstellungsansicht &quot;look into it. Regine Schumann&quot;, Galerie Renate Bender 2014\" data-title=\"\"><picture class=\"skip-lazy\" data-skip-lazy=\"1\"><img decoding=\"async\" src=\"\/\/www.galerie-bender.de\/wp-content\/uploads\/2021\/07\/IMG_5421.jpg\" alt=\"Ausstellungsansicht &quot;look into it. Regine Schumann&quot;, Galerie Renate Bender 2014\" title=\"\" loading=\"lazy\" class=\"skip-lazy\" data-skip-lazy=\"1\"><\/picture><\/div><div data-color=\"RGBA(255,255,255,0)\" style=\"background-color: RGBA(255,255,255,0);\" class=\"n2-ss-slide-background-color\"><\/div><\/div><div class=\"n2-ss-slide-background\" data-public-id=\"5\" data-mode=\"fill\" aria-hidden=\"true\"><div class=\"n2-ss-slide-background-image\" data-blur=\"0\" data-opacity=\"100\" data-x=\"50\" data-y=\"50\" data-alt=\"Ausstellungsansicht &quot;look into it. Regine Schumann&quot;, Galerie Renate Bender 2014\" data-title=\"\"><picture class=\"skip-lazy\" data-skip-lazy=\"1\"><img decoding=\"async\" src=\"\/\/www.galerie-bender.de\/wp-content\/uploads\/2021\/07\/20141105-Schumann-37.jpg\" alt=\"Ausstellungsansicht &quot;look into it. Regine Schumann&quot;, Galerie Renate Bender 2014\" title=\"\" loading=\"lazy\" class=\"skip-lazy\" data-skip-lazy=\"1\"><\/picture><\/div><div data-color=\"RGBA(255,255,255,0)\" style=\"background-color: RGBA(255,255,255,0);\" class=\"n2-ss-slide-background-color\"><\/div><\/div><div class=\"n2-ss-slide-background\" data-public-id=\"6\" data-mode=\"fill\" aria-hidden=\"true\"><div class=\"n2-ss-slide-background-image\" data-blur=\"0\" data-opacity=\"100\" data-x=\"50\" data-y=\"50\" data-alt=\"Ausstellungsansicht &quot;look into it. Regine Schumann&quot;, Galerie Renate Bender 2014\" data-title=\"\"><picture class=\"skip-lazy\" data-skip-lazy=\"1\"><img decoding=\"async\" src=\"\/\/www.galerie-bender.de\/wp-content\/uploads\/2021\/07\/20141105-Schumann-127.jpg\" alt=\"Ausstellungsansicht &quot;look into it. Regine Schumann&quot;, Galerie Renate Bender 2014\" title=\"\" loading=\"lazy\" class=\"skip-lazy\" data-skip-lazy=\"1\"><\/picture><\/div><div data-color=\"RGBA(255,255,255,0)\" style=\"background-color: RGBA(255,255,255,0);\" class=\"n2-ss-slide-background-color\"><\/div><\/div><div class=\"n2-ss-slide-background\" data-public-id=\"7\" data-mode=\"fill\" aria-hidden=\"true\"><div class=\"n2-ss-slide-background-image\" data-blur=\"0\" data-opacity=\"100\" data-x=\"50\" data-y=\"50\" data-alt=\"Ausstellungsansicht &quot;look into it. Regine Schumann&quot;, Galerie Renate Bender 2014\" data-title=\"\"><picture class=\"skip-lazy\" data-skip-lazy=\"1\"><img decoding=\"async\" src=\"\/\/www.galerie-bender.de\/wp-content\/uploads\/2021\/07\/20141105-Schumann-106.jpg\" alt=\"Ausstellungsansicht &quot;look into it. Regine Schumann&quot;, Galerie Renate Bender 2014\" title=\"\" loading=\"lazy\" class=\"skip-lazy\" data-skip-lazy=\"1\"><\/picture><\/div><div data-color=\"RGBA(255,255,255,0)\" style=\"background-color: RGBA(255,255,255,0);\" class=\"n2-ss-slide-background-color\"><\/div><\/div><div class=\"n2-ss-slide-background\" data-public-id=\"8\" data-mode=\"fill\" aria-hidden=\"true\"><div class=\"n2-ss-slide-background-image\" data-blur=\"0\" data-opacity=\"100\" data-x=\"50\" data-y=\"50\" data-alt=\"Ausstellungsansicht &quot;look into it. Regine Schumann&quot;, Galerie Renate Bender 2014\" data-title=\"\"><picture class=\"skip-lazy\" data-skip-lazy=\"1\"><img decoding=\"async\" src=\"\/\/www.galerie-bender.de\/wp-content\/uploads\/2021\/07\/20141105-Schumann-109.jpg\" alt=\"Ausstellungsansicht &quot;look into it. Regine Schumann&quot;, Galerie Renate Bender 2014\" title=\"\" loading=\"lazy\" class=\"skip-lazy\" data-skip-lazy=\"1\"><\/picture><\/div><div data-color=\"RGBA(255,255,255,0)\" style=\"background-color: RGBA(255,255,255,0);\" class=\"n2-ss-slide-background-color\"><\/div><\/div><div class=\"n2-ss-slide-background\" data-public-id=\"9\" data-mode=\"fill\" aria-hidden=\"true\"><div class=\"n2-ss-slide-background-image\" data-blur=\"0\" data-opacity=\"100\" data-x=\"50\" data-y=\"50\" data-alt=\"Ausstellungsansicht &quot;look into it. Regine Schumann&quot;, Galerie Renate Bender 2014\" data-title=\"\"><picture class=\"skip-lazy\" data-skip-lazy=\"1\"><img decoding=\"async\" src=\"\/\/www.galerie-bender.de\/wp-content\/uploads\/2021\/07\/Ausstellungsansicht-_colormirror-rainbow-texture_2014.jpg\" alt=\"Ausstellungsansicht &quot;look into it. Regine Schumann&quot;, Galerie Renate Bender 2014\" title=\"\" loading=\"lazy\" class=\"skip-lazy\" data-skip-lazy=\"1\"><\/picture><\/div><div data-color=\"RGBA(255,255,255,0)\" style=\"background-color: RGBA(255,255,255,0);\" class=\"n2-ss-slide-background-color\"><\/div><\/div><div class=\"n2-ss-slide-background\" data-public-id=\"10\" data-mode=\"fill\" aria-hidden=\"true\"><div class=\"n2-ss-slide-background-image\" data-blur=\"0\" data-opacity=\"100\" data-x=\"50\" data-y=\"50\" data-alt=\"Ausstellungsansicht &quot;look into it. Regine Schumann&quot;, Galerie Renate Bender 2014\" data-title=\"\"><picture class=\"skip-lazy\" data-skip-lazy=\"1\"><img decoding=\"async\" src=\"\/\/www.galerie-bender.de\/wp-content\/uploads\/2021\/07\/20141105-Schumann-60.jpg\" alt=\"Ausstellungsansicht &quot;look into it. Regine Schumann&quot;, Galerie Renate Bender 2014\" title=\"\" loading=\"lazy\" class=\"skip-lazy\" data-skip-lazy=\"1\"><\/picture><\/div><div data-color=\"RGBA(255,255,255,0)\" style=\"background-color: RGBA(255,255,255,0);\" class=\"n2-ss-slide-background-color\"><\/div><\/div><div class=\"n2-ss-slide-background\" data-public-id=\"11\" data-mode=\"fill\" aria-hidden=\"true\"><div class=\"n2-ss-slide-background-image\" data-blur=\"0\" data-opacity=\"100\" data-x=\"50\" data-y=\"50\" data-alt=\"Ausstellungsansicht &quot;look into it. Regine Schumann&quot;, Galerie Renate Bender 2014\" data-title=\"\"><picture class=\"skip-lazy\" data-skip-lazy=\"1\"><img decoding=\"async\" src=\"\/\/www.galerie-bender.de\/wp-content\/uploads\/2021\/07\/20141105-Schumann-11.jpg\" alt=\"Ausstellungsansicht &quot;look into it. Regine Schumann&quot;, Galerie Renate Bender 2014\" title=\"\" loading=\"lazy\" class=\"skip-lazy\" data-skip-lazy=\"1\"><\/picture><\/div><div data-color=\"RGBA(255,255,255,0)\" style=\"background-color: RGBA(255,255,255,0);\" class=\"n2-ss-slide-background-color\"><\/div><\/div><div class=\"n2-ss-slide-background\" data-public-id=\"12\" data-mode=\"fill\" aria-hidden=\"true\"><div class=\"n2-ss-slide-background-image\" data-blur=\"0\" data-opacity=\"100\" data-x=\"50\" data-y=\"50\" data-alt=\"Ausstellungsansicht &quot;look into it. Regine Schumann&quot;, Galerie Renate Bender 2014\" data-title=\"\"><picture class=\"skip-lazy\" data-skip-lazy=\"1\"><img decoding=\"async\" src=\"\/\/www.galerie-bender.de\/wp-content\/uploads\/2021\/07\/IMG_5417.jpg\" alt=\"Ausstellungsansicht &quot;look into it. Regine Schumann&quot;, Galerie Renate Bender 2014\" title=\"\" loading=\"lazy\" class=\"skip-lazy\" data-skip-lazy=\"1\"><\/picture><\/div><div data-color=\"RGBA(255,255,255,0)\" style=\"background-color: RGBA(255,255,255,0);\" class=\"n2-ss-slide-background-color\"><\/div><\/div><div class=\"n2-ss-slide-background\" data-public-id=\"13\" data-mode=\"fill\" aria-hidden=\"true\"><div class=\"n2-ss-slide-background-image\" data-blur=\"0\" data-opacity=\"100\" data-x=\"50\" data-y=\"50\" data-alt=\"Ausstellungsansicht &quot;look into it. Regine Schumann&quot;, Galerie Renate Bender 2014\" data-title=\"\"><picture class=\"skip-lazy\" data-skip-lazy=\"1\"><img decoding=\"async\" src=\"\/\/www.galerie-bender.de\/wp-content\/uploads\/2021\/07\/DSC01642.jpg\" alt=\"Ausstellungsansicht &quot;look into it. Regine Schumann&quot;, Galerie Renate Bender 2014\" title=\"\" loading=\"lazy\" class=\"skip-lazy\" data-skip-lazy=\"1\"><\/picture><\/div><div data-color=\"RGBA(255,255,255,0)\" style=\"background-color: RGBA(255,255,255,0);\" class=\"n2-ss-slide-background-color\"><\/div><\/div><div class=\"n2-ss-slide-background\" data-public-id=\"14\" data-mode=\"fill\" aria-hidden=\"true\"><div class=\"n2-ss-slide-background-image\" data-blur=\"0\" data-opacity=\"100\" data-x=\"50\" data-y=\"50\" data-alt=\"Ausstellungsansicht &quot;look into it. Regine Schumann&quot;, Galerie Renate Bender 2014\" data-title=\"\"><picture class=\"skip-lazy\" data-skip-lazy=\"1\"><img decoding=\"async\" src=\"\/\/www.galerie-bender.de\/wp-content\/uploads\/2021\/07\/DSC01636.jpg\" alt=\"Ausstellungsansicht &quot;look into it. Regine Schumann&quot;, Galerie Renate Bender 2014\" title=\"\" loading=\"lazy\" class=\"skip-lazy\" data-skip-lazy=\"1\"><\/picture><\/div><div data-color=\"RGBA(255,255,255,0)\" style=\"background-color: RGBA(255,255,255,0);\" class=\"n2-ss-slide-background-color\"><\/div><\/div><\/div>                    <div class=\"n2-ss-slider-4 n2-ow\">\n                        <svg xmlns=\"http:\/\/www.w3.org\/2000\/svg\" viewBox=\"0 0 1920 800\" data-related-device=\"desktopPortrait\" class=\"n2-ow n2-ss-preserve-size n2-ss-preserve-size--slider n2-ss-slide-limiter\"><\/svg><div data-first=\"1\" data-slide-duration=\"0\" data-id=\"1761\" data-slide-public-id=\"1\" data-title=\"Ausstellungsansicht &quot;look into it. Regine Schumann&quot;, Galerie Renate Bender 2014\" class=\"n2-ss-slide n2-ow  n2-ss-slide-1761\"><div role=\"note\" class=\"n2-ss-slide--focus\" tabindex=\"-1\">Ausstellungsansicht &#8222;look into it. Regine Schumann&#8220;, Galerie Renate Bender 2014<\/div><div class=\"n2-ss-layers-container n2-ss-slide-limiter n2-ow\"><div class=\"n2-ss-layer n2-ow n-uc-0MuqIPhvTIyd\" data-sstype=\"slide\" data-pm=\"default\"><\/div><\/div><\/div><div data-slide-duration=\"0\" data-id=\"1750\" data-slide-public-id=\"2\" aria-hidden=\"true\" data-title=\"Ausstellungsansicht &quot;look into it. Regine Schumann&quot;, Galerie Renate Bender 2014\" class=\"n2-ss-slide n2-ow  n2-ss-slide-1750\"><div role=\"note\" class=\"n2-ss-slide--focus\" tabindex=\"-1\">Ausstellungsansicht &#8222;look into it. Regine Schumann&#8220;, Galerie Renate Bender 2014<\/div><div class=\"n2-ss-layers-container n2-ss-slide-limiter n2-ow\"><div class=\"n2-ss-layer n2-ow n-uc-1O1AiiuoF6GX\" data-sstype=\"slide\" data-pm=\"default\"><\/div><\/div><\/div><div data-slide-duration=\"0\" data-id=\"1756\" data-slide-public-id=\"3\" aria-hidden=\"true\" data-title=\"Ausstellungsansicht &quot;look into it. Regine Schumann&quot;, Galerie Renate Bender 2014\" class=\"n2-ss-slide n2-ow  n2-ss-slide-1756\"><div role=\"note\" class=\"n2-ss-slide--focus\" tabindex=\"-1\">Ausstellungsansicht &#8222;look into it. Regine Schumann&#8220;, Galerie Renate Bender 2014<\/div><div class=\"n2-ss-layers-container n2-ss-slide-limiter n2-ow\"><div class=\"n2-ss-layer n2-ow n-uc-cOnrQcF9xHby\" data-sstype=\"slide\" data-pm=\"default\"><\/div><\/div><\/div><div data-slide-duration=\"0\" data-id=\"1751\" data-slide-public-id=\"4\" aria-hidden=\"true\" data-title=\"Ausstellungsansicht &quot;look into it. Regine Schumann&quot;, Galerie Renate Bender 2014\" class=\"n2-ss-slide n2-ow  n2-ss-slide-1751\"><div role=\"note\" class=\"n2-ss-slide--focus\" tabindex=\"-1\">Ausstellungsansicht &#8222;look into it. Regine Schumann&#8220;, Galerie Renate Bender 2014<\/div><div class=\"n2-ss-layers-container n2-ss-slide-limiter n2-ow\"><div class=\"n2-ss-layer n2-ow n-uc-zLgo7xD7sSFL\" data-sstype=\"slide\" data-pm=\"default\"><\/div><\/div><\/div><div data-slide-duration=\"0\" data-id=\"1763\" data-slide-public-id=\"5\" aria-hidden=\"true\" data-title=\"Ausstellungsansicht &quot;look into it. Regine Schumann&quot;, Galerie Renate Bender 2014\" class=\"n2-ss-slide n2-ow  n2-ss-slide-1763\"><div role=\"note\" class=\"n2-ss-slide--focus\" tabindex=\"-1\">Ausstellungsansicht &#8222;look into it. Regine Schumann&#8220;, Galerie Renate Bender 2014<\/div><div class=\"n2-ss-layers-container n2-ss-slide-limiter n2-ow\"><div class=\"n2-ss-layer n2-ow n-uc-rrD44zLQ53Ae\" data-sstype=\"slide\" data-pm=\"default\"><\/div><\/div><\/div><div data-slide-duration=\"0\" data-id=\"1758\" data-slide-public-id=\"6\" aria-hidden=\"true\" data-title=\"Ausstellungsansicht &quot;look into it. Regine Schumann&quot;, Galerie Renate Bender 2014\" class=\"n2-ss-slide n2-ow  n2-ss-slide-1758\"><div role=\"note\" class=\"n2-ss-slide--focus\" tabindex=\"-1\">Ausstellungsansicht &#8222;look into it. Regine Schumann&#8220;, Galerie Renate Bender 2014<\/div><div class=\"n2-ss-layers-container n2-ss-slide-limiter n2-ow\"><div class=\"n2-ss-layer n2-ow n-uc-ykLwz0AUEQrU\" data-sstype=\"slide\" data-pm=\"default\"><\/div><\/div><\/div><div data-slide-duration=\"0\" data-id=\"1760\" data-slide-public-id=\"7\" aria-hidden=\"true\" data-title=\"Ausstellungsansicht &quot;look into it. Regine Schumann&quot;, Galerie Renate Bender 2014\" class=\"n2-ss-slide n2-ow  n2-ss-slide-1760\"><div role=\"note\" class=\"n2-ss-slide--focus\" tabindex=\"-1\">Ausstellungsansicht &#8222;look into it. Regine Schumann&#8220;, Galerie Renate Bender 2014<\/div><div class=\"n2-ss-layers-container n2-ss-slide-limiter n2-ow\"><div class=\"n2-ss-layer n2-ow n-uc-94EKFU4czqfT\" data-sstype=\"slide\" data-pm=\"default\"><\/div><\/div><\/div><div data-slide-duration=\"0\" data-id=\"1759\" data-slide-public-id=\"8\" aria-hidden=\"true\" data-title=\"Ausstellungsansicht &quot;look into it. Regine Schumann&quot;, Galerie Renate Bender 2014\" class=\"n2-ss-slide n2-ow  n2-ss-slide-1759\"><div role=\"note\" class=\"n2-ss-slide--focus\" tabindex=\"-1\">Ausstellungsansicht &#8222;look into it. Regine Schumann&#8220;, Galerie Renate Bender 2014<\/div><div class=\"n2-ss-layers-container n2-ss-slide-limiter n2-ow\"><div class=\"n2-ss-layer n2-ow n-uc-dX3M9FeJyUW5\" data-sstype=\"slide\" data-pm=\"default\"><\/div><\/div><\/div><div data-slide-duration=\"0\" data-id=\"1757\" data-slide-public-id=\"9\" aria-hidden=\"true\" data-title=\"Ausstellungsansicht &quot;look into it. Regine Schumann&quot;, Galerie Renate Bender 2014\" class=\"n2-ss-slide n2-ow  n2-ss-slide-1757\"><div role=\"note\" class=\"n2-ss-slide--focus\" tabindex=\"-1\">Ausstellungsansicht &#8222;look into it. Regine Schumann&#8220;, Galerie Renate Bender 2014<\/div><div class=\"n2-ss-layers-container n2-ss-slide-limiter n2-ow\"><div class=\"n2-ss-layer n2-ow n-uc-S2513NR6DNE4\" data-sstype=\"slide\" data-pm=\"default\"><\/div><\/div><\/div><div data-slide-duration=\"0\" data-id=\"1762\" data-slide-public-id=\"10\" aria-hidden=\"true\" data-title=\"Ausstellungsansicht &quot;look into it. Regine Schumann&quot;, Galerie Renate Bender 2014\" class=\"n2-ss-slide n2-ow  n2-ss-slide-1762\"><div role=\"note\" class=\"n2-ss-slide--focus\" tabindex=\"-1\">Ausstellungsansicht &#8222;look into it. Regine Schumann&#8220;, Galerie Renate Bender 2014<\/div><div class=\"n2-ss-layers-container n2-ss-slide-limiter n2-ow\"><div class=\"n2-ss-layer n2-ow n-uc-PDwv8p3BFA3S\" data-sstype=\"slide\" data-pm=\"default\"><\/div><\/div><\/div><div data-slide-duration=\"0\" data-id=\"1764\" data-slide-public-id=\"11\" aria-hidden=\"true\" data-title=\"Ausstellungsansicht &quot;look into it. Regine Schumann&quot;, Galerie Renate Bender 2014\" class=\"n2-ss-slide n2-ow  n2-ss-slide-1764\"><div role=\"note\" class=\"n2-ss-slide--focus\" tabindex=\"-1\">Ausstellungsansicht &#8222;look into it. Regine Schumann&#8220;, Galerie Renate Bender 2014<\/div><div class=\"n2-ss-layers-container n2-ss-slide-limiter n2-ow\"><div class=\"n2-ss-layer n2-ow n-uc-1uO5qFVnmrQA\" data-sstype=\"slide\" data-pm=\"default\"><\/div><\/div><\/div><div data-slide-duration=\"0\" data-id=\"1752\" data-slide-public-id=\"12\" aria-hidden=\"true\" data-title=\"Ausstellungsansicht &quot;look into it. Regine Schumann&quot;, Galerie Renate Bender 2014\" class=\"n2-ss-slide n2-ow  n2-ss-slide-1752\"><div role=\"note\" class=\"n2-ss-slide--focus\" tabindex=\"-1\">Ausstellungsansicht &#8222;look into it. Regine Schumann&#8220;, Galerie Renate Bender 2014<\/div><div class=\"n2-ss-layers-container n2-ss-slide-limiter n2-ow\"><div class=\"n2-ss-layer n2-ow n-uc-LswvSusfet9G\" data-sstype=\"slide\" data-pm=\"default\"><\/div><\/div><\/div><div data-slide-duration=\"0\" data-id=\"1753\" data-slide-public-id=\"13\" aria-hidden=\"true\" data-title=\"Ausstellungsansicht &quot;look into it. Regine Schumann&quot;, Galerie Renate Bender 2014\" class=\"n2-ss-slide n2-ow  n2-ss-slide-1753\"><div role=\"note\" class=\"n2-ss-slide--focus\" tabindex=\"-1\">Ausstellungsansicht &#8222;look into it. Regine Schumann&#8220;, Galerie Renate Bender 2014<\/div><div class=\"n2-ss-layers-container n2-ss-slide-limiter n2-ow\"><div class=\"n2-ss-layer n2-ow n-uc-jkTMZiZnZRuC\" data-sstype=\"slide\" data-pm=\"default\"><\/div><\/div><\/div><div data-slide-duration=\"0\" data-id=\"1755\" data-slide-public-id=\"14\" aria-hidden=\"true\" data-title=\"Ausstellungsansicht &quot;look into it. Regine Schumann&quot;, Galerie Renate Bender 2014\" class=\"n2-ss-slide n2-ow  n2-ss-slide-1755\"><div role=\"note\" class=\"n2-ss-slide--focus\" tabindex=\"-1\">Ausstellungsansicht &#8222;look into it. Regine Schumann&#8220;, Galerie Renate Bender 2014<\/div><div class=\"n2-ss-layers-container n2-ss-slide-limiter n2-ow\"><div class=\"n2-ss-layer n2-ow n-uc-gATgSRio8OdA\" data-sstype=\"slide\" data-pm=\"default\"><\/div><\/div><\/div>                    <\/div>\n\n                                    <\/div>\n            <\/div>\n        <\/div>\n        <div class=\"n2-ss-slider-controls n2-ss-slider-controls-absolute-left-center\"><div style=\"--widget-offset:15px;\" class=\"n2-ss-widget nextend-arrow n2-ow-all nextend-arrow-previous  nextend-arrow-animated-fade\" data-hide-mobileportrait=\"1\" id=\"n2-ss-113-arrow-previous\" role=\"button\" aria-label=\"previous arrow\" tabindex=\"0\"><img loading=\"lazy\" decoding=\"async\" width=\"32\" height=\"32\" class=\"n2-arrow-normal-img skip-lazy\" data-skip-lazy=\"1\" src=\"data:image\/svg+xml;base64,PHN2ZyB3aWR0aD0iMzIiIGhlaWdodD0iMzIiIHZpZXdCb3g9IjAgMCAzMiAzMiIgeG1sbnM9Imh0dHA6Ly93d3cudzMub3JnLzIwMDAvc3ZnIj4KICAgIDxwYXRoIGQ9Ik0xMS40MzMgMTUuOTkyTDIyLjY5IDUuNzEyYy4zOTMtLjM5LjM5My0xLjAzIDAtMS40Mi0uMzkzLS4zOS0xLjAzLS4zOS0xLjQyMyAwbC0xMS45OCAxMC45NGMtLjIxLjIxLS4zLjQ5LS4yODUuNzYtLjAxNS4yOC4wNzUuNTYuMjg0Ljc3bDExLjk4IDEwLjk0Yy4zOTMuMzkgMS4wMy4zOSAxLjQyNCAwIC4zOTMtLjQuMzkzLTEuMDMgMC0xLjQybC0xMS4yNTctMTAuMjkiCiAgICAgICAgICBmaWxsPSIjY2VkM2Q1IiBvcGFjaXR5PSIxIiBmaWxsLXJ1bGU9ImV2ZW5vZGQiLz4KPC9zdmc+\" alt=\"previous arrow\"><img loading=\"lazy\" decoding=\"async\" width=\"32\" height=\"32\" class=\"n2-arrow-hover-img skip-lazy\" data-skip-lazy=\"1\" src=\"data:image\/svg+xml;base64,PHN2ZyB3aWR0aD0iMzIiIGhlaWdodD0iMzIiIHZpZXdCb3g9IjAgMCAzMiAzMiIgeG1sbnM9Imh0dHA6Ly93d3cudzMub3JnLzIwMDAvc3ZnIj4KICAgIDxwYXRoIGQ9Ik0xMS40MzMgMTUuOTkyTDIyLjY5IDUuNzEyYy4zOTMtLjM5LjM5My0xLjAzIDAtMS40Mi0uMzkzLS4zOS0xLjAzLS4zOS0xLjQyMyAwbC0xMS45OCAxMC45NGMtLjIxLjIxLS4zLjQ5LS4yODUuNzYtLjAxNS4yOC4wNzUuNTYuMjg0Ljc3bDExLjk4IDEwLjk0Yy4zOTMuMzkgMS4wMy4zOSAxLjQyNCAwIC4zOTMtLjQuMzkzLTEuMDMgMC0xLjQybC0xMS4yNTctMTAuMjkiCiAgICAgICAgICBmaWxsPSIjMDAwMDAwIiBvcGFjaXR5PSIxIiBmaWxsLXJ1bGU9ImV2ZW5vZGQiLz4KPC9zdmc+\" alt=\"previous arrow\"><\/div><\/div><div class=\"n2-ss-slider-controls n2-ss-slider-controls-absolute-right-center\"><div style=\"--widget-offset:15px;\" class=\"n2-ss-widget nextend-arrow n2-ow-all nextend-arrow-next  nextend-arrow-animated-fade\" data-hide-mobileportrait=\"1\" id=\"n2-ss-113-arrow-next\" role=\"button\" aria-label=\"next arrow\" tabindex=\"0\"><img loading=\"lazy\" decoding=\"async\" width=\"32\" height=\"32\" class=\"n2-arrow-normal-img skip-lazy\" data-skip-lazy=\"1\" src=\"data:image\/svg+xml;base64,PHN2ZyB3aWR0aD0iMzIiIGhlaWdodD0iMzIiIHZpZXdCb3g9IjAgMCAzMiAzMiIgeG1sbnM9Imh0dHA6Ly93d3cudzMub3JnLzIwMDAvc3ZnIj4KICAgIDxwYXRoIGQ9Ik0xMC43MjIgNC4yOTNjLS4zOTQtLjM5LTEuMDMyLS4zOS0xLjQyNyAwLS4zOTMuMzktLjM5MyAxLjAzIDAgMS40MmwxMS4yODMgMTAuMjgtMTEuMjgzIDEwLjI5Yy0uMzkzLjM5LS4zOTMgMS4wMiAwIDEuNDIuMzk1LjM5IDEuMDMzLjM5IDEuNDI3IDBsMTIuMDA3LTEwLjk0Yy4yMS0uMjEuMy0uNDkuMjg0LS43Ny4wMTQtLjI3LS4wNzYtLjU1LS4yODYtLjc2TDEwLjcyIDQuMjkzeiIKICAgICAgICAgIGZpbGw9IiNjZWQzZDUiIG9wYWNpdHk9IjEiIGZpbGwtcnVsZT0iZXZlbm9kZCIvPgo8L3N2Zz4=\" alt=\"next arrow\"><img loading=\"lazy\" decoding=\"async\" width=\"32\" height=\"32\" class=\"n2-arrow-hover-img skip-lazy\" data-skip-lazy=\"1\" src=\"data:image\/svg+xml;base64,PHN2ZyB3aWR0aD0iMzIiIGhlaWdodD0iMzIiIHZpZXdCb3g9IjAgMCAzMiAzMiIgeG1sbnM9Imh0dHA6Ly93d3cudzMub3JnLzIwMDAvc3ZnIj4KICAgIDxwYXRoIGQ9Ik0xMC43MjIgNC4yOTNjLS4zOTQtLjM5LTEuMDMyLS4zOS0xLjQyNyAwLS4zOTMuMzktLjM5MyAxLjAzIDAgMS40MmwxMS4yODMgMTAuMjgtMTEuMjgzIDEwLjI5Yy0uMzkzLjM5LS4zOTMgMS4wMiAwIDEuNDIuMzk1LjM5IDEuMDMzLjM5IDEuNDI3IDBsMTIuMDA3LTEwLjk0Yy4yMS0uMjEuMy0uNDkuMjg0LS43Ny4wMTQtLjI3LS4wNzYtLjU1LS4yODYtLjc2TDEwLjcyIDQuMjkzeiIKICAgICAgICAgIGZpbGw9IiMwMDAwMDAiIG9wYWNpdHk9IjEiIGZpbGwtcnVsZT0iZXZlbm9kZCIvPgo8L3N2Zz4=\" alt=\"next arrow\"><\/div><\/div><\/div><div class=\"n2-ss-slider-controls n2-ss-slider-controls-below\"><div class=\"n2-ss-widget nextend-bar nextend-bar-horizontal n2-ss-widget-hidden n2-ow-all\" style=\"text-align: center;width:100%;\"><div class=\"n2-style-820f7b4778ca78a56ddbfeafd970141f-simple \"><span class=\"n2-font-39b5f228affaae595a20733917c8ca6d-simple \">&nbsp;<\/span><\/div><\/div><\/div><\/div><\/div><ss3-loader><\/ss3-loader><\/div><\/div><div class=\"n2_clear\"><\/div><\/div><\/ss3-force-full-width><\/div>\n\n\n<p><\/p>\n\n\n\n<p><strong>&#8222;look into it&#8220;<br>Regine Schumann<\/strong><\/p>\n\n\n\n<p>&#8211; Saisonstart in der T\u00fcrkenstra\u00dfe 11 &#8211;<\/p>\n\n\n\n<p>Ausstellungsdauer vom 12. September bis 8. November 2014<\/p>\n\n\n\n<p>Zum Saisonstart OPEN Art im September k\u00f6nnen Besucher der Galerie Renate Bender in eine leuchtende Installation der K\u00f6lner K\u00fcnstlerin Regine Schumann eintauchen. Ihre Arbeiten aus fluoreszierendem Acrylglas erstrahlen besonders unter dem Einfluss von Schwarzlicht.<\/p>\n\n\n\n<p>Bei ihren j\u00fcngsten Arbeiten \u201ecolormirror rainbow\u201c changiert die zart durchscheinende Oberfl\u00e4che in allen Farben des Regenbogens. Auch diese neuen Arbeiten sind Farb- und Raumk\u00f6rper zugleich, die unmittelbar den Umraum einbeziehen und sich als Bildk\u00f6rper entgrenzen. In ihrer farblichen Wandlungsf\u00e4higkeit sind sie mehr als Projektionsfl\u00e4chen f\u00fcr Spiegelungen. Denn sie fangen auch direkt das Spiegelbild des Betrachters ein. Dabei erinnern die gebrochen wirkenden Oberfl\u00e4chen des hochmodernen Materials an historische, blind gewordene Spiegel, deren Alterungsprozess ja gerade durch Licht geformt wurde. Das Spektrum von Farbe und Licht wird hier hinterfragt, w\u00e4hrend beim ebenfalls neu eingesetzten satinierten Acrylglas mit seiner matten Erscheinung zutiefst malerische Qualit\u00e4ten eine Rolle spielen.<\/p>\n\n\n\n<div class=\"wp-block-file\"><a href=\"http:\/\/www.galerie-bender.de\/wp-content\/uploads\/2021\/02\/Flyer_Regine_Schumann_web.pdf\" target=\"_blank\" rel=\"noreferrer noopener\">Flyer zu Ausstellung &#8222;Look into it&#8220; 2014<\/a><\/div>\n<\/div>","protected":false},"excerpt":{"rendered":"<p>&#8222;look into it&#8220;Regine Schumann &#8211; Saisonstart in der T\u00fcrkenstra\u00dfe 11 &#8211; Ausstellungsdauer vom 12. September bis 8. November 2014 Zum Saisonstart OPEN Art im September k\u00f6nnen Besucher der Galerie Renate Bender in eine leuchtende Installation der K\u00f6lner K\u00fcnstlerin Regine Schumann eintauchen. Ihre Arbeiten aus fluoreszierendem Acrylglas erstrahlen besonders unter dem Einfluss von Schwarzlicht. Bei ihren [&hellip;]<\/p>\n","protected":false},"author":3,"featured_media":0,"comment_status":"open","ping_status":"open","sticky":false,"template":"","format":"standard","meta":{"_eb_attr":"","_uag_custom_page_level_css":"","footnotes":""},"categories":[39],"tags":[],"class_list":["post-1487","post","type-post","status-publish","format-standard","hentry","category-ausstellungsarchiv"],"acf":[],"uagb_featured_image_src":{"full":false,"thumbnail":false,"medium":false,"medium_large":false,"large":false,"1536x1536":false,"2048x2048":false,"trp-custom-language-flag":false,"square":false,"post-thumbnail":false,"twentytwenty-fullscreen":false},"uagb_author_info":{"display_name":"Renate Bender","author_link":"https:\/\/www.galerie-bender.de\/de\/author\/bender\/"},"uagb_comment_info":0,"uagb_excerpt":"&#8222;look into it&#8220;Regine Schumann &#8211; Saisonstart in der T\u00fcrkenstra\u00dfe 11 &#8211; Ausstellungsdauer vom 12. September bis 8. November 2014 Zum Saisonstart OPEN Art im September k\u00f6nnen Besucher der Galerie Renate Bender in eine leuchtende Installation der K\u00f6lner K\u00fcnstlerin Regine Schumann eintauchen. Ihre Arbeiten aus fluoreszierendem Acrylglas erstrahlen besonders unter dem Einfluss von Schwarzlicht. Bei ihren&hellip;","_links":{"self":[{"href":"https:\/\/www.galerie-bender.de\/de\/wp-json\/wp\/v2\/posts\/1487","targetHints":{"allow":["GET"]}}],"collection":[{"href":"https:\/\/www.galerie-bender.de\/de\/wp-json\/wp\/v2\/posts"}],"about":[{"href":"https:\/\/www.galerie-bender.de\/de\/wp-json\/wp\/v2\/types\/post"}],"author":[{"embeddable":true,"href":"https:\/\/www.galerie-bender.de\/de\/wp-json\/wp\/v2\/users\/3"}],"replies":[{"embeddable":true,"href":"https:\/\/www.galerie-bender.de\/de\/wp-json\/wp\/v2\/comments?post=1487"}],"version-history":[{"count":0,"href":"https:\/\/www.galerie-bender.de\/de\/wp-json\/wp\/v2\/posts\/1487\/revisions"}],"wp:attachment":[{"href":"https:\/\/www.galerie-bender.de\/de\/wp-json\/wp\/v2\/media?parent=1487"}],"wp:term":[{"taxonomy":"category","embeddable":true,"href":"https:\/\/www.galerie-bender.de\/de\/wp-json\/wp\/v2\/categories?post=1487"},{"taxonomy":"post_tag","embeddable":true,"href":"https:\/\/www.galerie-bender.de\/de\/wp-json\/wp\/v2\/tags?post=1487"}],"curies":[{"name":"wp","href":"https:\/\/api.w.org\/{rel}","templated":true}]}}