{"id":2823,"date":"2021-07-14T13:06:43","date_gmt":"2021-07-14T12:06:43","guid":{"rendered":"https:\/\/www.galerie-bender.de\/?p=2823"},"modified":"2022-01-25T14:52:05","modified_gmt":"2022-01-25T13:52:05","slug":"constructing-color","status":"publish","type":"post","link":"https:\/\/www.galerie-bender.de\/de\/constructing-color\/","title":{"rendered":"Color Constructs. Harald Pompl &#8211; Robert Sagerman"},"content":{"rendered":"<div id=\"modal-ready\"><div class=\"n2_clear\"><ss3-force-full-width data-overflow-x=\"body\" data-horizontal-selector=\"body\"><div class=\"n2-section-smartslider fitvidsignore artist_slider n2_clear\" data-ssid=\"125\" tabindex=\"0\" role=\"region\" aria-label=\"Slider\"><div id=\"n2-ss-125-align\" class=\"n2-ss-align\"><div class=\"n2-padding\"><div id=\"n2-ss-125\" data-creator=\"Smart Slider 3\" data-responsive=\"fullwidth\" class=\"n2-ss-slider n2-ow n2-has-hover n2notransition  \">\n\n\n\n\n\n\n\n\n\n\n\n\n\n<div class=\"n2-ss-slider-wrapper-outside\" style=\"grid-template-rows:1fr auto\"><div class=\"n2-ss-slider-wrapper-inside\">\n        <div class=\"n2-ss-slider-1 n2_ss__touch_element n2-ow\">\n            <div class=\"n2-ss-slider-2 n2-ow\">\n                                                <div class=\"n2-ss-slider-3 n2-ow\">\n\n                    <div class=\"n2-ss-slide-backgrounds n2-ow-all\"><div class=\"n2-ss-slide-background\" data-public-id=\"1\" data-mode=\"fill\"><div class=\"n2-ss-slide-background-image\" data-blur=\"0\" data-opacity=\"100\" data-x=\"50\" data-y=\"50\" data-alt=\"Ausstellungsansicht &quot;color constructs. Harald Pompl - Robert Sagerman&quot;, Galerie Renate Bender 2021\" data-title=\"\"><picture class=\"skip-lazy\" data-skip-lazy=\"1\"><img decoding=\"async\" src=\"\/\/www.galerie-bender.de\/wp-content\/uploads\/2021\/11\/Raum_cc21_2-_neu.jpg\" alt=\"Ausstellungsansicht &quot;color constructs. Harald Pompl - Robert Sagerman&quot;, Galerie Renate Bender 2021\" title=\"\" loading=\"lazy\" class=\"skip-lazy\" data-skip-lazy=\"1\"><\/picture><\/div><div data-color=\"RGBA(255,255,255,0)\" style=\"background-color: RGBA(255,255,255,0);\" class=\"n2-ss-slide-background-color\"><\/div><\/div><div class=\"n2-ss-slide-background\" data-public-id=\"2\" data-mode=\"fill\" aria-hidden=\"true\"><div class=\"n2-ss-slide-background-image\" data-blur=\"0\" data-opacity=\"100\" data-x=\"50\" data-y=\"50\" data-alt=\"Ausstellungsansicht &quot;color constructs. Harald Pompl - Robert Sagerman&quot;, Galerie Renate Bender 2021\" data-title=\"\"><picture class=\"skip-lazy\" data-skip-lazy=\"1\"><img decoding=\"async\" src=\"\/\/www.galerie-bender.de\/wp-content\/uploads\/2021\/11\/Raum_cc21_1-1.jpg\" alt=\"Ausstellungsansicht &quot;color constructs. Harald Pompl - Robert Sagerman&quot;, Galerie Renate Bender 2021\" title=\"\" loading=\"lazy\" class=\"skip-lazy\" data-skip-lazy=\"1\"><\/picture><\/div><div data-color=\"RGBA(255,255,255,0)\" style=\"background-color: RGBA(255,255,255,0);\" class=\"n2-ss-slide-background-color\"><\/div><\/div><div class=\"n2-ss-slide-background\" data-public-id=\"3\" data-mode=\"fill\" aria-hidden=\"true\"><div class=\"n2-ss-slide-background-image\" data-blur=\"0\" data-opacity=\"100\" data-x=\"50\" data-y=\"50\" data-alt=\"Ausstellungsansicht &quot;color constructs. Harald Pompl - Robert Sagerman&quot;, Galerie Renate Bender 2021\" data-title=\"\"><picture class=\"skip-lazy\" data-skip-lazy=\"1\"><img decoding=\"async\" src=\"\/\/www.galerie-bender.de\/wp-content\/uploads\/2021\/11\/Raum_cc21_3_neu.jpg\" alt=\"Ausstellungsansicht &quot;color constructs. Harald Pompl - Robert Sagerman&quot;, Galerie Renate Bender 2021\" title=\"\" loading=\"lazy\" class=\"skip-lazy\" data-skip-lazy=\"1\"><\/picture><\/div><div data-color=\"RGBA(255,255,255,0)\" style=\"background-color: RGBA(255,255,255,0);\" class=\"n2-ss-slide-background-color\"><\/div><\/div><div class=\"n2-ss-slide-background\" data-public-id=\"4\" data-mode=\"fill\" aria-hidden=\"true\"><div class=\"n2-ss-slide-background-image\" data-blur=\"0\" data-opacity=\"100\" data-x=\"50\" data-y=\"50\" data-alt=\"Ausstellungsansicht &quot;color constructs. Harald Pompl - Robert Sagerman&quot;, Galerie Renate Bender 2021\" data-title=\"\"><picture class=\"skip-lazy\" data-skip-lazy=\"1\"><img decoding=\"async\" src=\"\/\/www.galerie-bender.de\/wp-content\/uploads\/2021\/11\/Raum_cc21_4.jpg\" alt=\"Ausstellungsansicht &quot;color constructs. Harald Pompl - Robert Sagerman&quot;, Galerie Renate Bender 2021\" title=\"\" loading=\"lazy\" class=\"skip-lazy\" data-skip-lazy=\"1\"><\/picture><\/div><div data-color=\"RGBA(255,255,255,0)\" style=\"background-color: RGBA(255,255,255,0);\" class=\"n2-ss-slide-background-color\"><\/div><\/div><div class=\"n2-ss-slide-background\" data-public-id=\"5\" data-mode=\"fill\" aria-hidden=\"true\"><div class=\"n2-ss-slide-background-image\" data-blur=\"0\" data-opacity=\"100\" data-x=\"50\" data-y=\"50\" data-alt=\"Ausstellungsansicht &quot;color constructs. Harald Pompl - Robert Sagerman&quot;, Galerie Renate Bender 2021\" data-title=\"\"><picture class=\"skip-lazy\" data-skip-lazy=\"1\"><img decoding=\"async\" src=\"\/\/www.galerie-bender.de\/wp-content\/uploads\/2021\/11\/Raum_cc21_8.jpg\" alt=\"Ausstellungsansicht &quot;color constructs. Harald Pompl - Robert Sagerman&quot;, Galerie Renate Bender 2021\" title=\"\" loading=\"lazy\" class=\"skip-lazy\" data-skip-lazy=\"1\"><\/picture><\/div><div data-color=\"RGBA(255,255,255,0)\" style=\"background-color: RGBA(255,255,255,0);\" class=\"n2-ss-slide-background-color\"><\/div><\/div><div class=\"n2-ss-slide-background\" data-public-id=\"6\" data-mode=\"fill\" aria-hidden=\"true\"><div class=\"n2-ss-slide-background-image\" data-blur=\"0\" data-opacity=\"100\" data-x=\"50\" data-y=\"50\" data-alt=\"Ausstellungsansicht &quot;color constructs. Harald Pompl - Robert Sagerman&quot;, Galerie Renate Bender 2021\" data-title=\"\"><picture class=\"skip-lazy\" data-skip-lazy=\"1\"><img decoding=\"async\" src=\"\/\/www.galerie-bender.de\/wp-content\/uploads\/2021\/11\/Raum_cc21_19.jpg\" alt=\"Ausstellungsansicht &quot;color constructs. Harald Pompl - Robert Sagerman&quot;, Galerie Renate Bender 2021\" title=\"\" loading=\"lazy\" class=\"skip-lazy\" data-skip-lazy=\"1\"><\/picture><\/div><div data-color=\"RGBA(255,255,255,0)\" style=\"background-color: RGBA(255,255,255,0);\" class=\"n2-ss-slide-background-color\"><\/div><\/div><div class=\"n2-ss-slide-background\" data-public-id=\"7\" data-mode=\"fill\" aria-hidden=\"true\"><div class=\"n2-ss-slide-background-image\" data-blur=\"0\" data-opacity=\"100\" data-x=\"50\" data-y=\"50\" data-alt=\"Ausstellungsansicht &quot;color constructs. Harald Pompl - Robert Sagerman&quot;, Galerie Renate Bender 2021\" data-title=\"\"><picture class=\"skip-lazy\" data-skip-lazy=\"1\"><img decoding=\"async\" src=\"\/\/www.galerie-bender.de\/wp-content\/uploads\/2021\/11\/Raum_cc21_15.jpg\" alt=\"Ausstellungsansicht &quot;color constructs. Harald Pompl - Robert Sagerman&quot;, Galerie Renate Bender 2021\" title=\"\" loading=\"lazy\" class=\"skip-lazy\" data-skip-lazy=\"1\"><\/picture><\/div><div data-color=\"RGBA(255,255,255,0)\" style=\"background-color: RGBA(255,255,255,0);\" class=\"n2-ss-slide-background-color\"><\/div><\/div><div class=\"n2-ss-slide-background\" data-public-id=\"8\" data-mode=\"fill\" aria-hidden=\"true\"><div class=\"n2-ss-slide-background-image\" data-blur=\"0\" data-opacity=\"100\" data-x=\"50\" data-y=\"50\" data-alt=\"Ausstellungsansicht &quot;color constructs. Harald Pompl - Robert Sagerman&quot;, Galerie Renate Bender 2021\" data-title=\"\"><picture class=\"skip-lazy\" data-skip-lazy=\"1\"><img decoding=\"async\" src=\"\/\/www.galerie-bender.de\/wp-content\/uploads\/2021\/11\/Raum_cc21_9.jpg\" alt=\"Ausstellungsansicht &quot;color constructs. Harald Pompl - Robert Sagerman&quot;, Galerie Renate Bender 2021\" title=\"\" loading=\"lazy\" class=\"skip-lazy\" data-skip-lazy=\"1\"><\/picture><\/div><div data-color=\"RGBA(255,255,255,0)\" style=\"background-color: RGBA(255,255,255,0);\" class=\"n2-ss-slide-background-color\"><\/div><\/div><div class=\"n2-ss-slide-background\" data-public-id=\"9\" data-mode=\"fill\" aria-hidden=\"true\"><div class=\"n2-ss-slide-background-image\" data-blur=\"0\" data-opacity=\"100\" data-x=\"50\" data-y=\"50\" data-alt=\"Ausstellungsansicht &quot;color constructs. Harald Pompl - Robert Sagerman&quot;, Galerie Renate Bender 2021\" data-title=\"\"><picture class=\"skip-lazy\" data-skip-lazy=\"1\"><img decoding=\"async\" src=\"\/\/www.galerie-bender.de\/wp-content\/uploads\/2021\/11\/Raum_cc21_13.jpg\" alt=\"Ausstellungsansicht &quot;color constructs. Harald Pompl - Robert Sagerman&quot;, Galerie Renate Bender 2021\" title=\"\" loading=\"lazy\" class=\"skip-lazy\" data-skip-lazy=\"1\"><\/picture><\/div><div data-color=\"RGBA(255,255,255,0)\" style=\"background-color: RGBA(255,255,255,0);\" class=\"n2-ss-slide-background-color\"><\/div><\/div><div class=\"n2-ss-slide-background\" data-public-id=\"10\" data-mode=\"fill\" aria-hidden=\"true\"><div class=\"n2-ss-slide-background-image\" data-blur=\"0\" data-opacity=\"100\" data-x=\"50\" data-y=\"50\" data-alt=\"Ausstellungsansicht &quot;color constructs. Harald Pompl - Robert Sagerman&quot;, Galerie Renate Bender 2021\" data-title=\"\"><picture class=\"skip-lazy\" data-skip-lazy=\"1\"><img decoding=\"async\" src=\"\/\/www.galerie-bender.de\/wp-content\/uploads\/2021\/11\/Raum_cc21_16.jpg\" alt=\"Ausstellungsansicht &quot;color constructs. Harald Pompl - Robert Sagerman&quot;, Galerie Renate Bender 2021\" title=\"\" loading=\"lazy\" class=\"skip-lazy\" data-skip-lazy=\"1\"><\/picture><\/div><div data-color=\"RGBA(255,255,255,0)\" style=\"background-color: RGBA(255,255,255,0);\" class=\"n2-ss-slide-background-color\"><\/div><\/div><div class=\"n2-ss-slide-background\" data-public-id=\"11\" data-mode=\"fill\" aria-hidden=\"true\"><div class=\"n2-ss-slide-background-image\" data-blur=\"0\" data-opacity=\"100\" data-x=\"50\" data-y=\"50\" data-alt=\"Ausstellungsansicht &quot;color constructs. Harald Pompl - Robert Sagerman&quot;, Galerie Renate Bender 2021\" data-title=\"\"><picture class=\"skip-lazy\" data-skip-lazy=\"1\"><img decoding=\"async\" src=\"\/\/www.galerie-bender.de\/wp-content\/uploads\/2021\/12\/Raum_cc21_21.jpg\" alt=\"Ausstellungsansicht &quot;color constructs. Harald Pompl - Robert Sagerman&quot;, Galerie Renate Bender 2021\" title=\"\" loading=\"lazy\" class=\"skip-lazy\" data-skip-lazy=\"1\"><\/picture><\/div><div data-color=\"RGBA(255,255,255,0)\" style=\"background-color: RGBA(255,255,255,0);\" class=\"n2-ss-slide-background-color\"><\/div><\/div><div class=\"n2-ss-slide-background\" data-public-id=\"12\" data-mode=\"fill\" aria-hidden=\"true\"><div class=\"n2-ss-slide-background-image\" data-blur=\"0\" data-opacity=\"100\" data-x=\"50\" data-y=\"50\" data-alt=\"Ausstellungsansicht &quot;color constructs. Harald Pompl - Robert Sagerman&quot;, Galerie Renate Bender 2021\" data-title=\"\"><picture class=\"skip-lazy\" data-skip-lazy=\"1\"><img decoding=\"async\" src=\"\/\/www.galerie-bender.de\/wp-content\/uploads\/2021\/11\/Raum_cc21_7.jpg\" alt=\"Ausstellungsansicht &quot;color constructs. Harald Pompl - Robert Sagerman&quot;, Galerie Renate Bender 2021\" title=\"\" loading=\"lazy\" class=\"skip-lazy\" data-skip-lazy=\"1\"><\/picture><\/div><div data-color=\"RGBA(255,255,255,0)\" style=\"background-color: RGBA(255,255,255,0);\" class=\"n2-ss-slide-background-color\"><\/div><\/div><\/div>                    <div class=\"n2-ss-slider-4 n2-ow\">\n                        <svg xmlns=\"http:\/\/www.w3.org\/2000\/svg\" viewBox=\"0 0 1920 800\" data-related-device=\"desktopPortrait\" class=\"n2-ow n2-ss-preserve-size n2-ss-preserve-size--slider n2-ss-slide-limiter\"><\/svg><div data-first=\"1\" data-slide-duration=\"0\" data-id=\"2068\" data-slide-public-id=\"1\" data-title=\"Ausstellungsansicht &quot;color constructs. Harald Pompl - Robert Sagerman&quot;, Galerie Renate Bender 2021\" class=\"n2-ss-slide n2-ow  n2-ss-slide-2068\"><div role=\"note\" class=\"n2-ss-slide--focus\" tabindex=\"-1\">Ausstellungsansicht &#8222;color constructs. Harald Pompl &#8211; Robert Sagerman&#8220;, Galerie Renate Bender 2021<\/div><div class=\"n2-ss-layers-container n2-ss-slide-limiter n2-ow\"><div class=\"n2-ss-layer n2-ow n-uc-YAS4WZcBS7ab\" data-sstype=\"slide\" data-pm=\"default\"><\/div><\/div><\/div><div data-slide-duration=\"0\" data-id=\"2060\" data-slide-public-id=\"2\" aria-hidden=\"true\" data-title=\"Ausstellungsansicht &quot;color constructs. Harald Pompl - Robert Sagerman&quot;, Galerie Renate Bender 2021\" class=\"n2-ss-slide n2-ow  n2-ss-slide-2060\"><div role=\"note\" class=\"n2-ss-slide--focus\" tabindex=\"-1\">Ausstellungsansicht &#8222;color constructs. Harald Pompl &#8211; Robert Sagerman&#8220;, Galerie Renate Bender 2021<\/div><div class=\"n2-ss-layers-container n2-ss-slide-limiter n2-ow\"><div class=\"n2-ss-layer n2-ow n-uc-Adr0vOweU13Z\" data-sstype=\"slide\" data-pm=\"default\"><\/div><\/div><\/div><div data-slide-duration=\"0\" data-id=\"2069\" data-slide-public-id=\"3\" aria-hidden=\"true\" data-title=\"Ausstellungsansicht &quot;color constructs. Harald Pompl - Robert Sagerman&quot;, Galerie Renate Bender 2021\" class=\"n2-ss-slide n2-ow  n2-ss-slide-2069\"><div role=\"note\" class=\"n2-ss-slide--focus\" tabindex=\"-1\">Ausstellungsansicht &#8222;color constructs. Harald Pompl &#8211; Robert Sagerman&#8220;, Galerie Renate Bender 2021<\/div><div class=\"n2-ss-layers-container n2-ss-slide-limiter n2-ow\"><div class=\"n2-ss-layer n2-ow n-uc-r7ZwJsJR6p0f\" data-sstype=\"slide\" data-pm=\"default\"><\/div><\/div><\/div><div data-slide-duration=\"0\" data-id=\"2062\" data-slide-public-id=\"4\" aria-hidden=\"true\" data-title=\"Ausstellungsansicht &quot;color constructs. Harald Pompl - Robert Sagerman&quot;, Galerie Renate Bender 2021\" class=\"n2-ss-slide n2-ow  n2-ss-slide-2062\"><div role=\"note\" class=\"n2-ss-slide--focus\" tabindex=\"-1\">Ausstellungsansicht &#8222;color constructs. Harald Pompl &#8211; Robert Sagerman&#8220;, Galerie Renate Bender 2021<\/div><div class=\"n2-ss-layers-container n2-ss-slide-limiter n2-ow\"><div class=\"n2-ss-layer n2-ow n-uc-XKReKTpKs0AK\" data-sstype=\"slide\" data-pm=\"default\"><\/div><\/div><\/div><div data-slide-duration=\"0\" data-id=\"2065\" data-slide-public-id=\"5\" aria-hidden=\"true\" data-title=\"Ausstellungsansicht &quot;color constructs. Harald Pompl - Robert Sagerman&quot;, Galerie Renate Bender 2021\" class=\"n2-ss-slide n2-ow  n2-ss-slide-2065\"><div role=\"note\" class=\"n2-ss-slide--focus\" tabindex=\"-1\">Ausstellungsansicht &#8222;color constructs. Harald Pompl &#8211; Robert Sagerman&#8220;, Galerie Renate Bender 2021<\/div><div class=\"n2-ss-layers-container n2-ss-slide-limiter n2-ow\"><div class=\"n2-ss-layer n2-ow n-uc-lNuNOOdQWJC1\" data-sstype=\"slide\" data-pm=\"default\"><\/div><\/div><\/div><div data-slide-duration=\"0\" data-id=\"2090\" data-slide-public-id=\"6\" aria-hidden=\"true\" data-title=\"Ausstellungsansicht &quot;color constructs. Harald Pompl - Robert Sagerman&quot;, Galerie Renate Bender 2021\" class=\"n2-ss-slide n2-ow  n2-ss-slide-2090\"><div role=\"note\" class=\"n2-ss-slide--focus\" tabindex=\"-1\">Ausstellungsansicht &#8222;color constructs. Harald Pompl &#8211; Robert Sagerman&#8220;, Galerie Renate Bender 2021<\/div><div class=\"n2-ss-layers-container n2-ss-slide-limiter n2-ow\"><div class=\"n2-ss-layer n2-ow n-uc-UKcsOqNsBsKI\" data-sstype=\"slide\" data-pm=\"default\"><\/div><\/div><\/div><div data-slide-duration=\"0\" data-id=\"2072\" data-slide-public-id=\"7\" aria-hidden=\"true\" data-title=\"Ausstellungsansicht &quot;color constructs. Harald Pompl - Robert Sagerman&quot;, Galerie Renate Bender 2021\" class=\"n2-ss-slide n2-ow  n2-ss-slide-2072\"><div role=\"note\" class=\"n2-ss-slide--focus\" tabindex=\"-1\">Ausstellungsansicht &#8222;color constructs. Harald Pompl &#8211; Robert Sagerman&#8220;, Galerie Renate Bender 2021<\/div><div class=\"n2-ss-layers-container n2-ss-slide-limiter n2-ow\"><div class=\"n2-ss-layer n2-ow n-uc-irxVtYcDoQYx\" data-sstype=\"slide\" data-pm=\"default\"><\/div><\/div><\/div><div data-slide-duration=\"0\" data-id=\"2067\" data-slide-public-id=\"8\" aria-hidden=\"true\" data-title=\"Ausstellungsansicht &quot;color constructs. Harald Pompl - Robert Sagerman&quot;, Galerie Renate Bender 2021\" class=\"n2-ss-slide n2-ow  n2-ss-slide-2067\"><div role=\"note\" class=\"n2-ss-slide--focus\" tabindex=\"-1\">Ausstellungsansicht &#8222;color constructs. Harald Pompl &#8211; Robert Sagerman&#8220;, Galerie Renate Bender 2021<\/div><div class=\"n2-ss-layers-container n2-ss-slide-limiter n2-ow\"><div class=\"n2-ss-layer n2-ow n-uc-9PcQC5ygN7N1\" data-sstype=\"slide\" data-pm=\"default\"><\/div><\/div><\/div><div data-slide-duration=\"0\" data-id=\"2066\" data-slide-public-id=\"9\" aria-hidden=\"true\" data-title=\"Ausstellungsansicht &quot;color constructs. Harald Pompl - Robert Sagerman&quot;, Galerie Renate Bender 2021\" class=\"n2-ss-slide n2-ow  n2-ss-slide-2066\"><div role=\"note\" class=\"n2-ss-slide--focus\" tabindex=\"-1\">Ausstellungsansicht &#8222;color constructs. Harald Pompl &#8211; Robert Sagerman&#8220;, Galerie Renate Bender 2021<\/div><div class=\"n2-ss-layers-container n2-ss-slide-limiter n2-ow\"><div class=\"n2-ss-layer n2-ow n-uc-xmoI3Go65ojV\" data-sstype=\"slide\" data-pm=\"default\"><\/div><\/div><\/div><div data-slide-duration=\"0\" data-id=\"2070\" data-slide-public-id=\"10\" aria-hidden=\"true\" data-title=\"Ausstellungsansicht &quot;color constructs. Harald Pompl - Robert Sagerman&quot;, Galerie Renate Bender 2021\" class=\"n2-ss-slide n2-ow  n2-ss-slide-2070\"><div role=\"note\" class=\"n2-ss-slide--focus\" tabindex=\"-1\">Ausstellungsansicht &#8222;color constructs. Harald Pompl &#8211; Robert Sagerman&#8220;, Galerie Renate Bender 2021<\/div><div class=\"n2-ss-layers-container n2-ss-slide-limiter n2-ow\"><div class=\"n2-ss-layer n2-ow n-uc-1405RIXsmMlq\" data-sstype=\"slide\" data-pm=\"default\"><\/div><\/div><\/div><div data-slide-duration=\"0\" data-id=\"2192\" data-slide-public-id=\"11\" aria-hidden=\"true\" data-title=\"Ausstellungsansicht &quot;color constructs. Harald Pompl - Robert Sagerman&quot;, Galerie Renate Bender 2021\" class=\"n2-ss-slide n2-ow  n2-ss-slide-2192\"><div role=\"note\" class=\"n2-ss-slide--focus\" tabindex=\"-1\">Ausstellungsansicht &#8222;color constructs. Harald Pompl &#8211; Robert Sagerman&#8220;, Galerie Renate Bender 2021<\/div><div class=\"n2-ss-layers-container n2-ss-slide-limiter n2-ow\"><div class=\"n2-ss-layer n2-ow n-uc-hQbytyYT85fZ\" data-sstype=\"slide\" data-pm=\"default\"><\/div><\/div><\/div><div data-slide-duration=\"0\" data-id=\"2064\" data-slide-public-id=\"12\" aria-hidden=\"true\" data-title=\"Ausstellungsansicht &quot;color constructs. Harald Pompl - Robert Sagerman&quot;, Galerie Renate Bender 2021\" class=\"n2-ss-slide n2-ow  n2-ss-slide-2064\"><div role=\"note\" class=\"n2-ss-slide--focus\" tabindex=\"-1\">Ausstellungsansicht &#8222;color constructs. Harald Pompl &#8211; Robert Sagerman&#8220;, Galerie Renate Bender 2021<\/div><div class=\"n2-ss-layers-container n2-ss-slide-limiter n2-ow\"><div class=\"n2-ss-layer n2-ow n-uc-KyZfX6s0NiH3\" data-sstype=\"slide\" data-pm=\"default\"><\/div><\/div><\/div>                    <\/div>\n\n                                    <\/div>\n            <\/div>\n        <\/div>\n        <div class=\"n2-ss-slider-controls n2-ss-slider-controls-absolute-left-center\"><div style=\"--widget-offset:15px;\" class=\"n2-ss-widget nextend-arrow n2-ow-all nextend-arrow-previous  nextend-arrow-animated-fade\" data-hide-mobileportrait=\"1\" id=\"n2-ss-125-arrow-previous\" role=\"button\" aria-label=\"previous arrow\" tabindex=\"0\"><img loading=\"lazy\" decoding=\"async\" width=\"32\" height=\"32\" class=\"n2-arrow-normal-img skip-lazy\" data-skip-lazy=\"1\" src=\"data:image\/svg+xml;base64,PHN2ZyB3aWR0aD0iMzIiIGhlaWdodD0iMzIiIHZpZXdCb3g9IjAgMCAzMiAzMiIgeG1sbnM9Imh0dHA6Ly93d3cudzMub3JnLzIwMDAvc3ZnIj4KICAgIDxwYXRoIGQ9Ik0xMS40MzMgMTUuOTkyTDIyLjY5IDUuNzEyYy4zOTMtLjM5LjM5My0xLjAzIDAtMS40Mi0uMzkzLS4zOS0xLjAzLS4zOS0xLjQyMyAwbC0xMS45OCAxMC45NGMtLjIxLjIxLS4zLjQ5LS4yODUuNzYtLjAxNS4yOC4wNzUuNTYuMjg0Ljc3bDExLjk4IDEwLjk0Yy4zOTMuMzkgMS4wMy4zOSAxLjQyNCAwIC4zOTMtLjQuMzkzLTEuMDMgMC0xLjQybC0xMS4yNTctMTAuMjkiCiAgICAgICAgICBmaWxsPSIjY2VkM2Q1IiBvcGFjaXR5PSIxIiBmaWxsLXJ1bGU9ImV2ZW5vZGQiLz4KPC9zdmc+\" alt=\"previous arrow\"><img loading=\"lazy\" decoding=\"async\" width=\"32\" height=\"32\" class=\"n2-arrow-hover-img skip-lazy\" data-skip-lazy=\"1\" src=\"data:image\/svg+xml;base64,PHN2ZyB3aWR0aD0iMzIiIGhlaWdodD0iMzIiIHZpZXdCb3g9IjAgMCAzMiAzMiIgeG1sbnM9Imh0dHA6Ly93d3cudzMub3JnLzIwMDAvc3ZnIj4KICAgIDxwYXRoIGQ9Ik0xMS40MzMgMTUuOTkyTDIyLjY5IDUuNzEyYy4zOTMtLjM5LjM5My0xLjAzIDAtMS40Mi0uMzkzLS4zOS0xLjAzLS4zOS0xLjQyMyAwbC0xMS45OCAxMC45NGMtLjIxLjIxLS4zLjQ5LS4yODUuNzYtLjAxNS4yOC4wNzUuNTYuMjg0Ljc3bDExLjk4IDEwLjk0Yy4zOTMuMzkgMS4wMy4zOSAxLjQyNCAwIC4zOTMtLjQuMzkzLTEuMDMgMC0xLjQybC0xMS4yNTctMTAuMjkiCiAgICAgICAgICBmaWxsPSIjMDAwMDAwIiBvcGFjaXR5PSIxIiBmaWxsLXJ1bGU9ImV2ZW5vZGQiLz4KPC9zdmc+\" alt=\"previous arrow\"><\/div><\/div><div class=\"n2-ss-slider-controls n2-ss-slider-controls-absolute-right-center\"><div style=\"--widget-offset:15px;\" class=\"n2-ss-widget nextend-arrow n2-ow-all nextend-arrow-next  nextend-arrow-animated-fade\" data-hide-mobileportrait=\"1\" id=\"n2-ss-125-arrow-next\" role=\"button\" aria-label=\"next arrow\" tabindex=\"0\"><img loading=\"lazy\" decoding=\"async\" width=\"32\" height=\"32\" class=\"n2-arrow-normal-img skip-lazy\" data-skip-lazy=\"1\" src=\"data:image\/svg+xml;base64,PHN2ZyB3aWR0aD0iMzIiIGhlaWdodD0iMzIiIHZpZXdCb3g9IjAgMCAzMiAzMiIgeG1sbnM9Imh0dHA6Ly93d3cudzMub3JnLzIwMDAvc3ZnIj4KICAgIDxwYXRoIGQ9Ik0xMC43MjIgNC4yOTNjLS4zOTQtLjM5LTEuMDMyLS4zOS0xLjQyNyAwLS4zOTMuMzktLjM5MyAxLjAzIDAgMS40MmwxMS4yODMgMTAuMjgtMTEuMjgzIDEwLjI5Yy0uMzkzLjM5LS4zOTMgMS4wMiAwIDEuNDIuMzk1LjM5IDEuMDMzLjM5IDEuNDI3IDBsMTIuMDA3LTEwLjk0Yy4yMS0uMjEuMy0uNDkuMjg0LS43Ny4wMTQtLjI3LS4wNzYtLjU1LS4yODYtLjc2TDEwLjcyIDQuMjkzeiIKICAgICAgICAgIGZpbGw9IiNjZWQzZDUiIG9wYWNpdHk9IjEiIGZpbGwtcnVsZT0iZXZlbm9kZCIvPgo8L3N2Zz4=\" alt=\"next arrow\"><img loading=\"lazy\" decoding=\"async\" width=\"32\" height=\"32\" class=\"n2-arrow-hover-img skip-lazy\" data-skip-lazy=\"1\" src=\"data:image\/svg+xml;base64,PHN2ZyB3aWR0aD0iMzIiIGhlaWdodD0iMzIiIHZpZXdCb3g9IjAgMCAzMiAzMiIgeG1sbnM9Imh0dHA6Ly93d3cudzMub3JnLzIwMDAvc3ZnIj4KICAgIDxwYXRoIGQ9Ik0xMC43MjIgNC4yOTNjLS4zOTQtLjM5LTEuMDMyLS4zOS0xLjQyNyAwLS4zOTMuMzktLjM5MyAxLjAzIDAgMS40MmwxMS4yODMgMTAuMjgtMTEuMjgzIDEwLjI5Yy0uMzkzLjM5LS4zOTMgMS4wMiAwIDEuNDIuMzk1LjM5IDEuMDMzLjM5IDEuNDI3IDBsMTIuMDA3LTEwLjk0Yy4yMS0uMjEuMy0uNDkuMjg0LS43Ny4wMTQtLjI3LS4wNzYtLjU1LS4yODYtLjc2TDEwLjcyIDQuMjkzeiIKICAgICAgICAgIGZpbGw9IiMwMDAwMDAiIG9wYWNpdHk9IjEiIGZpbGwtcnVsZT0iZXZlbm9kZCIvPgo8L3N2Zz4=\" alt=\"next arrow\"><\/div><\/div><\/div><div class=\"n2-ss-slider-controls n2-ss-slider-controls-below\"><div class=\"n2-ss-widget nextend-bar nextend-bar-horizontal n2-ss-widget-hidden n2-ow-all\" style=\"text-align: center;width:100%;\"><div class=\"n2-style-820f7b4778ca78a56ddbfeafd970141f-simple \"><span class=\"n2-font-3139fc3b7b0084541f2cdf658508f7aa-simple \">&nbsp;<\/span><\/div><\/div><\/div><\/div><\/div><ss3-loader><\/ss3-loader><\/div><\/div><div class=\"n2_clear\"><\/div><\/div><\/ss3-force-full-width><\/div>\n\n\n<div class=\"wp-block-image\"><figure class=\"alignright size-full is-resized\"><img loading=\"lazy\" decoding=\"async\" src=\"https:\/\/www.galerie-bender.de\/wp-content\/uploads\/2021\/11\/GALB_Pompl_Sagerman_594x840_M1507002_F39_150dpi_netto_neu-Kopie.jpg\" alt=\"\" class=\"wp-image-3314\" width=\"172\" height=\"172\" srcset=\"https:\/\/www.galerie-bender.de\/wp-content\/uploads\/2021\/11\/GALB_Pompl_Sagerman_594x840_M1507002_F39_150dpi_netto_neu-Kopie.jpg 800w, https:\/\/www.galerie-bender.de\/wp-content\/uploads\/2021\/11\/GALB_Pompl_Sagerman_594x840_M1507002_F39_150dpi_netto_neu-Kopie-300x300.jpg 300w, https:\/\/www.galerie-bender.de\/wp-content\/uploads\/2021\/11\/GALB_Pompl_Sagerman_594x840_M1507002_F39_150dpi_netto_neu-Kopie-150x150.jpg 150w, https:\/\/www.galerie-bender.de\/wp-content\/uploads\/2021\/11\/GALB_Pompl_Sagerman_594x840_M1507002_F39_150dpi_netto_neu-Kopie-768x768.jpg 768w, https:\/\/www.galerie-bender.de\/wp-content\/uploads\/2021\/11\/GALB_Pompl_Sagerman_594x840_M1507002_F39_150dpi_netto_neu-Kopie-12x12.jpg 12w, https:\/\/www.galerie-bender.de\/wp-content\/uploads\/2021\/11\/GALB_Pompl_Sagerman_594x840_M1507002_F39_150dpi_netto_neu-Kopie-230x230.jpg 230w\" sizes=\"auto, (max-width: 172px) 100vw, 172px\" \/><\/figure><\/div>\n\n\n\n<p><strong>Color<\/strong> <strong>Constructs<\/strong><br><strong>Harald Pompl &#8211; Robert Sagerman<\/strong><\/p>\n\n\n\n<p>Vernissage: Donnerstag, 11. November 2021, 18 bis 21 Uhr<br>Matinee: Samstag, 13. November 2021, 12 bis 16 Uhr<\/p>\n\n\n\n<p><strong>Ausstellung vom 11. November bis 23. Dezember 2021<\/strong><br><strong>verl\u00e4ngert bis 22. Januar 2022<\/strong><\/p>\n\n\n\n<p><\/p>\n\n\n\n<p><\/p>\n\n\n\n<p><\/p>\n\n\n\n<p><\/p>\n\n\n\n<p><\/p>\n\n\n\n<p><\/p>\n\n\n\n<p>\u201eColor Constructs\u201c, der Titel der Ausstellung deutet schon an: es geht um Farbe und wie ein K\u00fcnstler Farbe entstehen l\u00e4sst.<\/p>\n\n\n\n<p><strong>Harald Pompl<\/strong>, der in Altdorf bei N\u00fcrnberg ans\u00e4ssige Bildhauer besch\u00e4ftigt sich seit vielen Jahren mit einem reichen Farbkanon aus Kunstharzen, die er meist im fl\u00fcssigen Zustand mit Pigmenten selbst einf\u00e4rbt. Die von ihm vorgefertigten Scheiben werden \u00fcbereinander gestapelt und dann zu einer massivem Form verdichtet. In seiner j\u00fcngsten Werkgruppe der \u201ecolor cubes\u201c gie\u00dft er das fl\u00fcssige farbige Kunstharz in Formen, die dann \u00fcbereinander geschichtet werden und so farbige, aber lichtdurchflutete massive Kuben entstehen.<\/p>\n\n\n\n<p><strong>Robert Sagerman<\/strong>, der in New Jersey, USA ans\u00e4ssige Maler platziert individuelle Tupfer genannt \u201emarks\u201c aus selbst anger\u00fchrter sehr dichter \u00d6lfarbe auf massive Holzunterbauten mit Leinwand bespannt. So baut er in minuti\u00f6ser Kleinarbeit \u00fcber Tage und Monate massive farbige Maloberfl\u00e4chen auf, die einmal angetrocknet, immer wieder mit einer neuen Schicht Tupfer versehen werden bis der Farbk\u00f6rper seinen Vorstellungen entspricht. Ebenso penibel tr\u00e4gt er in einem Tagebuch ein, wann er die Farbe anger\u00fchrt hat und wie viele \u201emarks\u201c er zu einer bestimmten Tageszeit in welcher Farbe aufgetragen hat.<\/p>\n\n\n\n<p><a href=\"https:\/\/www.galerie-bender.de\/wp-content\/uploads\/2021\/10\/GALB_Pompl_99x210_8s_M1507002_F39_150dpi_netto.pdf\"><strong>Flyer zur Ausstellung &#8222;Color Constructs&#8220; &#8211; Harald Pompl &#8211; 2021<\/strong> <\/a><\/p>\n\n\n\n<p><strong><a href=\"https:\/\/www.galerie-bender.de\/wp-content\/uploads\/2021\/11\/NEU_korr._GALB_Sagerman_99x210_8s_M1507002_F39_150dpi_netto.pdf\">Flyer zur Ausstellung &#8222;Color Constructs&#8220; &#8211; Robert Sagerman &#8211; 2021<\/a><\/strong><\/p>\n<\/div>","protected":false},"excerpt":{"rendered":"<p>Color ConstructsHarald Pompl &#8211; Robert Sagerman Vernissage: Donnerstag, 11. November 2021, 18 bis 21 UhrMatinee: Samstag, 13. November 2021, 12 bis 16 Uhr Ausstellung vom 11. November bis 23. Dezember 2021verl\u00e4ngert bis 22. Januar 2022 \u201eColor Constructs\u201c, der Titel der Ausstellung deutet schon an: es geht um Farbe und wie ein K\u00fcnstler Farbe entstehen l\u00e4sst. [&hellip;]<\/p>\n","protected":false},"author":3,"featured_media":0,"comment_status":"open","ping_status":"open","sticky":false,"template":"","format":"standard","meta":{"_eb_attr":"","_uag_custom_page_level_css":"","footnotes":""},"categories":[39],"tags":[],"class_list":["post-2823","post","type-post","status-publish","format-standard","hentry","category-ausstellungsarchiv"],"acf":[],"uagb_featured_image_src":{"full":false,"thumbnail":false,"medium":false,"medium_large":false,"large":false,"1536x1536":false,"2048x2048":false,"trp-custom-language-flag":false,"square":false,"post-thumbnail":false,"twentytwenty-fullscreen":false},"uagb_author_info":{"display_name":"Renate Bender","author_link":"https:\/\/www.galerie-bender.de\/de\/author\/bender\/"},"uagb_comment_info":0,"uagb_excerpt":"Color ConstructsHarald Pompl &#8211; Robert Sagerman Vernissage: Donnerstag, 11. November 2021, 18 bis 21 UhrMatinee: Samstag, 13. November 2021, 12 bis 16 Uhr Ausstellung vom 11. November bis 23. Dezember 2021verl\u00e4ngert bis 22. Januar 2022 \u201eColor Constructs\u201c, der Titel der Ausstellung deutet schon an: es geht um Farbe und wie ein K\u00fcnstler Farbe entstehen l\u00e4sst.&hellip;","_links":{"self":[{"href":"https:\/\/www.galerie-bender.de\/de\/wp-json\/wp\/v2\/posts\/2823","targetHints":{"allow":["GET"]}}],"collection":[{"href":"https:\/\/www.galerie-bender.de\/de\/wp-json\/wp\/v2\/posts"}],"about":[{"href":"https:\/\/www.galerie-bender.de\/de\/wp-json\/wp\/v2\/types\/post"}],"author":[{"embeddable":true,"href":"https:\/\/www.galerie-bender.de\/de\/wp-json\/wp\/v2\/users\/3"}],"replies":[{"embeddable":true,"href":"https:\/\/www.galerie-bender.de\/de\/wp-json\/wp\/v2\/comments?post=2823"}],"version-history":[{"count":0,"href":"https:\/\/www.galerie-bender.de\/de\/wp-json\/wp\/v2\/posts\/2823\/revisions"}],"wp:attachment":[{"href":"https:\/\/www.galerie-bender.de\/de\/wp-json\/wp\/v2\/media?parent=2823"}],"wp:term":[{"taxonomy":"category","embeddable":true,"href":"https:\/\/www.galerie-bender.de\/de\/wp-json\/wp\/v2\/categories?post=2823"},{"taxonomy":"post_tag","embeddable":true,"href":"https:\/\/www.galerie-bender.de\/de\/wp-json\/wp\/v2\/tags?post=2823"}],"curies":[{"name":"wp","href":"https:\/\/api.w.org\/{rel}","templated":true}]}}