{"id":3700,"date":"2022-02-25T15:48:46","date_gmt":"2022-02-25T14:48:46","guid":{"rendered":"https:\/\/www.galerie-bender.de\/?p=3700"},"modified":"2023-09-10T15:19:50","modified_gmt":"2023-09-10T14:19:50","slug":"jus-juchtmans-lars-strandh-zwei-europaeische-posionen-minimalistisher-malerei","status":"publish","type":"post","link":"https:\/\/www.galerie-bender.de\/de\/jus-juchtmans-lars-strandh-zwei-europaeische-posionen-minimalistisher-malerei\/","title":{"rendered":"Jus  Juchtmans &#8211; Lars Strandh                                   Zwei europ\u00e4ische Posionen minimalistischer Malerei"},"content":{"rendered":"<div id=\"modal-ready\"><div class=\"n2_clear\"><ss3-force-full-width data-overflow-x=\"body\" data-horizontal-selector=\"body\"><div class=\"n2-section-smartslider fitvidsignore artist_slider n2_clear\" data-ssid=\"131\" tabindex=\"0\" role=\"region\" aria-label=\"Slider\"><div id=\"n2-ss-131-align\" class=\"n2-ss-align\"><div class=\"n2-padding\"><div id=\"n2-ss-131\" data-creator=\"Smart Slider 3\" data-responsive=\"fullwidth\" class=\"n2-ss-slider n2-ow n2-has-hover n2notransition  \">\n\n\n\n\n\n\n\n\n\n\n\n\n\n<div class=\"n2-ss-slider-wrapper-outside\" style=\"grid-template-rows:1fr auto\"><div class=\"n2-ss-slider-wrapper-inside\">\n        <div class=\"n2-ss-slider-1 n2_ss__touch_element n2-ow\">\n            <div class=\"n2-ss-slider-2 n2-ow\">\n                                                <div class=\"n2-ss-slider-3 n2-ow\">\n\n                    <div class=\"n2-ss-slide-backgrounds n2-ow-all\"><div class=\"n2-ss-slide-background\" data-public-id=\"1\" data-mode=\"fill\"><div class=\"n2-ss-slide-background-image\" data-blur=\"0\" data-opacity=\"100\" data-x=\"50\" data-y=\"50\" data-alt=\"Ausstellungsansicht &quot;Zwei Europ\u00e4ische Positionen Minimalistischer Malerei -- Jus Juchtmans \/ Lars Strandh&quot;, Galerie Renate Bender 2022\" data-title=\"\"><picture class=\"skip-lazy\" data-skip-lazy=\"1\"><img decoding=\"async\" src=\"\/\/www.galerie-bender.de\/wp-content\/uploads\/2022\/05\/Raum_JL_1_Yan.jpg\" alt=\"Ausstellungsansicht &quot;Zwei Europ\u00e4ische Positionen Minimalistischer Malerei -- Jus Juchtmans \/ Lars Strandh&quot;, Galerie Renate Bender 2022\" title=\"\" loading=\"lazy\" class=\"skip-lazy\" data-skip-lazy=\"1\"><\/picture><\/div><div data-color=\"RGBA(255,255,255,0)\" style=\"background-color: RGBA(255,255,255,0);\" class=\"n2-ss-slide-background-color\"><\/div><\/div><div class=\"n2-ss-slide-background\" data-public-id=\"2\" data-mode=\"fill\" aria-hidden=\"true\"><div class=\"n2-ss-slide-background-image\" data-blur=\"0\" data-opacity=\"100\" data-x=\"50\" data-y=\"50\" data-alt=\"Ausstellungsansicht &quot;Zwei Europ\u00e4ische Positionen Minimalistischer Malerei -- Jus Juchtmans \/ Lars Strandh&quot;, Galerie Renate Bender 2022\" data-title=\"\"><picture class=\"skip-lazy\" data-skip-lazy=\"1\"><img decoding=\"async\" src=\"\/\/www.galerie-bender.de\/wp-content\/uploads\/2022\/05\/Raum_JL_2_Yan.jpg\" alt=\"Ausstellungsansicht &quot;Zwei Europ\u00e4ische Positionen Minimalistischer Malerei -- Jus Juchtmans \/ Lars Strandh&quot;, Galerie Renate Bender 2022\" title=\"\" loading=\"lazy\" class=\"skip-lazy\" data-skip-lazy=\"1\"><\/picture><\/div><div data-color=\"RGBA(255,255,255,0)\" style=\"background-color: RGBA(255,255,255,0);\" class=\"n2-ss-slide-background-color\"><\/div><\/div><div class=\"n2-ss-slide-background\" data-public-id=\"3\" data-mode=\"fill\" aria-hidden=\"true\"><div class=\"n2-ss-slide-background-image\" data-blur=\"0\" data-opacity=\"100\" data-x=\"50\" data-y=\"50\" data-alt=\"Ausstellungsansicht &quot;Zwei Europ\u00e4ische Positionen Minimalistischer Malerei -- Jus Juchtmans \/ Lars Strandh&quot;, Galerie Renate Bender 2022\" data-title=\"\"><picture class=\"skip-lazy\" data-skip-lazy=\"1\"><img decoding=\"async\" src=\"\/\/www.galerie-bender.de\/wp-content\/uploads\/2022\/05\/Raum_JL_5_Yan.jpg\" alt=\"Ausstellungsansicht &quot;Zwei Europ\u00e4ische Positionen Minimalistischer Malerei -- Jus Juchtmans \/ Lars Strandh&quot;, Galerie Renate Bender 2022\" title=\"\" loading=\"lazy\" class=\"skip-lazy\" data-skip-lazy=\"1\"><\/picture><\/div><div data-color=\"RGBA(255,255,255,0)\" style=\"background-color: RGBA(255,255,255,0);\" class=\"n2-ss-slide-background-color\"><\/div><\/div><div class=\"n2-ss-slide-background\" data-public-id=\"4\" data-mode=\"fill\" aria-hidden=\"true\"><div class=\"n2-ss-slide-background-image\" data-blur=\"0\" data-opacity=\"100\" data-x=\"50\" data-y=\"50\" data-alt=\"Ausstellungsansicht &quot;Zwei Europ\u00e4ische Positionen Minimalistischer Malerei -- Jus Juchtmans \/ Lars Strandh&quot;, Galerie Renate Bender 2022\" data-title=\"\"><picture class=\"skip-lazy\" data-skip-lazy=\"1\"><img decoding=\"async\" src=\"\/\/www.galerie-bender.de\/wp-content\/uploads\/2022\/05\/Raum_JL_7_Yan.jpg\" alt=\"Ausstellungsansicht &quot;Zwei Europ\u00e4ische Positionen Minimalistischer Malerei -- Jus Juchtmans \/ Lars Strandh&quot;, Galerie Renate Bender 2022\" title=\"\" loading=\"lazy\" class=\"skip-lazy\" data-skip-lazy=\"1\"><\/picture><\/div><div data-color=\"RGBA(255,255,255,0)\" style=\"background-color: RGBA(255,255,255,0);\" class=\"n2-ss-slide-background-color\"><\/div><\/div><div class=\"n2-ss-slide-background\" data-public-id=\"5\" data-mode=\"fill\" aria-hidden=\"true\"><div class=\"n2-ss-slide-background-image\" data-blur=\"0\" data-opacity=\"100\" data-x=\"50\" data-y=\"50\" data-alt=\"Ausstellungsansicht &quot;Zwei Europ\u00e4ische Positionen Minimalistischer Malerei -- Jus Juchtmans \/ Lars Strandh&quot;, Galerie Renate Bender 2022\" data-title=\"\"><picture class=\"skip-lazy\" data-skip-lazy=\"1\"><img decoding=\"async\" src=\"\/\/www.galerie-bender.de\/wp-content\/uploads\/2022\/05\/Raum_JL_8_Yan.jpg\" alt=\"Ausstellungsansicht &quot;Zwei Europ\u00e4ische Positionen Minimalistischer Malerei -- Jus Juchtmans \/ Lars Strandh&quot;, Galerie Renate Bender 2022\" title=\"\" loading=\"lazy\" class=\"skip-lazy\" data-skip-lazy=\"1\"><\/picture><\/div><div data-color=\"RGBA(255,255,255,0)\" style=\"background-color: RGBA(255,255,255,0);\" class=\"n2-ss-slide-background-color\"><\/div><\/div><div class=\"n2-ss-slide-background\" data-public-id=\"6\" data-mode=\"fill\" aria-hidden=\"true\"><div class=\"n2-ss-slide-background-image\" data-blur=\"0\" data-opacity=\"100\" data-x=\"50\" data-y=\"50\" data-alt=\"Ausstellungsansicht &quot;Zwei Europ\u00e4ische Positionen Minimalistischer Malerei -- Jus Juchtmans \/ Lars Strandh&quot;, Galerie Renate Bender 2022\" data-title=\"\"><picture class=\"skip-lazy\" data-skip-lazy=\"1\"><img decoding=\"async\" src=\"\/\/www.galerie-bender.de\/wp-content\/uploads\/2022\/05\/Raum_JL_10_Yan.jpg\" alt=\"Ausstellungsansicht &quot;Zwei Europ\u00e4ische Positionen Minimalistischer Malerei -- Jus Juchtmans \/ Lars Strandh&quot;, Galerie Renate Bender 2022\" title=\"\" loading=\"lazy\" class=\"skip-lazy\" data-skip-lazy=\"1\"><\/picture><\/div><div data-color=\"RGBA(255,255,255,0)\" style=\"background-color: RGBA(255,255,255,0);\" class=\"n2-ss-slide-background-color\"><\/div><\/div><div class=\"n2-ss-slide-background\" data-public-id=\"7\" data-mode=\"fill\" aria-hidden=\"true\"><div class=\"n2-ss-slide-background-image\" data-blur=\"0\" data-opacity=\"100\" data-x=\"50\" data-y=\"50\" data-alt=\"Ausstellungsansicht &quot;Zwei Europ\u00e4ische Positionen Minimalistischer Malerei -- Jus Juchtmans \/ Lars Strandh&quot;, Galerie Renate Bender 2022\" data-title=\"\"><picture class=\"skip-lazy\" data-skip-lazy=\"1\"><img decoding=\"async\" src=\"\/\/www.galerie-bender.de\/wp-content\/uploads\/2022\/05\/Raum_JL_12_Yan.jpg\" alt=\"Ausstellungsansicht &quot;Zwei Europ\u00e4ische Positionen Minimalistischer Malerei -- Jus Juchtmans \/ Lars Strandh&quot;, Galerie Renate Bender 2022\" title=\"\" loading=\"lazy\" class=\"skip-lazy\" data-skip-lazy=\"1\"><\/picture><\/div><div data-color=\"RGBA(255,255,255,0)\" style=\"background-color: RGBA(255,255,255,0);\" class=\"n2-ss-slide-background-color\"><\/div><\/div><div class=\"n2-ss-slide-background\" data-public-id=\"8\" data-mode=\"fill\" aria-hidden=\"true\"><div class=\"n2-ss-slide-background-image\" data-blur=\"0\" data-opacity=\"100\" data-x=\"50\" data-y=\"50\" data-alt=\"Ausstellungsansicht &quot;Zwei Europ\u00e4ische Positionen Minimalistischer Malerei -- Jus Juchtmans \/ Lars Strandh&quot;, Galerie Renate Bender 2022\" data-title=\"\"><picture class=\"skip-lazy\" data-skip-lazy=\"1\"><img decoding=\"async\" src=\"\/\/www.galerie-bender.de\/wp-content\/uploads\/2022\/05\/Raum_JL_13_Yan.jpg\" alt=\"Ausstellungsansicht &quot;Zwei Europ\u00e4ische Positionen Minimalistischer Malerei -- Jus Juchtmans \/ Lars Strandh&quot;, Galerie Renate Bender 2022\" title=\"\" loading=\"lazy\" class=\"skip-lazy\" data-skip-lazy=\"1\"><\/picture><\/div><div data-color=\"RGBA(255,255,255,0)\" style=\"background-color: RGBA(255,255,255,0);\" class=\"n2-ss-slide-background-color\"><\/div><\/div><div class=\"n2-ss-slide-background\" data-public-id=\"9\" data-mode=\"fill\" aria-hidden=\"true\"><div class=\"n2-ss-slide-background-image\" data-blur=\"0\" data-opacity=\"100\" data-x=\"50\" data-y=\"50\" data-alt=\"Ausstellungsansicht &quot;Zwei Europ\u00e4ische Positionen Minimalistischer Malerei -- Jus Juchtmans \/ Lars Strandh&quot;, Galerie Renate Bender 2022\" data-title=\"\"><picture class=\"skip-lazy\" data-skip-lazy=\"1\"><img decoding=\"async\" src=\"\/\/www.galerie-bender.de\/wp-content\/uploads\/2022\/05\/Raum_JL_18_Yan.jpg\" alt=\"Ausstellungsansicht &quot;Zwei Europ\u00e4ische Positionen Minimalistischer Malerei -- Jus Juchtmans \/ Lars Strandh&quot;, Galerie Renate Bender 2022\" title=\"\" loading=\"lazy\" class=\"skip-lazy\" data-skip-lazy=\"1\"><\/picture><\/div><div data-color=\"RGBA(255,255,255,0)\" style=\"background-color: RGBA(255,255,255,0);\" class=\"n2-ss-slide-background-color\"><\/div><\/div><div class=\"n2-ss-slide-background\" data-public-id=\"10\" data-mode=\"fill\" aria-hidden=\"true\"><div class=\"n2-ss-slide-background-image\" data-blur=\"0\" data-opacity=\"100\" data-x=\"50\" data-y=\"50\" data-alt=\"Ausstellungsansicht &quot;Zwei Europ\u00e4ische Positionen Minimalistischer Malerei -- Jus Juchtmans \/ Lars Strandh&quot;, Galerie Renate Bender 2022\" data-title=\"\"><picture class=\"skip-lazy\" data-skip-lazy=\"1\"><img decoding=\"async\" src=\"\/\/www.galerie-bender.de\/wp-content\/uploads\/2022\/05\/Raum_JL_19_Yan.jpg\" alt=\"Ausstellungsansicht &quot;Zwei Europ\u00e4ische Positionen Minimalistischer Malerei -- Jus Juchtmans \/ Lars Strandh&quot;, Galerie Renate Bender 2022\" title=\"\" loading=\"lazy\" class=\"skip-lazy\" data-skip-lazy=\"1\"><\/picture><\/div><div data-color=\"RGBA(255,255,255,0)\" style=\"background-color: RGBA(255,255,255,0);\" class=\"n2-ss-slide-background-color\"><\/div><\/div><div class=\"n2-ss-slide-background\" data-public-id=\"11\" data-mode=\"fill\" aria-hidden=\"true\"><div class=\"n2-ss-slide-background-image\" data-blur=\"0\" data-opacity=\"100\" data-x=\"50\" data-y=\"50\" data-alt=\"Ausstellungsansicht &quot;Zwei Europ\u00e4ische Positionen Minimalistischer Malerei -- Jus Juchtmans \/ Lars Strandh&quot;, Galerie Renate Bender 2022\" data-title=\"\"><picture class=\"skip-lazy\" data-skip-lazy=\"1\"><img decoding=\"async\" src=\"\/\/www.galerie-bender.de\/wp-content\/uploads\/2022\/05\/Raum_JL_20_Yan.jpg\" alt=\"Ausstellungsansicht &quot;Zwei Europ\u00e4ische Positionen Minimalistischer Malerei -- Jus Juchtmans \/ Lars Strandh&quot;, Galerie Renate Bender 2022\" title=\"\" loading=\"lazy\" class=\"skip-lazy\" data-skip-lazy=\"1\"><\/picture><\/div><div data-color=\"RGBA(255,255,255,0)\" style=\"background-color: RGBA(255,255,255,0);\" class=\"n2-ss-slide-background-color\"><\/div><\/div><div class=\"n2-ss-slide-background\" data-public-id=\"12\" data-mode=\"fill\" aria-hidden=\"true\"><div class=\"n2-ss-slide-background-image\" data-blur=\"0\" data-opacity=\"100\" data-x=\"50\" data-y=\"50\" data-alt=\"Ausstellungsansicht &quot;Zwei Europ\u00e4ische Positionen Minimalistischer Malerei -- Jus Juchtmans \/ Lars Strandh&quot;, Galerie Renate Bender 2022\" data-title=\"\"><picture class=\"skip-lazy\" data-skip-lazy=\"1\"><img decoding=\"async\" src=\"\/\/www.galerie-bender.de\/wp-content\/uploads\/2022\/05\/Raum_JL_23_Yan.jpg\" alt=\"Ausstellungsansicht &quot;Zwei Europ\u00e4ische Positionen Minimalistischer Malerei -- Jus Juchtmans \/ Lars Strandh&quot;, Galerie Renate Bender 2022\" title=\"\" loading=\"lazy\" class=\"skip-lazy\" data-skip-lazy=\"1\"><\/picture><\/div><div data-color=\"RGBA(255,255,255,0)\" style=\"background-color: RGBA(255,255,255,0);\" class=\"n2-ss-slide-background-color\"><\/div><\/div><div class=\"n2-ss-slide-background\" data-public-id=\"13\" data-mode=\"fill\" aria-hidden=\"true\"><div class=\"n2-ss-slide-background-image\" data-blur=\"0\" data-opacity=\"100\" data-x=\"50\" data-y=\"50\" data-alt=\"Ausstellungsansicht &quot;Zwei Europ\u00e4ische Positionen Minimalistischer Malerei -- Jus Juchtmans \/ Lars Strandh&quot;, Galerie Renate Bender 2022\" data-title=\"\"><picture class=\"skip-lazy\" data-skip-lazy=\"1\"><img decoding=\"async\" src=\"\/\/www.galerie-bender.de\/wp-content\/uploads\/2022\/05\/Raum_JL_24_Yan.jpg\" alt=\"Ausstellungsansicht &quot;Zwei Europ\u00e4ische Positionen Minimalistischer Malerei -- Jus Juchtmans \/ Lars Strandh&quot;, Galerie Renate Bender 2022\" title=\"\" loading=\"lazy\" class=\"skip-lazy\" data-skip-lazy=\"1\"><\/picture><\/div><div data-color=\"RGBA(255,255,255,0)\" style=\"background-color: RGBA(255,255,255,0);\" class=\"n2-ss-slide-background-color\"><\/div><\/div><\/div>                    <div class=\"n2-ss-slider-4 n2-ow\">\n                        <svg xmlns=\"http:\/\/www.w3.org\/2000\/svg\" viewBox=\"0 0 1920 800\" data-related-device=\"desktopPortrait\" class=\"n2-ow n2-ss-preserve-size n2-ss-preserve-size--slider n2-ss-slide-limiter\"><\/svg><div data-first=\"1\" data-slide-duration=\"0\" data-id=\"2358\" data-slide-public-id=\"1\" data-title=\"Ausstellungsansicht &quot;Zwei Europ\u00e4ische Positionen Minimalistischer Malerei -- Jus Juchtmans \/ Lars Strandh&quot;, Galerie Renate Bender 2022\" class=\"n2-ss-slide n2-ow  n2-ss-slide-2358\"><div role=\"note\" class=\"n2-ss-slide--focus\" tabindex=\"-1\">Ausstellungsansicht &#8222;Zwei Europ\u00e4ische Positionen Minimalistischer Malerei &#8212; Jus Juchtmans \/ Lars Strandh&#8220;, Galerie Renate Bender 2022<\/div><div class=\"n2-ss-layers-container n2-ss-slide-limiter n2-ow\"><div class=\"n2-ss-layer n2-ow n-uc-DfFY4qvKJ1oX\" data-sstype=\"slide\" data-pm=\"default\"><\/div><\/div><\/div><div data-slide-duration=\"0\" data-id=\"2359\" data-slide-public-id=\"2\" aria-hidden=\"true\" data-title=\"Ausstellungsansicht &quot;Zwei Europ\u00e4ische Positionen Minimalistischer Malerei -- Jus Juchtmans \/ Lars Strandh&quot;, Galerie Renate Bender 2022\" class=\"n2-ss-slide n2-ow  n2-ss-slide-2359\"><div role=\"note\" class=\"n2-ss-slide--focus\" tabindex=\"-1\">Ausstellungsansicht &#8222;Zwei Europ\u00e4ische Positionen Minimalistischer Malerei &#8212; Jus Juchtmans \/ Lars Strandh&#8220;, Galerie Renate Bender 2022<\/div><div class=\"n2-ss-layers-container n2-ss-slide-limiter n2-ow\"><div class=\"n2-ss-layer n2-ow n-uc-yaG8L7v6ENO3\" data-sstype=\"slide\" data-pm=\"default\"><\/div><\/div><\/div><div data-slide-duration=\"0\" data-id=\"2360\" data-slide-public-id=\"3\" aria-hidden=\"true\" data-title=\"Ausstellungsansicht &quot;Zwei Europ\u00e4ische Positionen Minimalistischer Malerei -- Jus Juchtmans \/ Lars Strandh&quot;, Galerie Renate Bender 2022\" class=\"n2-ss-slide n2-ow  n2-ss-slide-2360\"><div role=\"note\" class=\"n2-ss-slide--focus\" tabindex=\"-1\">Ausstellungsansicht &#8222;Zwei Europ\u00e4ische Positionen Minimalistischer Malerei &#8212; Jus Juchtmans \/ Lars Strandh&#8220;, Galerie Renate Bender 2022<\/div><div class=\"n2-ss-layers-container n2-ss-slide-limiter n2-ow\"><div class=\"n2-ss-layer n2-ow n-uc-A0NN4GMHTOy2\" data-sstype=\"slide\" data-pm=\"default\"><\/div><\/div><\/div><div data-slide-duration=\"0\" data-id=\"2361\" data-slide-public-id=\"4\" aria-hidden=\"true\" data-title=\"Ausstellungsansicht &quot;Zwei Europ\u00e4ische Positionen Minimalistischer Malerei -- Jus Juchtmans \/ Lars Strandh&quot;, Galerie Renate Bender 2022\" class=\"n2-ss-slide n2-ow  n2-ss-slide-2361\"><div role=\"note\" class=\"n2-ss-slide--focus\" tabindex=\"-1\">Ausstellungsansicht &#8222;Zwei Europ\u00e4ische Positionen Minimalistischer Malerei &#8212; Jus Juchtmans \/ Lars Strandh&#8220;, Galerie Renate Bender 2022<\/div><div class=\"n2-ss-layers-container n2-ss-slide-limiter n2-ow\"><div class=\"n2-ss-layer n2-ow n-uc-PjGxnB59DEYx\" data-sstype=\"slide\" data-pm=\"default\"><\/div><\/div><\/div><div data-slide-duration=\"0\" data-id=\"2362\" data-slide-public-id=\"5\" aria-hidden=\"true\" data-title=\"Ausstellungsansicht &quot;Zwei Europ\u00e4ische Positionen Minimalistischer Malerei -- Jus Juchtmans \/ Lars Strandh&quot;, Galerie Renate Bender 2022\" class=\"n2-ss-slide n2-ow  n2-ss-slide-2362\"><div role=\"note\" class=\"n2-ss-slide--focus\" tabindex=\"-1\">Ausstellungsansicht &#8222;Zwei Europ\u00e4ische Positionen Minimalistischer Malerei &#8212; Jus Juchtmans \/ Lars Strandh&#8220;, Galerie Renate Bender 2022<\/div><div class=\"n2-ss-layers-container n2-ss-slide-limiter n2-ow\"><div class=\"n2-ss-layer n2-ow n-uc-TxE5x0IEiNTV\" data-sstype=\"slide\" data-pm=\"default\"><\/div><\/div><\/div><div data-slide-duration=\"0\" data-id=\"2363\" data-slide-public-id=\"6\" aria-hidden=\"true\" data-title=\"Ausstellungsansicht &quot;Zwei Europ\u00e4ische Positionen Minimalistischer Malerei -- Jus Juchtmans \/ Lars Strandh&quot;, Galerie Renate Bender 2022\" class=\"n2-ss-slide n2-ow  n2-ss-slide-2363\"><div role=\"note\" class=\"n2-ss-slide--focus\" tabindex=\"-1\">Ausstellungsansicht &#8222;Zwei Europ\u00e4ische Positionen Minimalistischer Malerei &#8212; Jus Juchtmans \/ Lars Strandh&#8220;, Galerie Renate Bender 2022<\/div><div class=\"n2-ss-layers-container n2-ss-slide-limiter n2-ow\"><div class=\"n2-ss-layer n2-ow n-uc-csntDMrqayEv\" data-sstype=\"slide\" data-pm=\"default\"><\/div><\/div><\/div><div data-slide-duration=\"0\" data-id=\"2364\" data-slide-public-id=\"7\" aria-hidden=\"true\" data-title=\"Ausstellungsansicht &quot;Zwei Europ\u00e4ische Positionen Minimalistischer Malerei -- Jus Juchtmans \/ Lars Strandh&quot;, Galerie Renate Bender 2022\" class=\"n2-ss-slide n2-ow  n2-ss-slide-2364\"><div role=\"note\" class=\"n2-ss-slide--focus\" tabindex=\"-1\">Ausstellungsansicht &#8222;Zwei Europ\u00e4ische Positionen Minimalistischer Malerei &#8212; Jus Juchtmans \/ Lars Strandh&#8220;, Galerie Renate Bender 2022<\/div><div class=\"n2-ss-layers-container n2-ss-slide-limiter n2-ow\"><div class=\"n2-ss-layer n2-ow n-uc-zdLgZvRRqhWb\" data-sstype=\"slide\" data-pm=\"default\"><\/div><\/div><\/div><div data-slide-duration=\"0\" data-id=\"2365\" data-slide-public-id=\"8\" aria-hidden=\"true\" data-title=\"Ausstellungsansicht &quot;Zwei Europ\u00e4ische Positionen Minimalistischer Malerei -- Jus Juchtmans \/ Lars Strandh&quot;, Galerie Renate Bender 2022\" class=\"n2-ss-slide n2-ow  n2-ss-slide-2365\"><div role=\"note\" class=\"n2-ss-slide--focus\" tabindex=\"-1\">Ausstellungsansicht &#8222;Zwei Europ\u00e4ische Positionen Minimalistischer Malerei &#8212; Jus Juchtmans \/ Lars Strandh&#8220;, Galerie Renate Bender 2022<\/div><div class=\"n2-ss-layers-container n2-ss-slide-limiter n2-ow\"><div class=\"n2-ss-layer n2-ow n-uc-sqjQkzyyHjhx\" data-sstype=\"slide\" data-pm=\"default\"><\/div><\/div><\/div><div data-slide-duration=\"0\" data-id=\"2366\" data-slide-public-id=\"9\" aria-hidden=\"true\" data-title=\"Ausstellungsansicht &quot;Zwei Europ\u00e4ische Positionen Minimalistischer Malerei -- Jus Juchtmans \/ Lars Strandh&quot;, Galerie Renate Bender 2022\" class=\"n2-ss-slide n2-ow  n2-ss-slide-2366\"><div role=\"note\" class=\"n2-ss-slide--focus\" tabindex=\"-1\">Ausstellungsansicht &#8222;Zwei Europ\u00e4ische Positionen Minimalistischer Malerei &#8212; Jus Juchtmans \/ Lars Strandh&#8220;, Galerie Renate Bender 2022<\/div><div class=\"n2-ss-layers-container n2-ss-slide-limiter n2-ow\"><div class=\"n2-ss-layer n2-ow n-uc-WYtk08YvKu4y\" data-sstype=\"slide\" data-pm=\"default\"><\/div><\/div><\/div><div data-slide-duration=\"0\" data-id=\"2370\" data-slide-public-id=\"10\" aria-hidden=\"true\" data-title=\"Ausstellungsansicht &quot;Zwei Europ\u00e4ische Positionen Minimalistischer Malerei -- Jus Juchtmans \/ Lars Strandh&quot;, Galerie Renate Bender 2022\" class=\"n2-ss-slide n2-ow  n2-ss-slide-2370\"><div role=\"note\" class=\"n2-ss-slide--focus\" tabindex=\"-1\">Ausstellungsansicht &#8222;Zwei Europ\u00e4ische Positionen Minimalistischer Malerei &#8212; Jus Juchtmans \/ Lars Strandh&#8220;, Galerie Renate Bender 2022<\/div><div class=\"n2-ss-layers-container n2-ss-slide-limiter n2-ow\"><div class=\"n2-ss-layer n2-ow n-uc-fj0qcI12E9Dp\" data-sstype=\"slide\" data-pm=\"default\"><\/div><\/div><\/div><div data-slide-duration=\"0\" data-id=\"2371\" data-slide-public-id=\"11\" aria-hidden=\"true\" data-title=\"Ausstellungsansicht &quot;Zwei Europ\u00e4ische Positionen Minimalistischer Malerei -- Jus Juchtmans \/ Lars Strandh&quot;, Galerie Renate Bender 2022\" class=\"n2-ss-slide n2-ow  n2-ss-slide-2371\"><div role=\"note\" class=\"n2-ss-slide--focus\" tabindex=\"-1\">Ausstellungsansicht &#8222;Zwei Europ\u00e4ische Positionen Minimalistischer Malerei &#8212; Jus Juchtmans \/ Lars Strandh&#8220;, Galerie Renate Bender 2022<\/div><div class=\"n2-ss-layers-container n2-ss-slide-limiter n2-ow\"><div class=\"n2-ss-layer n2-ow n-uc-T0gyXy2grC53\" data-sstype=\"slide\" data-pm=\"default\"><\/div><\/div><\/div><div data-slide-duration=\"0\" data-id=\"2372\" data-slide-public-id=\"12\" aria-hidden=\"true\" data-title=\"Ausstellungsansicht &quot;Zwei Europ\u00e4ische Positionen Minimalistischer Malerei -- Jus Juchtmans \/ Lars Strandh&quot;, Galerie Renate Bender 2022\" class=\"n2-ss-slide n2-ow  n2-ss-slide-2372\"><div role=\"note\" class=\"n2-ss-slide--focus\" tabindex=\"-1\">Ausstellungsansicht &#8222;Zwei Europ\u00e4ische Positionen Minimalistischer Malerei &#8212; Jus Juchtmans \/ Lars Strandh&#8220;, Galerie Renate Bender 2022<\/div><div class=\"n2-ss-layers-container n2-ss-slide-limiter n2-ow\"><div class=\"n2-ss-layer n2-ow n-uc-WksEuON3fwGT\" data-sstype=\"slide\" data-pm=\"default\"><\/div><\/div><\/div><div data-slide-duration=\"0\" data-id=\"2373\" data-slide-public-id=\"13\" aria-hidden=\"true\" data-title=\"Ausstellungsansicht &quot;Zwei Europ\u00e4ische Positionen Minimalistischer Malerei -- Jus Juchtmans \/ Lars Strandh&quot;, Galerie Renate Bender 2022\" class=\"n2-ss-slide n2-ow  n2-ss-slide-2373\"><div role=\"note\" class=\"n2-ss-slide--focus\" tabindex=\"-1\">Ausstellungsansicht &#8222;Zwei Europ\u00e4ische Positionen Minimalistischer Malerei &#8212; Jus Juchtmans \/ Lars Strandh&#8220;, Galerie Renate Bender 2022<\/div><div class=\"n2-ss-layers-container n2-ss-slide-limiter n2-ow\"><div class=\"n2-ss-layer n2-ow n-uc-utIa00onkFts\" data-sstype=\"slide\" data-pm=\"default\"><\/div><\/div><\/div>                    <\/div>\n\n                                    <\/div>\n            <\/div>\n        <\/div>\n        <div class=\"n2-ss-slider-controls n2-ss-slider-controls-absolute-left-center\"><div style=\"--widget-offset:15px;\" class=\"n2-ss-widget nextend-arrow n2-ow-all nextend-arrow-previous  nextend-arrow-animated-fade\" data-hide-mobileportrait=\"1\" id=\"n2-ss-131-arrow-previous\" role=\"button\" aria-label=\"previous arrow\" tabindex=\"0\"><img loading=\"lazy\" decoding=\"async\" width=\"32\" height=\"32\" class=\"n2-arrow-normal-img skip-lazy\" data-skip-lazy=\"1\" src=\"data:image\/svg+xml;base64,PHN2ZyB3aWR0aD0iMzIiIGhlaWdodD0iMzIiIHZpZXdCb3g9IjAgMCAzMiAzMiIgeG1sbnM9Imh0dHA6Ly93d3cudzMub3JnLzIwMDAvc3ZnIj4KICAgIDxwYXRoIGQ9Ik0xMS40MzMgMTUuOTkyTDIyLjY5IDUuNzEyYy4zOTMtLjM5LjM5My0xLjAzIDAtMS40Mi0uMzkzLS4zOS0xLjAzLS4zOS0xLjQyMyAwbC0xMS45OCAxMC45NGMtLjIxLjIxLS4zLjQ5LS4yODUuNzYtLjAxNS4yOC4wNzUuNTYuMjg0Ljc3bDExLjk4IDEwLjk0Yy4zOTMuMzkgMS4wMy4zOSAxLjQyNCAwIC4zOTMtLjQuMzkzLTEuMDMgMC0xLjQybC0xMS4yNTctMTAuMjkiCiAgICAgICAgICBmaWxsPSIjY2VkM2Q1IiBvcGFjaXR5PSIxIiBmaWxsLXJ1bGU9ImV2ZW5vZGQiLz4KPC9zdmc+\" alt=\"previous arrow\"><img loading=\"lazy\" decoding=\"async\" width=\"32\" height=\"32\" class=\"n2-arrow-hover-img skip-lazy\" data-skip-lazy=\"1\" src=\"data:image\/svg+xml;base64,PHN2ZyB3aWR0aD0iMzIiIGhlaWdodD0iMzIiIHZpZXdCb3g9IjAgMCAzMiAzMiIgeG1sbnM9Imh0dHA6Ly93d3cudzMub3JnLzIwMDAvc3ZnIj4KICAgIDxwYXRoIGQ9Ik0xMS40MzMgMTUuOTkyTDIyLjY5IDUuNzEyYy4zOTMtLjM5LjM5My0xLjAzIDAtMS40Mi0uMzkzLS4zOS0xLjAzLS4zOS0xLjQyMyAwbC0xMS45OCAxMC45NGMtLjIxLjIxLS4zLjQ5LS4yODUuNzYtLjAxNS4yOC4wNzUuNTYuMjg0Ljc3bDExLjk4IDEwLjk0Yy4zOTMuMzkgMS4wMy4zOSAxLjQyNCAwIC4zOTMtLjQuMzkzLTEuMDMgMC0xLjQybC0xMS4yNTctMTAuMjkiCiAgICAgICAgICBmaWxsPSIjMDAwMDAwIiBvcGFjaXR5PSIxIiBmaWxsLXJ1bGU9ImV2ZW5vZGQiLz4KPC9zdmc+\" alt=\"previous arrow\"><\/div><\/div><div class=\"n2-ss-slider-controls n2-ss-slider-controls-absolute-right-center\"><div style=\"--widget-offset:15px;\" class=\"n2-ss-widget nextend-arrow n2-ow-all nextend-arrow-next  nextend-arrow-animated-fade\" data-hide-mobileportrait=\"1\" id=\"n2-ss-131-arrow-next\" role=\"button\" aria-label=\"next arrow\" tabindex=\"0\"><img loading=\"lazy\" decoding=\"async\" width=\"32\" height=\"32\" class=\"n2-arrow-normal-img skip-lazy\" data-skip-lazy=\"1\" src=\"data:image\/svg+xml;base64,PHN2ZyB3aWR0aD0iMzIiIGhlaWdodD0iMzIiIHZpZXdCb3g9IjAgMCAzMiAzMiIgeG1sbnM9Imh0dHA6Ly93d3cudzMub3JnLzIwMDAvc3ZnIj4KICAgIDxwYXRoIGQ9Ik0xMC43MjIgNC4yOTNjLS4zOTQtLjM5LTEuMDMyLS4zOS0xLjQyNyAwLS4zOTMuMzktLjM5MyAxLjAzIDAgMS40MmwxMS4yODMgMTAuMjgtMTEuMjgzIDEwLjI5Yy0uMzkzLjM5LS4zOTMgMS4wMiAwIDEuNDIuMzk1LjM5IDEuMDMzLjM5IDEuNDI3IDBsMTIuMDA3LTEwLjk0Yy4yMS0uMjEuMy0uNDkuMjg0LS43Ny4wMTQtLjI3LS4wNzYtLjU1LS4yODYtLjc2TDEwLjcyIDQuMjkzeiIKICAgICAgICAgIGZpbGw9IiNjZWQzZDUiIG9wYWNpdHk9IjEiIGZpbGwtcnVsZT0iZXZlbm9kZCIvPgo8L3N2Zz4=\" alt=\"next arrow\"><img loading=\"lazy\" decoding=\"async\" width=\"32\" height=\"32\" class=\"n2-arrow-hover-img skip-lazy\" data-skip-lazy=\"1\" src=\"data:image\/svg+xml;base64,PHN2ZyB3aWR0aD0iMzIiIGhlaWdodD0iMzIiIHZpZXdCb3g9IjAgMCAzMiAzMiIgeG1sbnM9Imh0dHA6Ly93d3cudzMub3JnLzIwMDAvc3ZnIj4KICAgIDxwYXRoIGQ9Ik0xMC43MjIgNC4yOTNjLS4zOTQtLjM5LTEuMDMyLS4zOS0xLjQyNyAwLS4zOTMuMzktLjM5MyAxLjAzIDAgMS40MmwxMS4yODMgMTAuMjgtMTEuMjgzIDEwLjI5Yy0uMzkzLjM5LS4zOTMgMS4wMiAwIDEuNDIuMzk1LjM5IDEuMDMzLjM5IDEuNDI3IDBsMTIuMDA3LTEwLjk0Yy4yMS0uMjEuMy0uNDkuMjg0LS43Ny4wMTQtLjI3LS4wNzYtLjU1LS4yODYtLjc2TDEwLjcyIDQuMjkzeiIKICAgICAgICAgIGZpbGw9IiMwMDAwMDAiIG9wYWNpdHk9IjEiIGZpbGwtcnVsZT0iZXZlbm9kZCIvPgo8L3N2Zz4=\" alt=\"next arrow\"><\/div><\/div><\/div><div class=\"n2-ss-slider-controls n2-ss-slider-controls-below\"><div class=\"n2-ss-widget nextend-bar nextend-bar-horizontal n2-ss-widget-hidden n2-ow-all\" style=\"text-align: center;width:100%;\"><div class=\"n2-style-820f7b4778ca78a56ddbfeafd970141f-simple \"><span class=\"n2-font-3139fc3b7b0084541f2cdf658508f7aa-simple \">&nbsp;<\/span><\/div><\/div><\/div><\/div><\/div><ss3-loader><\/ss3-loader><\/div><\/div><div class=\"n2_clear\"><\/div><\/div><\/ss3-force-full-width><\/div>\n\n\n<h2 class=\"wp-block-heading\" id=\"jus-juchtmans-lars-strandh-zwei-europaische-posionen-minimalistisher-malerei\">Jus Juchtmans &#8211; Lars Strandh <br>Zwei europ\u00e4ische Positionen minimalistischer Malerei<\/h2>\n\n\n<div class=\"wp-block-image\">\n<figure class=\"alignright size-thumbnail\"><img loading=\"lazy\" decoding=\"async\" width=\"150\" height=\"150\" src=\"https:\/\/www.galerie-bender.de\/wp-content\/uploads\/2022\/05\/Plakat_neu_nur-Bild_GALB_Juchtman_Strandh_594x840_M1507002_F39_X3-150x150.jpg\" alt=\"Plakat_neu_&quot;Jus Juchtmans \u2013 Lars Strandh Zwei europ\u00e4ische Positionen minimalistischer Malerei&quot;, Galerie Renate Bender 2022\" class=\"wp-image-4119\" srcset=\"https:\/\/www.galerie-bender.de\/wp-content\/uploads\/2022\/05\/Plakat_neu_nur-Bild_GALB_Juchtman_Strandh_594x840_M1507002_F39_X3-150x150.jpg 150w, https:\/\/www.galerie-bender.de\/wp-content\/uploads\/2022\/05\/Plakat_neu_nur-Bild_GALB_Juchtman_Strandh_594x840_M1507002_F39_X3-11x12.jpg 11w, https:\/\/www.galerie-bender.de\/wp-content\/uploads\/2022\/05\/Plakat_neu_nur-Bild_GALB_Juchtman_Strandh_594x840_M1507002_F39_X3-230x230.jpg 230w\" sizes=\"auto, (max-width: 150px) 100vw, 150px\" \/><\/figure>\n<\/div>\n\n\n<p><strong>Jus Juchtmans &#8211; Lars Strandh <br>Zwei europ\u00e4ische Positionen minimalistischer Malerei<\/strong><\/p>\n\n\n\n<p><strong>Ausstellung vom 14. Mai bis 30. Juli 2022<\/strong><\/p>\n\n\n\n<p>Vernissage: Freitag, 13. Mai 2022, 18 bis 20 Uhr<br>Matinee: Samstag, 14. Mai 2022, 12 bis 16 Uhr<\/p>\n\n\n\n<p>Beide K\u00fcnstler werden bei der Vernissage anwesend sein.<\/p>\n\n\n\n<p>Unter dem Titel \u201eZwei europ\u00e4ische Positionen minimalistischer Malerei\u201c zeigen wir aktuelle Arbeiten der K\u00fcnstler Jus Juchtmans aus Antwerpen und Lars Strandh aus Olso.<\/p>\n\n\n\n<p><strong>Jus Juchtmans wurde 1952 in Mortsel, Belgien, geboren. Er lebt und arbeitet in Antwerpen, Belgien.<\/strong><\/p>\n\n\n\n<p>Monochrom wirken die hochgl\u00e4nzenden Bilder von Jus Juchtmans nur auf den ersten Blick: Die mit dem Rakel auf die Leinwand aufgetragenen zahlreichen Farbschichten lassen sich an den R\u00e4ndern seiner Arbeiten einzeln ablesen. Durch ihre Transparenz \u00f6ffnet sich ein Bildraum, der durch die Reflektion des Lichts noch verst\u00e4rkt wird.&nbsp;<br>Das wache Gesp\u00fcr f\u00fcr das Interessante, das aus der Reduktion, dem \u201eSein lassen\u201c entstehen kann, f\u00fchrte zu jenen Bildern, die im Fr\u00fchjahr 2022 erstmals in M\u00fcnchen gezeigt werden. Hier erkannte Jus Juchtmans, dass die Aufl\u00f6sung der Materialit\u00e4t und das \u201eabsolute Bild\u201c manchmal bereits nach einigen wenigen Schichten gelungen war. Das Ergebnis sind auch hier scheinbar atmende Bilder, von denen man nicht wei\u00df, ob sie erscheinen oder verschwinden. Sie reagieren durch ihre hochgl\u00e4nzende Oberfl\u00e4che unmittelbar auf ihre Umgebung, reflektieren sie in sich selbst und machen sie damit zum \u201efl\u00fcchtigen Teil des Bildgeschehens\u201c, wie es Michael Fehr einmal ausdr\u00fcckte. Mit seinen oszillierenden Werksch\u00f6pfungen geh\u00f6rt Jus Juchtmans zu den bekanntesten Positionen Europas im Bereich der monochromen Malerei.<\/p>\n\n\n\n<p><strong>Lars Strandh wurde 1961 in G\u00f6teborg, Schweden, geboren. Er lebt und arbeitet in Oslo, Norwegen.&nbsp;<\/strong><\/p>\n\n\n\n<p>Es m\u00fcssen wohl mehrere Hunderttausend Linien sein, die der Schwede Lars Strandh in den letzten 20 Jahren auf seine ihm unverkennbare Weise auf die Leinwand gebracht hat. Die Konzentration und Pr\u00e4zision dieser Malweise ist unmittelbar sp\u00fcrbar bei der&nbsp;n\u00e4heren&nbsp;Betrachtung der aus der Ferne monochrom erscheinenden Arbeiten. De facto ist es eine polychrome Vielfalt fein gezogener Pinselstriche, die ein klar umrissenes Farbfeld auf der naturbelassenen Leinwand bilden.&nbsp;Bei n\u00e4herer Betrachtung beginnen die&nbsp;frei Hand gezogenen&nbsp;Linien zu oszillieren. Sie erzeugen einen mal ruhigen, mal vibrierenden Farbraum, der seine Tiefe&nbsp;und Spannung&nbsp;aus dem Hell-Dunkel-Kontrast ebenso sch\u00f6pfen kann wie durch die Wahl komplement\u00e4rer Farben.&nbsp;Die Arbeiten strahlen eine Stille aus, die zur Kontemplation, aber auch zum Nachdenken einl\u00e4dt. Ihre Einfachheit ist sehr komplex und macht die Bilder ganz und gar erfahrbar. Je mehr Zeit man Lars Strandhs Malerei widmet, desto mehr wird sie&nbsp;zur\u00fcckgeben.&nbsp;Lars Strandh reiht sich somit ein in die Tradition&nbsp;jener minimalistisch arbeitenden K\u00fcnstler, die immer wieder das Ph\u00e4nomen von Farbe und deren Erscheinung hinterfragen.<\/p>\n\n\n\n<div class=\"wp-block-file\"><a id=\"wp-block-file--media-6ce8a88b-d97b-48d8-8b7f-e7d979adc0ce\" href=\"https:\/\/www.galerie-bender.de\/wp-content\/uploads\/2022\/04\/GALB_Juchtmans_99x210_8s_M1507002_F39_150dpi_netto_kl.pdf\" target=\"_blank\" rel=\"noreferrer noopener\"><strong>Flyer zur Ausstellung &#8222;Zwei Europ\u00e4ische Positionen minimalistischer Malerei&#8220; \u2013 Jus Juchtmans \u2013 2022<\/strong><\/a><\/div>\n\n\n\n<div class=\"wp-block-file\"><a id=\"wp-block-file--media-d5b89c2d-5f45-4a1b-ab86-44a240c74915\" href=\"https:\/\/www.galerie-bender.de\/wp-content\/uploads\/2022\/04\/GALB_Strandh_99x210_8s_M1507002_F39_150dpi_netto_kl.pdf\" target=\"_blank\" rel=\"noreferrer noopener\"><strong>Flyer zur Ausstellung &#8222;Zwei Europ\u00e4ische Positionen minimalistischer Malerei&#8220; \u2013 Lars Strandh \u2013 2022<\/strong><\/a><\/div>\n<\/div>","protected":false},"excerpt":{"rendered":"<p>Jus Juchtmans &#8211; Lars Strandh Zwei europ\u00e4ische Positionen minimalistischer Malerei Jus Juchtmans &#8211; Lars Strandh Zwei europ\u00e4ische Positionen minimalistischer Malerei Ausstellung vom 14. Mai bis 30. Juli 2022 Vernissage: Freitag, 13. Mai 2022, 18 bis 20 UhrMatinee: Samstag, 14. Mai 2022, 12 bis 16 Uhr Beide K\u00fcnstler werden bei der Vernissage anwesend sein. Unter dem [&hellip;]<\/p>\n","protected":false},"author":3,"featured_media":0,"comment_status":"open","ping_status":"open","sticky":false,"template":"","format":"standard","meta":{"_eb_attr":"","_uag_custom_page_level_css":"","footnotes":""},"categories":[39],"tags":[],"class_list":["post-3700","post","type-post","status-publish","format-standard","hentry","category-ausstellungsarchiv"],"acf":[],"uagb_featured_image_src":{"full":false,"thumbnail":false,"medium":false,"medium_large":false,"large":false,"1536x1536":false,"2048x2048":false,"trp-custom-language-flag":false,"square":false,"post-thumbnail":false,"twentytwenty-fullscreen":false},"uagb_author_info":{"display_name":"Renate Bender","author_link":"https:\/\/www.galerie-bender.de\/de\/author\/bender\/"},"uagb_comment_info":0,"uagb_excerpt":"Jus Juchtmans &#8211; Lars Strandh Zwei europ\u00e4ische Positionen minimalistischer Malerei Jus Juchtmans &#8211; Lars Strandh Zwei europ\u00e4ische Positionen minimalistischer Malerei Ausstellung vom 14. Mai bis 30. Juli 2022 Vernissage: Freitag, 13. Mai 2022, 18 bis 20 UhrMatinee: Samstag, 14. Mai 2022, 12 bis 16 Uhr Beide K\u00fcnstler werden bei der Vernissage anwesend sein. Unter dem&hellip;","_links":{"self":[{"href":"https:\/\/www.galerie-bender.de\/de\/wp-json\/wp\/v2\/posts\/3700","targetHints":{"allow":["GET"]}}],"collection":[{"href":"https:\/\/www.galerie-bender.de\/de\/wp-json\/wp\/v2\/posts"}],"about":[{"href":"https:\/\/www.galerie-bender.de\/de\/wp-json\/wp\/v2\/types\/post"}],"author":[{"embeddable":true,"href":"https:\/\/www.galerie-bender.de\/de\/wp-json\/wp\/v2\/users\/3"}],"replies":[{"embeddable":true,"href":"https:\/\/www.galerie-bender.de\/de\/wp-json\/wp\/v2\/comments?post=3700"}],"version-history":[{"count":0,"href":"https:\/\/www.galerie-bender.de\/de\/wp-json\/wp\/v2\/posts\/3700\/revisions"}],"wp:attachment":[{"href":"https:\/\/www.galerie-bender.de\/de\/wp-json\/wp\/v2\/media?parent=3700"}],"wp:term":[{"taxonomy":"category","embeddable":true,"href":"https:\/\/www.galerie-bender.de\/de\/wp-json\/wp\/v2\/categories?post=3700"},{"taxonomy":"post_tag","embeddable":true,"href":"https:\/\/www.galerie-bender.de\/de\/wp-json\/wp\/v2\/tags?post=3700"}],"curies":[{"name":"wp","href":"https:\/\/api.w.org\/{rel}","templated":true}]}}