{"id":3993,"date":"2022-04-06T13:15:54","date_gmt":"2022-04-06T12:15:54","guid":{"rendered":"https:\/\/www.galerie-bender.de\/?p=3993"},"modified":"2022-06-21T12:20:55","modified_gmt":"2022-06-21T11:20:55","slug":"ausstellungstipp","status":"publish","type":"post","link":"https:\/\/www.galerie-bender.de\/de\/ausstellungstipp\/","title":{"rendered":"Ausstellungstipp Rottenburg"},"content":{"rendered":"<div id=\"modal-ready\">\n<h2 class=\"wp-block-heading\"><\/h2>\n\n\n\n<h2 class=\"wp-block-heading\"><strong>Ausstellungstipp Rottenburg<\/strong><\/h2>\n\n\n\n<figure class=\"wp-block-image size-full is-resized\"><img loading=\"lazy\" decoding=\"async\" src=\"https:\/\/www.galerie-bender.de\/wp-content\/uploads\/2022\/04\/Edda_2014_Quadrate-schwebend__Einladung-Rottenburg_2022.jpg\" alt=\"Edda Jachens, Quadrate schwebend \u2013 2014, Einladung_Rottenburg 2022\" class=\"wp-image-3989\" width=\"430\" height=\"430\" srcset=\"https:\/\/www.galerie-bender.de\/wp-content\/uploads\/2022\/04\/Edda_2014_Quadrate-schwebend__Einladung-Rottenburg_2022.jpg 650w, https:\/\/www.galerie-bender.de\/wp-content\/uploads\/2022\/04\/Edda_2014_Quadrate-schwebend__Einladung-Rottenburg_2022-300x300.jpg 300w, https:\/\/www.galerie-bender.de\/wp-content\/uploads\/2022\/04\/Edda_2014_Quadrate-schwebend__Einladung-Rottenburg_2022-150x150.jpg 150w, https:\/\/www.galerie-bender.de\/wp-content\/uploads\/2022\/04\/Edda_2014_Quadrate-schwebend__Einladung-Rottenburg_2022-12x12.jpg 12w, https:\/\/www.galerie-bender.de\/wp-content\/uploads\/2022\/04\/Edda_2014_Quadrate-schwebend__Einladung-Rottenburg_2022-230x230.jpg 230w\" sizes=\"auto, (max-width: 430px) 100vw, 430px\" \/><\/figure>\n\n\n\n<p><\/p>\n\n\n\n<p>Edda Jachens (mit Akos Novaky)<br>Geometrie und Gegenst\u00e4ndlichkeit<br>Malerei, Grafik<br><\/p>\n\n\n\n<p>09.04. bis 05.06.2022<\/p>\n\n\n\n<p>Er\u00f6ffnung: Samstag 09.04.2022, 17 Uhr<\/p>\n\n\n\n<p>Kulturzentrum Zehntscheuer<br>Bahnhofstra\u00dfe 16<br>72108 Rottenburg<br>Telefon: +49 (0)7472\/94 99 138<br><a href=\"http:\/\/www.kultur-rottenburg.de\/index.php\/ausstellungen\/jachens-novaky\" target=\"_blank\" rel=\"noreferrer noopener\">www.kultur-rottenburg.de<\/a><\/p>\n\n\n\n<p>\u00d6ffnungszeiten:<br>Mittwoch bis Samstag, 15 \u2013 18 Uhr<br>Sonntag \/ Feiertage, 14 \u2013 18 Uhr<\/p>\n\n\n\n<p><\/p>\n\n\n\n<p><\/p>\n<\/div>","protected":false},"excerpt":{"rendered":"<p>Ausstellungstipp Rottenburg Edda Jachens (mit Akos Novaky)Geometrie und Gegenst\u00e4ndlichkeitMalerei, Grafik 09.04. bis 05.06.2022 Er\u00f6ffnung: Samstag 09.04.2022, 17 Uhr Kulturzentrum ZehntscheuerBahnhofstra\u00dfe 1672108 RottenburgTelefon: +49 (0)7472\/94 99 138www.kultur-rottenburg.de \u00d6ffnungszeiten:Mittwoch bis Samstag, 15 \u2013 18 UhrSonntag \/ Feiertage, 14 \u2013 18 Uhr<\/p>\n","protected":false},"author":3,"featured_media":0,"comment_status":"open","ping_status":"open","sticky":false,"template":"","format":"standard","meta":{"_eb_attr":"","_uag_custom_page_level_css":"","footnotes":""},"categories":[1],"tags":[],"class_list":["post-3993","post","type-post","status-publish","format-standard","hentry","category-uncategorized"],"acf":[],"uagb_featured_image_src":{"full":false,"thumbnail":false,"medium":false,"medium_large":false,"large":false,"1536x1536":false,"2048x2048":false,"trp-custom-language-flag":false,"square":false,"post-thumbnail":false,"twentytwenty-fullscreen":false},"uagb_author_info":{"display_name":"Renate Bender","author_link":"https:\/\/www.galerie-bender.de\/de\/author\/bender\/"},"uagb_comment_info":0,"uagb_excerpt":"Ausstellungstipp Rottenburg Edda Jachens (mit Akos Novaky)Geometrie und Gegenst\u00e4ndlichkeitMalerei, Grafik 09.04. bis 05.06.2022 Er\u00f6ffnung: Samstag 09.04.2022, 17 Uhr Kulturzentrum ZehntscheuerBahnhofstra\u00dfe 1672108 RottenburgTelefon: +49 (0)7472\/94 99 138www.kultur-rottenburg.de \u00d6ffnungszeiten:Mittwoch bis Samstag, 15 \u2013 18 UhrSonntag \/ Feiertage, 14 \u2013 18 Uhr","_links":{"self":[{"href":"https:\/\/www.galerie-bender.de\/de\/wp-json\/wp\/v2\/posts\/3993","targetHints":{"allow":["GET"]}}],"collection":[{"href":"https:\/\/www.galerie-bender.de\/de\/wp-json\/wp\/v2\/posts"}],"about":[{"href":"https:\/\/www.galerie-bender.de\/de\/wp-json\/wp\/v2\/types\/post"}],"author":[{"embeddable":true,"href":"https:\/\/www.galerie-bender.de\/de\/wp-json\/wp\/v2\/users\/3"}],"replies":[{"embeddable":true,"href":"https:\/\/www.galerie-bender.de\/de\/wp-json\/wp\/v2\/comments?post=3993"}],"version-history":[{"count":0,"href":"https:\/\/www.galerie-bender.de\/de\/wp-json\/wp\/v2\/posts\/3993\/revisions"}],"wp:attachment":[{"href":"https:\/\/www.galerie-bender.de\/de\/wp-json\/wp\/v2\/media?parent=3993"}],"wp:term":[{"taxonomy":"category","embeddable":true,"href":"https:\/\/www.galerie-bender.de\/de\/wp-json\/wp\/v2\/categories?post=3993"},{"taxonomy":"post_tag","embeddable":true,"href":"https:\/\/www.galerie-bender.de\/de\/wp-json\/wp\/v2\/tags?post=3993"}],"curies":[{"name":"wp","href":"https:\/\/api.w.org\/{rel}","templated":true}]}}