{"id":5198,"date":"2023-04-14T16:05:48","date_gmt":"2023-04-14T15:05:48","guid":{"rendered":"https:\/\/www.galerie-bender.de\/?p=5198"},"modified":"2023-07-29T14:19:36","modified_gmt":"2023-07-29T13:19:36","slug":"bender-schwinn-projekt-5-jahre-spaeter","status":"publish","type":"post","link":"https:\/\/www.galerie-bender.de\/de\/bender-schwinn-projekt-5-jahre-spaeter\/","title":{"rendered":"5 Jahre sp\u00e4ter. Bender Schwinn Projekt Reloaded"},"content":{"rendered":"<div id=\"modal-ready\"><div class=\"n2_clear\"><ss3-force-full-width data-overflow-x=\"body\" data-horizontal-selector=\"body\"><div class=\"n2-section-smartslider fitvidsignore  n2_clear\" data-ssid=\"145\" tabindex=\"0\" role=\"region\" aria-label=\"Slider\"><div id=\"n2-ss-145-align\" class=\"n2-ss-align\"><div class=\"n2-padding\"><div id=\"n2-ss-145\" data-creator=\"Smart Slider 3\" data-responsive=\"fullwidth\" class=\"n2-ss-slider n2-ow n2-has-hover n2notransition  \">\n\n\n\n\n\n\n\n\n\n\n\n\n\n<div class=\"n2-ss-slider-wrapper-outside\" style=\"grid-template-rows:1fr auto\"><div class=\"n2-ss-slider-wrapper-inside\">\n        <div class=\"n2-ss-slider-1 n2_ss__touch_element n2-ow\">\n            <div class=\"n2-ss-slider-2 n2-ow\">\n                                                <div class=\"n2-ss-slider-3 n2-ow\">\n\n                    <div class=\"n2-ss-slide-backgrounds n2-ow-all\"><div class=\"n2-ss-slide-background\" data-public-id=\"1\" data-mode=\"fill\"><div class=\"n2-ss-slide-background-image\" data-blur=\"0\" data-opacity=\"100\" data-x=\"50\" data-y=\"50\" data-alt=\"Ausstellungsansicht &quot;5 Jahre sp\u00e4ter. Bender Schwinn Projekt Reloaded&quot;, Galerie Renate Bender 2023\" data-title=\"\"><picture class=\"skip-lazy\" data-skip-lazy=\"1\"><img decoding=\"async\" src=\"\/\/www.galerie-bender.de\/wp-content\/uploads\/2023\/06\/RA_1_Yan.jpg\" alt=\"Ausstellungsansicht &quot;5 Jahre sp\u00e4ter. Bender Schwinn Projekt Reloaded&quot;, Galerie Renate Bender 2023\" title=\"\" loading=\"lazy\" class=\"skip-lazy\" data-skip-lazy=\"1\"><\/picture><\/div><div data-color=\"RGBA(255,255,255,0)\" style=\"background-color: RGBA(255,255,255,0);\" class=\"n2-ss-slide-background-color\"><\/div><\/div><div class=\"n2-ss-slide-background\" data-public-id=\"2\" data-mode=\"fill\" aria-hidden=\"true\"><div class=\"n2-ss-slide-background-image\" data-blur=\"0\" data-opacity=\"100\" data-x=\"50\" data-y=\"50\" data-alt=\"Ausstellungsansicht &quot;5 Jahre sp\u00e4ter. Bender Schwinn Projekt Reloaded&quot;, Galerie Renate Bender 2023\" data-title=\"\"><picture class=\"skip-lazy\" data-skip-lazy=\"1\"><img decoding=\"async\" src=\"\/\/www.galerie-bender.de\/wp-content\/uploads\/2023\/06\/RA_2_Yan.jpg\" alt=\"Ausstellungsansicht &quot;5 Jahre sp\u00e4ter. Bender Schwinn Projekt Reloaded&quot;, Galerie Renate Bender 2023\" title=\"\" loading=\"lazy\" class=\"skip-lazy\" data-skip-lazy=\"1\"><\/picture><\/div><div data-color=\"RGBA(255,255,255,0)\" style=\"background-color: RGBA(255,255,255,0);\" class=\"n2-ss-slide-background-color\"><\/div><\/div><div class=\"n2-ss-slide-background\" data-public-id=\"3\" data-mode=\"fill\" aria-hidden=\"true\"><div class=\"n2-ss-slide-background-image\" data-blur=\"0\" data-opacity=\"100\" data-x=\"50\" data-y=\"50\" data-alt=\"Ausstellungsansicht &quot;5 Jahre sp\u00e4ter. Bender Schwinn Projekt Reloaded&quot;, Galerie Renate Bender 2023\" data-title=\"\"><picture class=\"skip-lazy\" data-skip-lazy=\"1\"><img decoding=\"async\" src=\"\/\/www.galerie-bender.de\/wp-content\/uploads\/2023\/06\/RA_3_Yan.jpg\" alt=\"Ausstellungsansicht &quot;5 Jahre sp\u00e4ter. Bender Schwinn Projekt Reloaded&quot;, Galerie Renate Bender 2023\" title=\"\" loading=\"lazy\" class=\"skip-lazy\" data-skip-lazy=\"1\"><\/picture><\/div><div data-color=\"RGBA(255,255,255,0)\" style=\"background-color: RGBA(255,255,255,0);\" class=\"n2-ss-slide-background-color\"><\/div><\/div><div class=\"n2-ss-slide-background\" data-public-id=\"4\" data-mode=\"fill\" aria-hidden=\"true\"><div class=\"n2-ss-slide-background-image\" data-blur=\"0\" data-opacity=\"100\" data-x=\"50\" data-y=\"50\" data-alt=\"Ausstellungsansicht &quot;5 Jahre sp\u00e4ter. Bender Schwinn Projekt Reloaded&quot;, Galerie Renate Bender 2023\" data-title=\"\"><picture class=\"skip-lazy\" data-skip-lazy=\"1\"><img decoding=\"async\" src=\"\/\/www.galerie-bender.de\/wp-content\/uploads\/2023\/06\/RA_4_Yan.jpg\" alt=\"Ausstellungsansicht &quot;5 Jahre sp\u00e4ter. Bender Schwinn Projekt Reloaded&quot;, Galerie Renate Bender 2023\" title=\"\" loading=\"lazy\" class=\"skip-lazy\" data-skip-lazy=\"1\"><\/picture><\/div><div data-color=\"RGBA(255,255,255,0)\" style=\"background-color: RGBA(255,255,255,0);\" class=\"n2-ss-slide-background-color\"><\/div><\/div><div class=\"n2-ss-slide-background\" data-public-id=\"5\" data-mode=\"fill\" aria-hidden=\"true\"><div class=\"n2-ss-slide-background-image\" data-blur=\"0\" data-opacity=\"100\" data-x=\"50\" data-y=\"50\" data-alt=\"\" data-title=\"\"><picture class=\"skip-lazy\" data-skip-lazy=\"1\"><img decoding=\"async\" src=\"\/\/www.galerie-bender.de\/wp-content\/uploads\/2023\/06\/Titel_BSP-5-Jahre.jpg\" alt=\"\" title=\"\" loading=\"lazy\" class=\"skip-lazy\" data-skip-lazy=\"1\"><\/picture><\/div><div data-color=\"RGBA(255,255,255,0)\" style=\"background-color: RGBA(255,255,255,0);\" class=\"n2-ss-slide-background-color\"><\/div><\/div><div class=\"n2-ss-slide-background\" data-public-id=\"6\" data-mode=\"fill\" aria-hidden=\"true\"><div class=\"n2-ss-slide-background-image\" data-blur=\"0\" data-opacity=\"100\" data-x=\"50\" data-y=\"50\" data-alt=\"Ausstellungsansicht &quot;5 Jahre sp\u00e4ter. Bender Schwinn Projekt Reloaded&quot;, Galerie Renate Bender 2023\" data-title=\"\"><picture class=\"skip-lazy\" data-skip-lazy=\"1\"><img decoding=\"async\" src=\"\/\/www.galerie-bender.de\/wp-content\/uploads\/2023\/06\/RA_7_Yan.jpg\" alt=\"Ausstellungsansicht &quot;5 Jahre sp\u00e4ter. Bender Schwinn Projekt Reloaded&quot;, Galerie Renate Bender 2023\" title=\"\" loading=\"lazy\" class=\"skip-lazy\" data-skip-lazy=\"1\"><\/picture><\/div><div data-color=\"RGBA(255,255,255,0)\" style=\"background-color: RGBA(255,255,255,0);\" class=\"n2-ss-slide-background-color\"><\/div><\/div><div class=\"n2-ss-slide-background\" data-public-id=\"7\" data-mode=\"fill\" aria-hidden=\"true\"><div class=\"n2-ss-slide-background-image\" data-blur=\"0\" data-opacity=\"100\" data-x=\"50\" data-y=\"50\" data-alt=\"Ausstellungsansicht &quot;5 Jahre sp\u00e4ter. Bender Schwinn Projekt Reloaded&quot;, Galerie Renate Bender 2023\" data-title=\"\"><picture class=\"skip-lazy\" data-skip-lazy=\"1\"><img decoding=\"async\" src=\"\/\/www.galerie-bender.de\/wp-content\/uploads\/2023\/06\/RA_9_Yan.jpg\" alt=\"Ausstellungsansicht &quot;5 Jahre sp\u00e4ter. Bender Schwinn Projekt Reloaded&quot;, Galerie Renate Bender 2023\" title=\"\" loading=\"lazy\" class=\"skip-lazy\" data-skip-lazy=\"1\"><\/picture><\/div><div data-color=\"RGBA(255,255,255,0)\" style=\"background-color: RGBA(255,255,255,0);\" class=\"n2-ss-slide-background-color\"><\/div><\/div><div class=\"n2-ss-slide-background\" data-public-id=\"8\" data-mode=\"fill\" aria-hidden=\"true\"><div class=\"n2-ss-slide-background-image\" data-blur=\"0\" data-opacity=\"100\" data-x=\"50\" data-y=\"50\" data-alt=\"Ausstellungsansicht &quot;5 Jahre sp\u00e4ter. Bender Schwinn Projekt Reloaded&quot;, Galerie Renate Bender 2023\" data-title=\"\"><picture class=\"skip-lazy\" data-skip-lazy=\"1\"><img decoding=\"async\" src=\"\/\/www.galerie-bender.de\/wp-content\/uploads\/2023\/06\/RA_8_Yan.jpg\" alt=\"Ausstellungsansicht &quot;5 Jahre sp\u00e4ter. Bender Schwinn Projekt Reloaded&quot;, Galerie Renate Bender 2023\" title=\"\" loading=\"lazy\" class=\"skip-lazy\" data-skip-lazy=\"1\"><\/picture><\/div><div data-color=\"RGBA(255,255,255,0)\" style=\"background-color: RGBA(255,255,255,0);\" class=\"n2-ss-slide-background-color\"><\/div><\/div><div class=\"n2-ss-slide-background\" data-public-id=\"9\" data-mode=\"fill\" aria-hidden=\"true\"><div class=\"n2-ss-slide-background-image\" data-blur=\"0\" data-opacity=\"100\" data-x=\"50\" data-y=\"50\" data-alt=\"Ausstellungsansicht &quot;5 Jahre sp\u00e4ter. Bender Schwinn Projekt Reloaded&quot;, Galerie Renate Bender 2023\" data-title=\"\"><picture class=\"skip-lazy\" data-skip-lazy=\"1\"><img decoding=\"async\" src=\"\/\/www.galerie-bender.de\/wp-content\/uploads\/2023\/06\/RA_12_Yan.jpg\" alt=\"Ausstellungsansicht &quot;5 Jahre sp\u00e4ter. Bender Schwinn Projekt Reloaded&quot;, Galerie Renate Bender 2023\" title=\"\" loading=\"lazy\" class=\"skip-lazy\" data-skip-lazy=\"1\"><\/picture><\/div><div data-color=\"RGBA(255,255,255,0)\" style=\"background-color: RGBA(255,255,255,0);\" class=\"n2-ss-slide-background-color\"><\/div><\/div><div class=\"n2-ss-slide-background\" data-public-id=\"10\" data-mode=\"fill\" aria-hidden=\"true\"><div class=\"n2-ss-slide-background-image\" data-blur=\"0\" data-opacity=\"100\" data-x=\"50\" data-y=\"50\" data-alt=\"Ausstellungsansicht &quot;5 Jahre sp\u00e4ter. Bender Schwinn Projekt Reloaded&quot;, Galerie Renate Bender 2023\" data-title=\"\"><picture class=\"skip-lazy\" data-skip-lazy=\"1\"><img decoding=\"async\" src=\"\/\/www.galerie-bender.de\/wp-content\/uploads\/2023\/06\/RA_10_Yan.jpg\" alt=\"Ausstellungsansicht &quot;5 Jahre sp\u00e4ter. Bender Schwinn Projekt Reloaded&quot;, Galerie Renate Bender 2023\" title=\"\" loading=\"lazy\" class=\"skip-lazy\" data-skip-lazy=\"1\"><\/picture><\/div><div data-color=\"RGBA(255,255,255,0)\" style=\"background-color: RGBA(255,255,255,0);\" class=\"n2-ss-slide-background-color\"><\/div><\/div><div class=\"n2-ss-slide-background\" data-public-id=\"11\" data-mode=\"fill\" aria-hidden=\"true\"><div class=\"n2-ss-slide-background-image\" data-blur=\"0\" data-opacity=\"100\" data-x=\"50\" data-y=\"50\" data-alt=\"Ausstellungsansicht &quot;5 Jahre sp\u00e4ter. Bender Schwinn Projekt Reloaded&quot;, Galerie Renate Bender 2023\" data-title=\"\"><picture class=\"skip-lazy\" data-skip-lazy=\"1\"><img decoding=\"async\" src=\"\/\/www.galerie-bender.de\/wp-content\/uploads\/2023\/06\/RA_11_Yan.jpg\" alt=\"Ausstellungsansicht &quot;5 Jahre sp\u00e4ter. Bender Schwinn Projekt Reloaded&quot;, Galerie Renate Bender 2023\" title=\"\" loading=\"lazy\" class=\"skip-lazy\" data-skip-lazy=\"1\"><\/picture><\/div><div data-color=\"RGBA(255,255,255,0)\" style=\"background-color: RGBA(255,255,255,0);\" class=\"n2-ss-slide-background-color\"><\/div><\/div><div class=\"n2-ss-slide-background\" data-public-id=\"12\" data-mode=\"fill\" aria-hidden=\"true\"><div class=\"n2-ss-slide-background-image\" data-blur=\"0\" data-opacity=\"100\" data-x=\"50\" data-y=\"50\" data-alt=\"Ausstellungsansicht &quot;5 Jahre sp\u00e4ter. Bender Schwinn Projekt Reloaded&quot;, Galerie Renate Bender 2023\" data-title=\"\"><picture class=\"skip-lazy\" data-skip-lazy=\"1\"><img decoding=\"async\" src=\"\/\/www.galerie-bender.de\/wp-content\/uploads\/2023\/06\/RA_14_Yan.jpg\" alt=\"Ausstellungsansicht &quot;5 Jahre sp\u00e4ter. Bender Schwinn Projekt Reloaded&quot;, Galerie Renate Bender 2023\" title=\"\" loading=\"lazy\" class=\"skip-lazy\" data-skip-lazy=\"1\"><\/picture><\/div><div data-color=\"RGBA(255,255,255,0)\" style=\"background-color: RGBA(255,255,255,0);\" class=\"n2-ss-slide-background-color\"><\/div><\/div><div class=\"n2-ss-slide-background\" data-public-id=\"13\" data-mode=\"fill\" aria-hidden=\"true\"><div class=\"n2-ss-slide-background-image\" data-blur=\"0\" data-opacity=\"100\" data-x=\"50\" data-y=\"50\" data-alt=\"Marile Holzner, o.T. (2. Schwungserie) \u2013 2023, Kugelschreiber auf Papier, je 27,9 x 42 cm, 8-teilig.\" data-title=\"\"><picture class=\"skip-lazy\" data-skip-lazy=\"1\"><img decoding=\"async\" src=\"\/\/www.galerie-bender.de\/wp-content\/uploads\/2023\/06\/HOLZNE1.jpg\" alt=\"Marile Holzner, o.T. (2. Schwungserie) \u2013 2023, Kugelschreiber auf Papier, je 27,9 x 42 cm, 8-teilig.\" title=\"\" loading=\"lazy\" class=\"skip-lazy\" data-skip-lazy=\"1\"><\/picture><\/div><div data-color=\"RGBA(255,255,255,0)\" style=\"background-color: RGBA(255,255,255,0);\" class=\"n2-ss-slide-background-color\"><\/div><\/div><\/div>                    <div class=\"n2-ss-slider-4 n2-ow\">\n                        <svg xmlns=\"http:\/\/www.w3.org\/2000\/svg\" viewBox=\"0 0 1920 800\" data-related-device=\"desktopPortrait\" class=\"n2-ow n2-ss-preserve-size n2-ss-preserve-size--slider n2-ss-slide-limiter\"><\/svg><div data-first=\"1\" data-slide-duration=\"0\" data-id=\"3341\" data-slide-public-id=\"1\" class=\"n2-ss-slide n2-ow  n2-ss-slide-3341\"><div role=\"note\" class=\"n2-ss-slide--focus\" tabindex=\"-1\"><\/div><div class=\"n2-ss-layers-container n2-ss-slide-limiter n2-ow\"><div class=\"n2-ss-layer n2-ow n-uc-qi1UajBmthgt\" data-sstype=\"slide\" data-pm=\"default\"><\/div><\/div><\/div><div data-slide-duration=\"0\" data-id=\"3342\" data-slide-public-id=\"2\" aria-hidden=\"true\" class=\"n2-ss-slide n2-ow  n2-ss-slide-3342\"><div role=\"note\" class=\"n2-ss-slide--focus\" tabindex=\"-1\"><\/div><div class=\"n2-ss-layers-container n2-ss-slide-limiter n2-ow\"><div class=\"n2-ss-layer n2-ow n-uc-anjY62YzdQoG\" data-sstype=\"slide\" data-pm=\"default\"><\/div><\/div><\/div><div data-slide-duration=\"0\" data-id=\"3343\" data-slide-public-id=\"3\" aria-hidden=\"true\" class=\"n2-ss-slide n2-ow  n2-ss-slide-3343\"><div role=\"note\" class=\"n2-ss-slide--focus\" tabindex=\"-1\"><\/div><div class=\"n2-ss-layers-container n2-ss-slide-limiter n2-ow\"><div class=\"n2-ss-layer n2-ow n-uc-xqbbTwAAa0dY\" data-sstype=\"slide\" data-pm=\"default\"><\/div><\/div><\/div><div data-slide-duration=\"0\" data-id=\"3344\" data-slide-public-id=\"4\" aria-hidden=\"true\" class=\"n2-ss-slide n2-ow  n2-ss-slide-3344\"><div role=\"note\" class=\"n2-ss-slide--focus\" tabindex=\"-1\"><\/div><div class=\"n2-ss-layers-container n2-ss-slide-limiter n2-ow\"><div class=\"n2-ss-layer n2-ow n-uc-bJV5WLrlrsUd\" data-sstype=\"slide\" data-pm=\"default\"><\/div><\/div><\/div><div data-slide-duration=\"0\" data-id=\"3340\" data-slide-public-id=\"5\" aria-hidden=\"true\" data-title=\"5 Jahre sp\u00e4ter. Bender Schwinn Projekt Reloaded - 2023\" data-haslink=\"1\" data-href=\"https:\/\/www.galerie-bender.de\/de\/category\/aktuelle-ausstellung\/\" tabindex=\"0\" role=\"button\" data-n2click=\"url\" data-force-pointer=\"\" class=\"n2-ss-slide n2-ow  n2-ss-slide-3340\"><div role=\"note\" class=\"n2-ss-slide--focus\">5 Jahre sp\u00e4ter. Bender Schwinn Projekt Reloaded &#8211; 2023<\/div><div class=\"n2-ss-layers-container n2-ss-slide-limiter n2-ow\"><div class=\"n2-ss-layer n2-ow n-uc-cZxnOVLfitBv\" data-sstype=\"slide\" data-pm=\"default\"><\/div><\/div><\/div><div data-slide-duration=\"0\" data-id=\"3345\" data-slide-public-id=\"6\" aria-hidden=\"true\" class=\"n2-ss-slide n2-ow  n2-ss-slide-3345\"><div role=\"note\" class=\"n2-ss-slide--focus\" tabindex=\"-1\"><\/div><div class=\"n2-ss-layers-container n2-ss-slide-limiter n2-ow\"><div class=\"n2-ss-layer n2-ow n-uc-0hqAynCDS05G\" data-sstype=\"slide\" data-pm=\"default\"><\/div><\/div><\/div><div data-slide-duration=\"0\" data-id=\"3347\" data-slide-public-id=\"7\" aria-hidden=\"true\" class=\"n2-ss-slide n2-ow  n2-ss-slide-3347\"><div role=\"note\" class=\"n2-ss-slide--focus\" tabindex=\"-1\"><\/div><div class=\"n2-ss-layers-container n2-ss-slide-limiter n2-ow\"><div class=\"n2-ss-layer n2-ow n-uc-1Ngn5YovrPgG\" data-sstype=\"slide\" data-pm=\"default\"><\/div><\/div><\/div><div data-slide-duration=\"0\" data-id=\"3346\" data-slide-public-id=\"8\" aria-hidden=\"true\" class=\"n2-ss-slide n2-ow  n2-ss-slide-3346\"><div role=\"note\" class=\"n2-ss-slide--focus\" tabindex=\"-1\"><\/div><div class=\"n2-ss-layers-container n2-ss-slide-limiter n2-ow\"><div class=\"n2-ss-layer n2-ow n-uc-tuORdkipgBAZ\" data-sstype=\"slide\" data-pm=\"default\"><\/div><\/div><\/div><div data-slide-duration=\"0\" data-id=\"3350\" data-slide-public-id=\"9\" aria-hidden=\"true\" class=\"n2-ss-slide n2-ow  n2-ss-slide-3350\"><div role=\"note\" class=\"n2-ss-slide--focus\" tabindex=\"-1\"><\/div><div class=\"n2-ss-layers-container n2-ss-slide-limiter n2-ow\"><div class=\"n2-ss-layer n2-ow n-uc-gZsrmSapaZmo\" data-sstype=\"slide\" data-pm=\"default\"><\/div><\/div><\/div><div data-slide-duration=\"0\" data-id=\"3348\" data-slide-public-id=\"10\" aria-hidden=\"true\" class=\"n2-ss-slide n2-ow  n2-ss-slide-3348\"><div role=\"note\" class=\"n2-ss-slide--focus\" tabindex=\"-1\"><\/div><div class=\"n2-ss-layers-container n2-ss-slide-limiter n2-ow\"><div class=\"n2-ss-layer n2-ow n-uc-7mdO95vNvtvB\" data-sstype=\"slide\" data-pm=\"default\"><\/div><\/div><\/div><div data-slide-duration=\"0\" data-id=\"3349\" data-slide-public-id=\"11\" aria-hidden=\"true\" class=\"n2-ss-slide n2-ow  n2-ss-slide-3349\"><div role=\"note\" class=\"n2-ss-slide--focus\" tabindex=\"-1\"><\/div><div class=\"n2-ss-layers-container n2-ss-slide-limiter n2-ow\"><div class=\"n2-ss-layer n2-ow n-uc-SCgxM4mBg2hb\" data-sstype=\"slide\" data-pm=\"default\"><\/div><\/div><\/div><div data-slide-duration=\"0\" data-id=\"3352\" data-slide-public-id=\"12\" aria-hidden=\"true\" class=\"n2-ss-slide n2-ow  n2-ss-slide-3352\"><div role=\"note\" class=\"n2-ss-slide--focus\" tabindex=\"-1\"><\/div><div class=\"n2-ss-layers-container n2-ss-slide-limiter n2-ow\"><div class=\"n2-ss-layer n2-ow n-uc-VgdxJjESE5OF\" data-sstype=\"slide\" data-pm=\"default\"><\/div><\/div><\/div><div data-slide-duration=\"0\" data-id=\"3384\" data-slide-public-id=\"13\" aria-hidden=\"true\" data-title=\"Marile Holzner, o.T. (2. Schwungserie) \u2013 2023, Kugelschreiber auf Papier, je 27,9 x 42 cm, 8-teilig.\" class=\"n2-ss-slide n2-ow  n2-ss-slide-3384\"><div role=\"note\" class=\"n2-ss-slide--focus\" tabindex=\"-1\">Marile Holzner, o.T. (2. Schwungserie) \u2013 2023, Kugelschreiber auf Papier, je 27,9 x 42 cm, 8-teilig.<\/div><div class=\"n2-ss-layers-container n2-ss-slide-limiter n2-ow\"><div class=\"n2-ss-layer n2-ow n-uc-khMf0QFMxroC\" data-sstype=\"slide\" data-pm=\"default\"><\/div><\/div><\/div>                    <\/div>\n\n                                    <\/div>\n            <\/div>\n        <\/div>\n        <div class=\"n2-ss-slider-controls n2-ss-slider-controls-absolute-left-center\"><div style=\"--widget-offset:15px;\" class=\"n2-ss-widget nextend-arrow n2-ow-all nextend-arrow-previous  nextend-arrow-animated-fade\" data-hide-mobileportrait=\"1\" id=\"n2-ss-145-arrow-previous\" role=\"button\" aria-label=\"previous arrow\" tabindex=\"0\"><img loading=\"lazy\" decoding=\"async\" width=\"32\" height=\"32\" class=\"n2-arrow-normal-img skip-lazy\" data-skip-lazy=\"1\" src=\"data:image\/svg+xml;base64,PHN2ZyB3aWR0aD0iMzIiIGhlaWdodD0iMzIiIHZpZXdCb3g9IjAgMCAzMiAzMiIgeG1sbnM9Imh0dHA6Ly93d3cudzMub3JnLzIwMDAvc3ZnIj4KICAgIDxwYXRoIGQ9Ik0xMS40MzMgMTUuOTkyTDIyLjY5IDUuNzEyYy4zOTMtLjM5LjM5My0xLjAzIDAtMS40Mi0uMzkzLS4zOS0xLjAzLS4zOS0xLjQyMyAwbC0xMS45OCAxMC45NGMtLjIxLjIxLS4zLjQ5LS4yODUuNzYtLjAxNS4yOC4wNzUuNTYuMjg0Ljc3bDExLjk4IDEwLjk0Yy4zOTMuMzkgMS4wMy4zOSAxLjQyNCAwIC4zOTMtLjQuMzkzLTEuMDMgMC0xLjQybC0xMS4yNTctMTAuMjkiCiAgICAgICAgICBmaWxsPSIjY2VkM2Q1IiBvcGFjaXR5PSIxIiBmaWxsLXJ1bGU9ImV2ZW5vZGQiLz4KPC9zdmc+\" alt=\"previous arrow\"><img loading=\"lazy\" decoding=\"async\" width=\"32\" height=\"32\" class=\"n2-arrow-hover-img skip-lazy\" data-skip-lazy=\"1\" src=\"data:image\/svg+xml;base64,PHN2ZyB3aWR0aD0iMzIiIGhlaWdodD0iMzIiIHZpZXdCb3g9IjAgMCAzMiAzMiIgeG1sbnM9Imh0dHA6Ly93d3cudzMub3JnLzIwMDAvc3ZnIj4KICAgIDxwYXRoIGQ9Ik0xMS40MzMgMTUuOTkyTDIyLjY5IDUuNzEyYy4zOTMtLjM5LjM5My0xLjAzIDAtMS40Mi0uMzkzLS4zOS0xLjAzLS4zOS0xLjQyMyAwbC0xMS45OCAxMC45NGMtLjIxLjIxLS4zLjQ5LS4yODUuNzYtLjAxNS4yOC4wNzUuNTYuMjg0Ljc3bDExLjk4IDEwLjk0Yy4zOTMuMzkgMS4wMy4zOSAxLjQyNCAwIC4zOTMtLjQuMzkzLTEuMDMgMC0xLjQybC0xMS4yNTctMTAuMjkiCiAgICAgICAgICBmaWxsPSIjMDAwMDAwIiBvcGFjaXR5PSIxIiBmaWxsLXJ1bGU9ImV2ZW5vZGQiLz4KPC9zdmc+\" alt=\"previous arrow\"><\/div><\/div><div class=\"n2-ss-slider-controls n2-ss-slider-controls-absolute-right-center\"><div style=\"--widget-offset:15px;\" class=\"n2-ss-widget nextend-arrow n2-ow-all nextend-arrow-next  nextend-arrow-animated-fade\" data-hide-mobileportrait=\"1\" id=\"n2-ss-145-arrow-next\" role=\"button\" aria-label=\"next arrow\" tabindex=\"0\"><img loading=\"lazy\" decoding=\"async\" width=\"32\" height=\"32\" class=\"n2-arrow-normal-img skip-lazy\" data-skip-lazy=\"1\" src=\"data:image\/svg+xml;base64,PHN2ZyB3aWR0aD0iMzIiIGhlaWdodD0iMzIiIHZpZXdCb3g9IjAgMCAzMiAzMiIgeG1sbnM9Imh0dHA6Ly93d3cudzMub3JnLzIwMDAvc3ZnIj4KICAgIDxwYXRoIGQ9Ik0xMC43MjIgNC4yOTNjLS4zOTQtLjM5LTEuMDMyLS4zOS0xLjQyNyAwLS4zOTMuMzktLjM5MyAxLjAzIDAgMS40MmwxMS4yODMgMTAuMjgtMTEuMjgzIDEwLjI5Yy0uMzkzLjM5LS4zOTMgMS4wMiAwIDEuNDIuMzk1LjM5IDEuMDMzLjM5IDEuNDI3IDBsMTIuMDA3LTEwLjk0Yy4yMS0uMjEuMy0uNDkuMjg0LS43Ny4wMTQtLjI3LS4wNzYtLjU1LS4yODYtLjc2TDEwLjcyIDQuMjkzeiIKICAgICAgICAgIGZpbGw9IiNjZWQzZDUiIG9wYWNpdHk9IjEiIGZpbGwtcnVsZT0iZXZlbm9kZCIvPgo8L3N2Zz4=\" alt=\"next arrow\"><img loading=\"lazy\" decoding=\"async\" width=\"32\" height=\"32\" class=\"n2-arrow-hover-img skip-lazy\" data-skip-lazy=\"1\" src=\"data:image\/svg+xml;base64,PHN2ZyB3aWR0aD0iMzIiIGhlaWdodD0iMzIiIHZpZXdCb3g9IjAgMCAzMiAzMiIgeG1sbnM9Imh0dHA6Ly93d3cudzMub3JnLzIwMDAvc3ZnIj4KICAgIDxwYXRoIGQ9Ik0xMC43MjIgNC4yOTNjLS4zOTQtLjM5LTEuMDMyLS4zOS0xLjQyNyAwLS4zOTMuMzktLjM5MyAxLjAzIDAgMS40MmwxMS4yODMgMTAuMjgtMTEuMjgzIDEwLjI5Yy0uMzkzLjM5LS4zOTMgMS4wMiAwIDEuNDIuMzk1LjM5IDEuMDMzLjM5IDEuNDI3IDBsMTIuMDA3LTEwLjk0Yy4yMS0uMjEuMy0uNDkuMjg0LS43Ny4wMTQtLjI3LS4wNzYtLjU1LS4yODYtLjc2TDEwLjcyIDQuMjkzeiIKICAgICAgICAgIGZpbGw9IiMwMDAwMDAiIG9wYWNpdHk9IjEiIGZpbGwtcnVsZT0iZXZlbm9kZCIvPgo8L3N2Zz4=\" alt=\"next arrow\"><\/div><\/div><\/div><div class=\"n2-ss-slider-controls n2-ss-slider-controls-below\"><div class=\"n2-ss-widget nextend-bar nextend-bar-horizontal n2-ss-widget-hidden n2-ow-all\" style=\"text-align: center;width:100%;\"><div class=\"n2-style-820f7b4778ca78a56ddbfeafd970141f-simple \"><span class=\"n2-font-3139fc3b7b0084541f2cdf658508f7aa-simple \">&nbsp;<\/span><\/div><\/div><\/div><\/div><\/div><ss3-loader><\/ss3-loader><\/div><\/div><div class=\"n2_clear\"><\/div><\/div><\/ss3-force-full-width><\/div>\n\n\n<h2 class=\"wp-block-heading\">5 Jahre sp\u00e4ter.<br>Bender Schwinn Projekt Reloaded<\/h2>\n\n\n\n<p><strong>Raphael Grotthuss, Marile Holzner, Steffen Kern, Martin Lehmer, Pfeifer &amp; Kreutzer, Eunji Seo<\/strong>,<strong> Marco Stanke<\/strong><\/p>\n\n\n\n<p>Vernissage am Freitag, 30. Juni 2023 von 18 bis 20 Uhr<br>Matinee am Samstag, 1. Juli 2023 von 12 bis 16 Uhr<\/p>\n\n\n\n<p>Ausstellung vom 30. Juni bis 29. Juli 2023<br><\/p>\n\n\n\n<p>In etablierten Galerier\u00e4umen junge K\u00fcnstlerinnen und K\u00fcnstler zu zeigen und zu f\u00f6rdern &#8211; das war 2016 Anliegen und Startpunkt f\u00fcr das \u201eBender Schwinn Projekt\u201c. Die \u00d6ffnung in Richtung einer neuen Generation \u2013 sowohl von Kunstschaffenden als auch einer Nachwuchs-Galeristin \u2013 war in jeder Hinsicht erfolgreich. Fand \u201eProjekt Eins\u201c noch \u201ezwischen\u201c den regul\u00e4ren Galerieausstellungen an wenigen Tagen im M\u00e4rz 2016 statt, wurde dem Ausstellungskonzept aufgrund des gro\u00dfen Erfolgs bereits im Folgejahr der Platz der vierw\u00f6chigen Sommerausstellung einger\u00e4umt. Im Jahr 2018 fand mit \u201eProjekt Drei\u201c die vorerst letzte Ausstellung statt.<\/p>\n\n\n\n<p><strong>Nun stellt sich die spannende Frage: Wie haben sich unsere \u201ejungen\u201c Entdeckungen weiterentwickelt?<\/strong><\/p>\n\n\n\n<p>Die K\u00fcnstlerinnen und K\u00fcnstler dieser drei Ausstellungen sind mittlerweile teils mehrfach durch Preise, Stipendien und Katalogf\u00f6rderungen ausgezeichnet worden. Sie haben die ersten Schritte in den hart umk\u00e4mpften Kunstmarkt erfolgreich gemeistert.<\/p>\n\n\n\n<p>F\u00fcnf Jahre nach dem letzten \u201eBender Schwinn Projekt\u201c laden wir nun erneut eine Auswahl der damals gezeigten K\u00fcnstlerinnen und K\u00fcnstler ein. Einige sind in den festen K\u00fcnstlerstamm der Galerie eingezogen, andere sind uns verbunden geblieben und wir verfolgen ihren Werdegang mit Freude und Neugier. W\u00e4hrend die einen klare Vorstellungen davon haben, wohin ihr k\u00fcnstlerischer Weg geht, sind andere noch auf der Suche. Es ist uns eine gro\u00dfe Freude, diese Entwicklungen zu begleiten und mit Ihnen zu teilen.<\/p>\n\n\n\n<p>Ihre Renate Bender &amp; Katharina Brauch (geb. Schwinn)<br><br><\/p>\n\n\n\n<p><\/p>\n\n\n\n<div class=\"wp-block-file\"><a id=\"wp-block-file--media-74cbf1e0-e7b2-47bb-958a-db1247b57da1\" href=\"https:\/\/www.galerie-bender.de\/wp-content\/uploads\/2023\/06\/GALB_5-Jahre_spaeter_16S_geheftet_M1507002_F39_150dpi_netto.pdf\">PDF Flyer &#8222;5 Jahre sp\u00e4ter. Bender Schwinn Projekt Reloaded&#8220;<\/a><\/div>\n\n\n\n<p><br>R\u00fcckschau:<\/p>\n\n\n\n<p><\/p>\n\n\n\n<p><\/p>\n\n\n\n<div class=\"wp-block-file\"><a id=\"wp-block-file--media-10fa8a20-1e29-4585-8750-3678109134c7\" href=\"https:\/\/www.galerie-bender.de\/wp-content\/uploads\/2021\/03\/BenderSchwinnProjekt_Katalog_web.pdf\">Katalog &#8222;Bender Schwinn Projekt Eins&#8220; &#8211; 2016<\/a><\/div>\n\n\n\n<div class=\"wp-block-file\"><a id=\"wp-block-file--media-3610889d-1aaf-40c2-9ce4-c3fe287de0aa\" href=\"https:\/\/www.galerie-bender.de\/wp-content\/uploads\/2021\/03\/BenderSchwinnProjekt2_Katalog_Web.pdf\">Katalog &#8222;Bender Schwinn Projekt Zwei&#8220; &#8211; 2017<\/a><\/div>\n\n\n\n<div class=\"wp-block-file\"><a id=\"wp-block-file--media-c0af52fd-8253-4bee-a3c6-7308642bbf48\" href=\"https:\/\/www.galerie-bender.de\/wp-content\/uploads\/2021\/03\/BenderSchwinnProjekt3_Katalog_web_.pdf\">Katalog &#8222;Bender Schwinn Projekt Drei&#8220; &#8211; 2018<\/a><\/div>\n\n\n\n<p><\/p>\n\n\n\n<p><\/p>\n\n\n\n<h2 class=\"wp-block-heading\">Bender Schwinn Projekt 1 &#8211; 2016<\/h2>\n\n\n<div class=\"n2-section-smartslider fitvidsignore  n2_clear\" data-ssid=\"147\" tabindex=\"0\" role=\"region\" aria-label=\"Slider\"><div id=\"n2-ss-147-align\" class=\"n2-ss-align\"><div class=\"n2-padding\"><div id=\"n2-ss-147\" data-creator=\"Smart Slider 3\" data-responsive=\"auto\" class=\"n2-ss-slider n2-ow n2-has-hover n2notransition  \">\n\n\n\n\n\n\n\n\n\n\n\n\n\n<div class=\"n2-ss-slider-wrapper-outside\" style=\"grid-template-rows:1fr auto\"><div class=\"n2-ss-slider-wrapper-inside\">\n        <div class=\"n2-ss-slider-1 n2_ss__touch_element n2-ow\">\n            <div class=\"n2-ss-slider-2 n2-ow\">\n                                                <div class=\"n2-ss-slider-3 n2-ow\">\n\n                    <div class=\"n2-ss-slide-backgrounds n2-ow-all\"><div class=\"n2-ss-slide-background\" data-public-id=\"1\" data-mode=\"fill\"><div class=\"n2-ss-slide-background-image\" data-blur=\"0\" data-opacity=\"100\" data-x=\"50\" data-y=\"50\" data-alt=\"Bender Schwinn Projekt 1, Galerie Renate Bender 2016\" data-title=\"\"><picture class=\"skip-lazy\" data-skip-lazy=\"1\"><img decoding=\"async\" src=\"\/\/www.galerie-bender.de\/wp-content\/uploads\/2023\/04\/Projekt-1_IMG_7763.jpg\" alt=\"Bender Schwinn Projekt 1, Galerie Renate Bender 2016\" title=\"\" loading=\"lazy\" class=\"skip-lazy\" data-skip-lazy=\"1\"><\/picture><\/div><div data-color=\"RGBA(255,255,255,0)\" style=\"background-color: RGBA(255,255,255,0);\" class=\"n2-ss-slide-background-color\"><\/div><\/div><div class=\"n2-ss-slide-background\" data-public-id=\"2\" data-mode=\"fill\" aria-hidden=\"true\"><div class=\"n2-ss-slide-background-image\" data-blur=\"0\" data-opacity=\"100\" data-x=\"50\" data-y=\"50\" data-alt=\"Bender Schwinn Projekt 1, Galerie Renate Bender 2016\" data-title=\"\"><picture class=\"skip-lazy\" data-skip-lazy=\"1\"><img decoding=\"async\" src=\"\/\/www.galerie-bender.de\/wp-content\/uploads\/2023\/04\/Projekt-1_IMG_7771.jpg\" alt=\"Bender Schwinn Projekt 1, Galerie Renate Bender 2016\" title=\"\" loading=\"lazy\" class=\"skip-lazy\" data-skip-lazy=\"1\"><\/picture><\/div><div data-color=\"RGBA(255,255,255,0)\" style=\"background-color: RGBA(255,255,255,0);\" class=\"n2-ss-slide-background-color\"><\/div><\/div><\/div>                    <div class=\"n2-ss-slider-4 n2-ow\">\n                        <svg xmlns=\"http:\/\/www.w3.org\/2000\/svg\" viewBox=\"0 0 860 400\" data-related-device=\"desktopPortrait\" class=\"n2-ow n2-ss-preserve-size n2-ss-preserve-size--slider n2-ss-slide-limiter\"><\/svg><div data-first=\"1\" data-slide-duration=\"0\" data-id=\"3224\" data-slide-public-id=\"1\" data-title=\"Bender Schwinn Projekt 1, Galerie Renate Bender 2016\" class=\"n2-ss-slide n2-ow  n2-ss-slide-3224\"><div role=\"note\" class=\"n2-ss-slide--focus\" tabindex=\"-1\">Bender Schwinn Projekt 1, Galerie Renate Bender 2016<\/div><div class=\"n2-ss-layers-container n2-ss-slide-limiter n2-ow\"><div class=\"n2-ss-layer n2-ow n-uc-SlEDZpIYRM1d\" data-sstype=\"slide\" data-pm=\"default\"><\/div><\/div><\/div><div data-slide-duration=\"0\" data-id=\"3223\" data-slide-public-id=\"2\" aria-hidden=\"true\" data-title=\"Bender Schwinn Projekt 1, Galerie Renate Bender 2016\" class=\"n2-ss-slide n2-ow  n2-ss-slide-3223\"><div role=\"note\" class=\"n2-ss-slide--focus\" tabindex=\"-1\">Bender Schwinn Projekt 1, Galerie Renate Bender 2016<\/div><div class=\"n2-ss-layers-container n2-ss-slide-limiter n2-ow\"><div class=\"n2-ss-layer n2-ow n-uc-ojcxfYwefQhP\" data-sstype=\"slide\" data-pm=\"default\"><\/div><\/div><\/div>                    <\/div>\n\n                                    <\/div>\n            <\/div>\n        <\/div>\n        <div class=\"n2-ss-slider-controls n2-ss-slider-controls-absolute-left-center\"><div style=\"--widget-offset:15px;\" class=\"n2-ss-widget nextend-arrow n2-ow-all nextend-arrow-previous  nextend-arrow-animated-fade\" data-hide-mobileportrait=\"1\" id=\"n2-ss-147-arrow-previous\" role=\"button\" aria-label=\"previous arrow\" tabindex=\"0\"><img loading=\"lazy\" decoding=\"async\" width=\"32\" height=\"32\" class=\"n2-arrow-normal-img skip-lazy\" data-skip-lazy=\"1\" src=\"data:image\/svg+xml;base64,PHN2ZyB3aWR0aD0iMzIiIGhlaWdodD0iMzIiIHZpZXdCb3g9IjAgMCAzMiAzMiIgeG1sbnM9Imh0dHA6Ly93d3cudzMub3JnLzIwMDAvc3ZnIj4KICAgIDxwYXRoIGQ9Ik0xMS40MzMgMTUuOTkyTDIyLjY5IDUuNzEyYy4zOTMtLjM5LjM5My0xLjAzIDAtMS40Mi0uMzkzLS4zOS0xLjAzLS4zOS0xLjQyMyAwbC0xMS45OCAxMC45NGMtLjIxLjIxLS4zLjQ5LS4yODUuNzYtLjAxNS4yOC4wNzUuNTYuMjg0Ljc3bDExLjk4IDEwLjk0Yy4zOTMuMzkgMS4wMy4zOSAxLjQyNCAwIC4zOTMtLjQuMzkzLTEuMDMgMC0xLjQybC0xMS4yNTctMTAuMjkiCiAgICAgICAgICBmaWxsPSIjY2VkM2Q1IiBvcGFjaXR5PSIxIiBmaWxsLXJ1bGU9ImV2ZW5vZGQiLz4KPC9zdmc+\" alt=\"previous arrow\"><img loading=\"lazy\" decoding=\"async\" width=\"32\" height=\"32\" class=\"n2-arrow-hover-img skip-lazy\" data-skip-lazy=\"1\" src=\"data:image\/svg+xml;base64,PHN2ZyB3aWR0aD0iMzIiIGhlaWdodD0iMzIiIHZpZXdCb3g9IjAgMCAzMiAzMiIgeG1sbnM9Imh0dHA6Ly93d3cudzMub3JnLzIwMDAvc3ZnIj4KICAgIDxwYXRoIGQ9Ik0xMS40MzMgMTUuOTkyTDIyLjY5IDUuNzEyYy4zOTMtLjM5LjM5My0xLjAzIDAtMS40Mi0uMzkzLS4zOS0xLjAzLS4zOS0xLjQyMyAwbC0xMS45OCAxMC45NGMtLjIxLjIxLS4zLjQ5LS4yODUuNzYtLjAxNS4yOC4wNzUuNTYuMjg0Ljc3bDExLjk4IDEwLjk0Yy4zOTMuMzkgMS4wMy4zOSAxLjQyNCAwIC4zOTMtLjQuMzkzLTEuMDMgMC0xLjQybC0xMS4yNTctMTAuMjkiCiAgICAgICAgICBmaWxsPSIjMDAwMDAwIiBvcGFjaXR5PSIxIiBmaWxsLXJ1bGU9ImV2ZW5vZGQiLz4KPC9zdmc+\" alt=\"previous arrow\"><\/div><\/div><div class=\"n2-ss-slider-controls n2-ss-slider-controls-absolute-right-center\"><div style=\"--widget-offset:15px;\" class=\"n2-ss-widget nextend-arrow n2-ow-all nextend-arrow-next  nextend-arrow-animated-fade\" data-hide-mobileportrait=\"1\" id=\"n2-ss-147-arrow-next\" role=\"button\" aria-label=\"next arrow\" tabindex=\"0\"><img loading=\"lazy\" decoding=\"async\" width=\"32\" height=\"32\" class=\"n2-arrow-normal-img skip-lazy\" data-skip-lazy=\"1\" src=\"data:image\/svg+xml;base64,PHN2ZyB3aWR0aD0iMzIiIGhlaWdodD0iMzIiIHZpZXdCb3g9IjAgMCAzMiAzMiIgeG1sbnM9Imh0dHA6Ly93d3cudzMub3JnLzIwMDAvc3ZnIj4KICAgIDxwYXRoIGQ9Ik0xMC43MjIgNC4yOTNjLS4zOTQtLjM5LTEuMDMyLS4zOS0xLjQyNyAwLS4zOTMuMzktLjM5MyAxLjAzIDAgMS40MmwxMS4yODMgMTAuMjgtMTEuMjgzIDEwLjI5Yy0uMzkzLjM5LS4zOTMgMS4wMiAwIDEuNDIuMzk1LjM5IDEuMDMzLjM5IDEuNDI3IDBsMTIuMDA3LTEwLjk0Yy4yMS0uMjEuMy0uNDkuMjg0LS43Ny4wMTQtLjI3LS4wNzYtLjU1LS4yODYtLjc2TDEwLjcyIDQuMjkzeiIKICAgICAgICAgIGZpbGw9IiNjZWQzZDUiIG9wYWNpdHk9IjEiIGZpbGwtcnVsZT0iZXZlbm9kZCIvPgo8L3N2Zz4=\" alt=\"next arrow\"><img loading=\"lazy\" decoding=\"async\" width=\"32\" height=\"32\" class=\"n2-arrow-hover-img skip-lazy\" data-skip-lazy=\"1\" src=\"data:image\/svg+xml;base64,PHN2ZyB3aWR0aD0iMzIiIGhlaWdodD0iMzIiIHZpZXdCb3g9IjAgMCAzMiAzMiIgeG1sbnM9Imh0dHA6Ly93d3cudzMub3JnLzIwMDAvc3ZnIj4KICAgIDxwYXRoIGQ9Ik0xMC43MjIgNC4yOTNjLS4zOTQtLjM5LTEuMDMyLS4zOS0xLjQyNyAwLS4zOTMuMzktLjM5MyAxLjAzIDAgMS40MmwxMS4yODMgMTAuMjgtMTEuMjgzIDEwLjI5Yy0uMzkzLjM5LS4zOTMgMS4wMiAwIDEuNDIuMzk1LjM5IDEuMDMzLjM5IDEuNDI3IDBsMTIuMDA3LTEwLjk0Yy4yMS0uMjEuMy0uNDkuMjg0LS43Ny4wMTQtLjI3LS4wNzYtLjU1LS4yODYtLjc2TDEwLjcyIDQuMjkzeiIKICAgICAgICAgIGZpbGw9IiMwMDAwMDAiIG9wYWNpdHk9IjEiIGZpbGwtcnVsZT0iZXZlbm9kZCIvPgo8L3N2Zz4=\" alt=\"next arrow\"><\/div><\/div><\/div><div class=\"n2-ss-slider-controls n2-ss-slider-controls-below\"><div class=\"n2-ss-widget nextend-bar nextend-bar-horizontal n2-ss-widget-hidden n2-ow-all\" style=\"text-align: center;width:100%;\"><div class=\"n2-style-820f7b4778ca78a56ddbfeafd970141f-simple \"><span class=\"n2-font-3139fc3b7b0084541f2cdf658508f7aa-simple \">&nbsp;<\/span><\/div><\/div><\/div><\/div><\/div><ss3-loader><\/ss3-loader><\/div><\/div><div class=\"n2_clear\"><\/div><\/div>\n\n\n<h2 class=\"wp-block-heading\">Bender Schwinn Projekt 2 &#8211; 2017<\/h2>\n\n\n<div class=\"n2-section-smartslider fitvidsignore  n2_clear\" data-ssid=\"146\" tabindex=\"0\" role=\"region\" aria-label=\"Slider\"><div id=\"n2-ss-146-align\" class=\"n2-ss-align\"><div class=\"n2-padding\"><div id=\"n2-ss-146\" data-creator=\"Smart Slider 3\" data-responsive=\"auto\" class=\"n2-ss-slider n2-ow n2-has-hover n2notransition  \">\n\n\n\n\n\n\n\n\n\n\n\n\n\n<div class=\"n2-ss-slider-wrapper-outside\" style=\"grid-template-rows:1fr auto\"><div class=\"n2-ss-slider-wrapper-inside\">\n        <div class=\"n2-ss-slider-1 n2_ss__touch_element n2-ow\">\n            <div class=\"n2-ss-slider-2 n2-ow\">\n                                                <div class=\"n2-ss-slider-3 n2-ow\">\n\n                    <div class=\"n2-ss-slide-backgrounds n2-ow-all\"><div class=\"n2-ss-slide-background\" data-public-id=\"1\" data-mode=\"fill\"><div class=\"n2-ss-slide-background-image\" data-blur=\"0\" data-opacity=\"100\" data-x=\"50\" data-y=\"50\" data-alt=\"Bender Schwinn Projekt 2, Galerie Renate Bender 2017. Foto: Kathrin Makowski\" data-title=\"\"><picture class=\"skip-lazy\" data-skip-lazy=\"1\"><img decoding=\"async\" src=\"\/\/www.galerie-bender.de\/wp-content\/uploads\/2023\/04\/68A3316.jpg\" alt=\"Bender Schwinn Projekt 2, Galerie Renate Bender 2017. Foto: Kathrin Makowski\" title=\"\" loading=\"lazy\" class=\"skip-lazy\" data-skip-lazy=\"1\"><\/picture><\/div><div data-color=\"RGBA(255,255,255,0)\" style=\"background-color: RGBA(255,255,255,0);\" class=\"n2-ss-slide-background-color\"><\/div><\/div><div class=\"n2-ss-slide-background\" data-public-id=\"2\" data-mode=\"fill\" aria-hidden=\"true\"><div class=\"n2-ss-slide-background-image\" data-blur=\"0\" data-opacity=\"100\" data-x=\"50\" data-y=\"50\" data-alt=\"Bender Schwinn Projekt 2, Galerie Renate Bender 2017. Foto: Kathrin Makowski\" data-title=\"\"><picture class=\"skip-lazy\" data-skip-lazy=\"1\"><img decoding=\"async\" src=\"\/\/www.galerie-bender.de\/wp-content\/uploads\/2023\/04\/68A3312.jpg\" alt=\"Bender Schwinn Projekt 2, Galerie Renate Bender 2017. Foto: Kathrin Makowski\" title=\"\" loading=\"lazy\" class=\"skip-lazy\" data-skip-lazy=\"1\"><\/picture><\/div><div data-color=\"RGBA(255,255,255,0)\" style=\"background-color: RGBA(255,255,255,0);\" class=\"n2-ss-slide-background-color\"><\/div><\/div><div class=\"n2-ss-slide-background\" data-public-id=\"3\" data-mode=\"fill\" aria-hidden=\"true\"><div class=\"n2-ss-slide-background-image\" data-blur=\"0\" data-opacity=\"100\" data-x=\"50\" data-y=\"50\" data-alt=\"Bender Schwinn Projekt 2, Galerie Renate Bender 2017. Foto: Kathrin Makowski\" data-title=\"\"><picture class=\"skip-lazy\" data-skip-lazy=\"1\"><img decoding=\"async\" src=\"\/\/www.galerie-bender.de\/wp-content\/uploads\/2023\/04\/68A3356.jpg\" alt=\"Bender Schwinn Projekt 2, Galerie Renate Bender 2017. Foto: Kathrin Makowski\" title=\"\" loading=\"lazy\" class=\"skip-lazy\" data-skip-lazy=\"1\"><\/picture><\/div><div data-color=\"RGBA(255,255,255,0)\" style=\"background-color: RGBA(255,255,255,0);\" class=\"n2-ss-slide-background-color\"><\/div><\/div><div class=\"n2-ss-slide-background\" data-public-id=\"4\" data-mode=\"fill\" aria-hidden=\"true\"><div class=\"n2-ss-slide-background-image\" data-blur=\"0\" data-opacity=\"100\" data-x=\"50\" data-y=\"50\" data-alt=\"Bender Schwinn Projekt 2, Galerie Renate Bender 2017. Foto: Kathrin Makowski\" data-title=\"\"><picture class=\"skip-lazy\" data-skip-lazy=\"1\"><img decoding=\"async\" src=\"\/\/www.galerie-bender.de\/wp-content\/uploads\/2023\/04\/68A3354.jpg\" alt=\"Bender Schwinn Projekt 2, Galerie Renate Bender 2017. Foto: Kathrin Makowski\" title=\"\" loading=\"lazy\" class=\"skip-lazy\" data-skip-lazy=\"1\"><\/picture><\/div><div data-color=\"RGBA(255,255,255,0)\" style=\"background-color: RGBA(255,255,255,0);\" class=\"n2-ss-slide-background-color\"><\/div><\/div><div class=\"n2-ss-slide-background\" data-public-id=\"5\" data-mode=\"fill\" aria-hidden=\"true\"><div class=\"n2-ss-slide-background-image\" data-blur=\"0\" data-opacity=\"100\" data-x=\"50\" data-y=\"50\" data-alt=\"Bender Schwinn Projekt 2, Galerie Renate Bender 2017. Foto: Kathrin Makowski\" data-title=\"\"><picture class=\"skip-lazy\" data-skip-lazy=\"1\"><img decoding=\"async\" src=\"\/\/www.galerie-bender.de\/wp-content\/uploads\/2023\/04\/68A3351.jpg\" alt=\"Bender Schwinn Projekt 2, Galerie Renate Bender 2017. Foto: Kathrin Makowski\" title=\"\" loading=\"lazy\" class=\"skip-lazy\" data-skip-lazy=\"1\"><\/picture><\/div><div data-color=\"RGBA(255,255,255,0)\" style=\"background-color: RGBA(255,255,255,0);\" class=\"n2-ss-slide-background-color\"><\/div><\/div><div class=\"n2-ss-slide-background\" data-public-id=\"6\" data-mode=\"fill\" aria-hidden=\"true\"><div class=\"n2-ss-slide-background-image\" data-blur=\"0\" data-opacity=\"100\" data-x=\"50\" data-y=\"50\" data-alt=\"Bender Schwinn Projekt 2, Galerie Renate Bender 2017. Foto: Kathrin Makowski\" data-title=\"\"><picture class=\"skip-lazy\" data-skip-lazy=\"1\"><img decoding=\"async\" src=\"\/\/www.galerie-bender.de\/wp-content\/uploads\/2023\/04\/68A3346.jpg\" alt=\"Bender Schwinn Projekt 2, Galerie Renate Bender 2017. Foto: Kathrin Makowski\" title=\"\" loading=\"lazy\" class=\"skip-lazy\" data-skip-lazy=\"1\"><\/picture><\/div><div data-color=\"RGBA(255,255,255,0)\" style=\"background-color: RGBA(255,255,255,0);\" class=\"n2-ss-slide-background-color\"><\/div><\/div><div class=\"n2-ss-slide-background\" data-public-id=\"7\" data-mode=\"fill\" aria-hidden=\"true\"><div class=\"n2-ss-slide-background-image\" data-blur=\"0\" data-opacity=\"100\" data-x=\"50\" data-y=\"50\" data-alt=\"Bender Schwinn Projekt 2, Galerie Renate Bender 2017. Foto: Kathrin Makowski\" data-title=\"\"><picture class=\"skip-lazy\" data-skip-lazy=\"1\"><img decoding=\"async\" src=\"\/\/www.galerie-bender.de\/wp-content\/uploads\/2023\/04\/68A3342.jpg\" alt=\"Bender Schwinn Projekt 2, Galerie Renate Bender 2017. Foto: Kathrin Makowski\" title=\"\" loading=\"lazy\" class=\"skip-lazy\" data-skip-lazy=\"1\"><\/picture><\/div><div data-color=\"RGBA(255,255,255,0)\" style=\"background-color: RGBA(255,255,255,0);\" class=\"n2-ss-slide-background-color\"><\/div><\/div><div class=\"n2-ss-slide-background\" data-public-id=\"8\" data-mode=\"fill\" aria-hidden=\"true\"><div class=\"n2-ss-slide-background-image\" data-blur=\"0\" data-opacity=\"100\" data-x=\"50\" data-y=\"50\" data-alt=\"Bender Schwinn Projekt 2, Galerie Renate Bender 2017. Foto: Kathrin Makowski\" data-title=\"\"><picture class=\"skip-lazy\" data-skip-lazy=\"1\"><img decoding=\"async\" src=\"\/\/www.galerie-bender.de\/wp-content\/uploads\/2023\/04\/68A3340.jpg\" alt=\"Bender Schwinn Projekt 2, Galerie Renate Bender 2017. Foto: Kathrin Makowski\" title=\"\" loading=\"lazy\" class=\"skip-lazy\" data-skip-lazy=\"1\"><\/picture><\/div><div data-color=\"RGBA(255,255,255,0)\" style=\"background-color: RGBA(255,255,255,0);\" class=\"n2-ss-slide-background-color\"><\/div><\/div><div class=\"n2-ss-slide-background\" data-public-id=\"9\" data-mode=\"fill\" aria-hidden=\"true\"><div class=\"n2-ss-slide-background-image\" data-blur=\"0\" data-opacity=\"100\" data-x=\"50\" data-y=\"50\" data-alt=\"Bender Schwinn Projekt 2, Galerie Renate Bender 2017. Foto: Kathrin Makowski\" data-title=\"\"><picture class=\"skip-lazy\" data-skip-lazy=\"1\"><img decoding=\"async\" src=\"\/\/www.galerie-bender.de\/wp-content\/uploads\/2023\/04\/68A3336.jpg\" alt=\"Bender Schwinn Projekt 2, Galerie Renate Bender 2017. Foto: Kathrin Makowski\" title=\"\" loading=\"lazy\" class=\"skip-lazy\" data-skip-lazy=\"1\"><\/picture><\/div><div data-color=\"RGBA(255,255,255,0)\" style=\"background-color: RGBA(255,255,255,0);\" class=\"n2-ss-slide-background-color\"><\/div><\/div><div class=\"n2-ss-slide-background\" data-public-id=\"10\" data-mode=\"fill\" aria-hidden=\"true\"><div class=\"n2-ss-slide-background-image\" data-blur=\"0\" data-opacity=\"100\" data-x=\"50\" data-y=\"50\" data-alt=\"Bender Schwinn Projekt 2, Galerie Renate Bender 2017. Foto: Kathrin Makowski\" data-title=\"\"><picture class=\"skip-lazy\" data-skip-lazy=\"1\"><img decoding=\"async\" src=\"\/\/www.galerie-bender.de\/wp-content\/uploads\/2023\/04\/68A3331.jpg\" alt=\"Bender Schwinn Projekt 2, Galerie Renate Bender 2017. Foto: Kathrin Makowski\" title=\"\" loading=\"lazy\" class=\"skip-lazy\" data-skip-lazy=\"1\"><\/picture><\/div><div data-color=\"RGBA(255,255,255,0)\" style=\"background-color: RGBA(255,255,255,0);\" class=\"n2-ss-slide-background-color\"><\/div><\/div><div class=\"n2-ss-slide-background\" data-public-id=\"11\" data-mode=\"fill\" aria-hidden=\"true\"><div class=\"n2-ss-slide-background-image\" data-blur=\"0\" data-opacity=\"100\" data-x=\"50\" data-y=\"50\" data-alt=\"Bender Schwinn Projekt 2, Galerie Renate Bender 2017. Foto: Kathrin Makowski\" data-title=\"\"><picture class=\"skip-lazy\" data-skip-lazy=\"1\"><img decoding=\"async\" src=\"\/\/www.galerie-bender.de\/wp-content\/uploads\/2023\/04\/68A3329.jpg\" alt=\"Bender Schwinn Projekt 2, Galerie Renate Bender 2017. Foto: Kathrin Makowski\" title=\"\" loading=\"lazy\" class=\"skip-lazy\" data-skip-lazy=\"1\"><\/picture><\/div><div data-color=\"RGBA(255,255,255,0)\" style=\"background-color: RGBA(255,255,255,0);\" class=\"n2-ss-slide-background-color\"><\/div><\/div><div class=\"n2-ss-slide-background\" data-public-id=\"12\" data-mode=\"fill\" aria-hidden=\"true\"><div class=\"n2-ss-slide-background-image\" data-blur=\"0\" data-opacity=\"100\" data-x=\"50\" data-y=\"50\" data-alt=\"Bender Schwinn Projekt 2, Galerie Renate Bender 2017. Foto: Kathrin Makowski\" data-title=\"\"><picture class=\"skip-lazy\" data-skip-lazy=\"1\"><img decoding=\"async\" src=\"\/\/www.galerie-bender.de\/wp-content\/uploads\/2023\/04\/68A3328.jpg\" alt=\"Bender Schwinn Projekt 2, Galerie Renate Bender 2017. Foto: Kathrin Makowski\" title=\"\" loading=\"lazy\" class=\"skip-lazy\" data-skip-lazy=\"1\"><\/picture><\/div><div data-color=\"RGBA(255,255,255,0)\" style=\"background-color: RGBA(255,255,255,0);\" class=\"n2-ss-slide-background-color\"><\/div><\/div><div class=\"n2-ss-slide-background\" data-public-id=\"13\" data-mode=\"fill\" aria-hidden=\"true\"><div class=\"n2-ss-slide-background-image\" data-blur=\"0\" data-opacity=\"100\" data-x=\"50\" data-y=\"50\" data-alt=\"Bender Schwinn Projekt 2, Galerie Renate Bender 2017. Foto: Kathrin Makowski\" data-title=\"\"><picture class=\"skip-lazy\" data-skip-lazy=\"1\"><img decoding=\"async\" src=\"\/\/www.galerie-bender.de\/wp-content\/uploads\/2023\/04\/68A3326.jpg\" alt=\"Bender Schwinn Projekt 2, Galerie Renate Bender 2017. Foto: Kathrin Makowski\" title=\"\" loading=\"lazy\" class=\"skip-lazy\" data-skip-lazy=\"1\"><\/picture><\/div><div data-color=\"RGBA(255,255,255,0)\" style=\"background-color: RGBA(255,255,255,0);\" class=\"n2-ss-slide-background-color\"><\/div><\/div><div class=\"n2-ss-slide-background\" data-public-id=\"14\" data-mode=\"fill\" aria-hidden=\"true\"><div class=\"n2-ss-slide-background-image\" data-blur=\"0\" data-opacity=\"100\" data-x=\"50\" data-y=\"50\" data-alt=\"Bender Schwinn Projekt 2, Galerie Renate Bender 2017\" data-title=\"\"><picture class=\"skip-lazy\" data-skip-lazy=\"1\"><img decoding=\"async\" src=\"\/\/www.galerie-bender.de\/wp-content\/uploads\/2023\/04\/68A3321.jpg\" alt=\"Bender Schwinn Projekt 2, Galerie Renate Bender 2017\" title=\"\" loading=\"lazy\" class=\"skip-lazy\" data-skip-lazy=\"1\"><\/picture><\/div><div data-color=\"RGBA(255,255,255,0)\" style=\"background-color: RGBA(255,255,255,0);\" class=\"n2-ss-slide-background-color\"><\/div><\/div><div class=\"n2-ss-slide-background\" data-public-id=\"15\" data-mode=\"fill\" aria-hidden=\"true\"><div class=\"n2-ss-slide-background-image\" data-blur=\"0\" data-opacity=\"100\" data-x=\"50\" data-y=\"50\" data-alt=\"Bender Schwinn Projekt 2, Galerie Renate Bender 2017\" data-title=\"\"><picture class=\"skip-lazy\" data-skip-lazy=\"1\"><img decoding=\"async\" src=\"\/\/www.galerie-bender.de\/wp-content\/uploads\/2023\/04\/68A3319.jpg\" alt=\"Bender Schwinn Projekt 2, Galerie Renate Bender 2017\" title=\"\" loading=\"lazy\" class=\"skip-lazy\" data-skip-lazy=\"1\"><\/picture><\/div><div data-color=\"RGBA(255,255,255,0)\" style=\"background-color: RGBA(255,255,255,0);\" class=\"n2-ss-slide-background-color\"><\/div><\/div><div class=\"n2-ss-slide-background\" data-public-id=\"16\" data-mode=\"fill\" aria-hidden=\"true\"><div class=\"n2-ss-slide-background-image\" data-blur=\"0\" data-opacity=\"100\" data-x=\"50\" data-y=\"50\" data-alt=\"Bender Schwinn Projekt 2, Galerie Renate Bender 2017. Foto: Kathrin Makowski\" data-title=\"\"><picture class=\"skip-lazy\" data-skip-lazy=\"1\"><img decoding=\"async\" src=\"\/\/www.galerie-bender.de\/wp-content\/uploads\/2023\/04\/68A3318.jpg\" alt=\"Bender Schwinn Projekt 2, Galerie Renate Bender 2017. Foto: Kathrin Makowski\" title=\"\" loading=\"lazy\" class=\"skip-lazy\" data-skip-lazy=\"1\"><\/picture><\/div><div data-color=\"RGBA(255,255,255,0)\" style=\"background-color: RGBA(255,255,255,0);\" class=\"n2-ss-slide-background-color\"><\/div><\/div><div class=\"n2-ss-slide-background\" data-public-id=\"17\" data-mode=\"fill\" aria-hidden=\"true\"><div class=\"n2-ss-slide-background-image\" data-blur=\"0\" data-opacity=\"100\" data-x=\"50\" data-y=\"50\" data-alt=\"Bender Schwinn Projekt 2, Galerie Renate Bender 2017. Foto: Kathrin Makowski\" data-title=\"\"><picture class=\"skip-lazy\" data-skip-lazy=\"1\"><img decoding=\"async\" src=\"\/\/www.galerie-bender.de\/wp-content\/uploads\/2023\/04\/68A3317.jpg\" alt=\"Bender Schwinn Projekt 2, Galerie Renate Bender 2017. Foto: Kathrin Makowski\" title=\"\" loading=\"lazy\" class=\"skip-lazy\" data-skip-lazy=\"1\"><\/picture><\/div><div data-color=\"RGBA(255,255,255,0)\" style=\"background-color: RGBA(255,255,255,0);\" class=\"n2-ss-slide-background-color\"><\/div><\/div><\/div>                    <div class=\"n2-ss-slider-4 n2-ow\">\n                        <svg xmlns=\"http:\/\/www.w3.org\/2000\/svg\" viewBox=\"0 0 860 400\" data-related-device=\"desktopPortrait\" class=\"n2-ow n2-ss-preserve-size n2-ss-preserve-size--slider n2-ss-slide-limiter\"><\/svg><div data-first=\"1\" data-slide-duration=\"0\" data-id=\"3221\" data-slide-public-id=\"1\" data-title=\"Bender Schwinn Projekt 2, Galerie Renate Bender 2017. Foto: Kathrin Makowski\" class=\"n2-ss-slide n2-ow  n2-ss-slide-3221\"><div role=\"note\" class=\"n2-ss-slide--focus\" tabindex=\"-1\">Bender Schwinn Projekt 2, Galerie Renate Bender 2017. Foto: Kathrin Makowski<\/div><div class=\"n2-ss-layers-container n2-ss-slide-limiter n2-ow\"><div class=\"n2-ss-layer n2-ow n-uc-fwZ6K8apMvDn\" data-sstype=\"slide\" data-pm=\"default\"><\/div><\/div><\/div><div data-slide-duration=\"0\" data-id=\"3222\" data-slide-public-id=\"2\" aria-hidden=\"true\" data-title=\"Bender Schwinn Projekt 2, Galerie Renate Bender 2017. Foto: Kathrin Makowski\" class=\"n2-ss-slide n2-ow  n2-ss-slide-3222\"><div role=\"note\" class=\"n2-ss-slide--focus\" tabindex=\"-1\">Bender Schwinn Projekt 2, Galerie Renate Bender 2017. Foto: Kathrin Makowski<\/div><div class=\"n2-ss-layers-container n2-ss-slide-limiter n2-ow\"><div class=\"n2-ss-layer n2-ow n-uc-3HAVBYUiDyiH\" data-sstype=\"slide\" data-pm=\"default\"><\/div><\/div><\/div><div data-slide-duration=\"0\" data-id=\"3206\" data-slide-public-id=\"3\" aria-hidden=\"true\" data-title=\"Bender Schwinn Projekt 2, Galerie Renate Bender 2017. Foto: Kathrin Makowski\" class=\"n2-ss-slide n2-ow  n2-ss-slide-3206\"><div role=\"note\" class=\"n2-ss-slide--focus\" tabindex=\"-1\">Bender Schwinn Projekt 2, Galerie Renate Bender 2017. Foto: Kathrin Makowski<\/div><div class=\"n2-ss-layers-container n2-ss-slide-limiter n2-ow\"><div class=\"n2-ss-layer n2-ow n-uc-6lSmcIDbhEUe\" data-sstype=\"slide\" data-pm=\"default\"><\/div><\/div><\/div><div data-slide-duration=\"0\" data-id=\"3207\" data-slide-public-id=\"4\" aria-hidden=\"true\" data-title=\"Bender Schwinn Projekt 2, Galerie Renate Bender 2017. Foto: Kathrin Makowski\" class=\"n2-ss-slide n2-ow  n2-ss-slide-3207\"><div role=\"note\" class=\"n2-ss-slide--focus\" tabindex=\"-1\">Bender Schwinn Projekt 2, Galerie Renate Bender 2017. Foto: Kathrin Makowski<\/div><div class=\"n2-ss-layers-container n2-ss-slide-limiter n2-ow\"><div class=\"n2-ss-layer n2-ow n-uc-kCx2PRQRKDtV\" data-sstype=\"slide\" data-pm=\"default\"><\/div><\/div><\/div><div data-slide-duration=\"0\" data-id=\"3208\" data-slide-public-id=\"5\" aria-hidden=\"true\" data-title=\"Bender Schwinn Projekt 2, Galerie Renate Bender 2017. Foto: Kathrin Makowski\" class=\"n2-ss-slide n2-ow  n2-ss-slide-3208\"><div role=\"note\" class=\"n2-ss-slide--focus\" tabindex=\"-1\">Bender Schwinn Projekt 2, Galerie Renate Bender 2017. Foto: Kathrin Makowski<\/div><div class=\"n2-ss-layers-container n2-ss-slide-limiter n2-ow\"><div class=\"n2-ss-layer n2-ow n-uc-bhIzSLp7rucw\" data-sstype=\"slide\" data-pm=\"default\"><\/div><\/div><\/div><div data-slide-duration=\"0\" data-id=\"3209\" data-slide-public-id=\"6\" aria-hidden=\"true\" data-title=\"Bender Schwinn Projekt 2, Galerie Renate Bender 2017. Foto: Kathrin Makowski\" class=\"n2-ss-slide n2-ow  n2-ss-slide-3209\"><div role=\"note\" class=\"n2-ss-slide--focus\" tabindex=\"-1\">Bender Schwinn Projekt 2, Galerie Renate Bender 2017. Foto: Kathrin Makowski<\/div><div class=\"n2-ss-layers-container n2-ss-slide-limiter n2-ow\"><div class=\"n2-ss-layer n2-ow n-uc-N2SV30avDxF6\" data-sstype=\"slide\" data-pm=\"default\"><\/div><\/div><\/div><div data-slide-duration=\"0\" data-id=\"3210\" data-slide-public-id=\"7\" aria-hidden=\"true\" data-title=\"Bender Schwinn Projekt 2, Galerie Renate Bender 2017. Foto: Kathrin Makowski\" class=\"n2-ss-slide n2-ow  n2-ss-slide-3210\"><div role=\"note\" class=\"n2-ss-slide--focus\" tabindex=\"-1\">Bender Schwinn Projekt 2, Galerie Renate Bender 2017. Foto: Kathrin Makowski<\/div><div class=\"n2-ss-layers-container n2-ss-slide-limiter n2-ow\"><div class=\"n2-ss-layer n2-ow n-uc-swVs1MdLxExJ\" data-sstype=\"slide\" data-pm=\"default\"><\/div><\/div><\/div><div data-slide-duration=\"0\" data-id=\"3211\" data-slide-public-id=\"8\" aria-hidden=\"true\" data-title=\"Bender Schwinn Projekt 2, Galerie Renate Bender 2017. Foto: Kathrin Makowski\" class=\"n2-ss-slide n2-ow  n2-ss-slide-3211\"><div role=\"note\" class=\"n2-ss-slide--focus\" tabindex=\"-1\">Bender Schwinn Projekt 2, Galerie Renate Bender 2017. Foto: Kathrin Makowski<\/div><div class=\"n2-ss-layers-container n2-ss-slide-limiter n2-ow\"><div class=\"n2-ss-layer n2-ow n-uc-X9GWasaJxGIy\" data-sstype=\"slide\" data-pm=\"default\"><\/div><\/div><\/div><div data-slide-duration=\"0\" data-id=\"3212\" data-slide-public-id=\"9\" aria-hidden=\"true\" data-title=\"Bender Schwinn Projekt 2, Galerie Renate Bender 2017. Foto: Kathrin Makowski\" class=\"n2-ss-slide n2-ow  n2-ss-slide-3212\"><div role=\"note\" class=\"n2-ss-slide--focus\" tabindex=\"-1\">Bender Schwinn Projekt 2, Galerie Renate Bender 2017. Foto: Kathrin Makowski<\/div><div class=\"n2-ss-layers-container n2-ss-slide-limiter n2-ow\"><div class=\"n2-ss-layer n2-ow n-uc-DdJAh4Oz3DkK\" data-sstype=\"slide\" data-pm=\"default\"><\/div><\/div><\/div><div data-slide-duration=\"0\" data-id=\"3213\" data-slide-public-id=\"10\" aria-hidden=\"true\" data-title=\"Bender Schwinn Projekt 2, Galerie Renate Bender 2017. Foto: Kathrin Makowski\" class=\"n2-ss-slide n2-ow  n2-ss-slide-3213\"><div role=\"note\" class=\"n2-ss-slide--focus\" tabindex=\"-1\">Bender Schwinn Projekt 2, Galerie Renate Bender 2017. Foto: Kathrin Makowski<\/div><div class=\"n2-ss-layers-container n2-ss-slide-limiter n2-ow\"><div class=\"n2-ss-layer n2-ow n-uc-tRJB0hyj0irH\" data-sstype=\"slide\" data-pm=\"default\"><\/div><\/div><\/div><div data-slide-duration=\"0\" data-id=\"3214\" data-slide-public-id=\"11\" aria-hidden=\"true\" data-title=\"Bender Schwinn Projekt 2, Galerie Renate Bender 2017. Foto: Kathrin Makowski\" class=\"n2-ss-slide n2-ow  n2-ss-slide-3214\"><div role=\"note\" class=\"n2-ss-slide--focus\" tabindex=\"-1\">Bender Schwinn Projekt 2, Galerie Renate Bender 2017. Foto: Kathrin Makowski<\/div><div class=\"n2-ss-layers-container n2-ss-slide-limiter n2-ow\"><div class=\"n2-ss-layer n2-ow n-uc-ptKSojumJ15E\" data-sstype=\"slide\" data-pm=\"default\"><\/div><\/div><\/div><div data-slide-duration=\"0\" data-id=\"3215\" data-slide-public-id=\"12\" aria-hidden=\"true\" data-title=\"Bender Schwinn Projekt 2, Galerie Renate Bender 2017. Foto: Kathrin Makowski\" class=\"n2-ss-slide n2-ow  n2-ss-slide-3215\"><div role=\"note\" class=\"n2-ss-slide--focus\" tabindex=\"-1\">Bender Schwinn Projekt 2, Galerie Renate Bender 2017. Foto: Kathrin Makowski<\/div><div class=\"n2-ss-layers-container n2-ss-slide-limiter n2-ow\"><div class=\"n2-ss-layer n2-ow n-uc-j0qTpdt8Jz1z\" data-sstype=\"slide\" data-pm=\"default\"><\/div><\/div><\/div><div data-slide-duration=\"0\" data-id=\"3216\" data-slide-public-id=\"13\" aria-hidden=\"true\" data-title=\"Bender Schwinn Projekt 2, Galerie Renate Bender 2017\" class=\"n2-ss-slide n2-ow  n2-ss-slide-3216\"><div role=\"note\" class=\"n2-ss-slide--focus\" tabindex=\"-1\">Bender Schwinn Projekt 2, Galerie Renate Bender 2017<\/div><div class=\"n2-ss-layers-container n2-ss-slide-limiter n2-ow\"><div class=\"n2-ss-layer n2-ow n-uc-FUYIbbnCTATC\" data-sstype=\"slide\" data-pm=\"default\"><\/div><\/div><\/div><div data-slide-duration=\"0\" data-id=\"3217\" data-slide-public-id=\"14\" aria-hidden=\"true\" data-title=\"Bender Schwinn Projekt 2, Galerie Renate Bender 2017\" class=\"n2-ss-slide n2-ow  n2-ss-slide-3217\"><div role=\"note\" class=\"n2-ss-slide--focus\" tabindex=\"-1\">Bender Schwinn Projekt 2, Galerie Renate Bender 2017<\/div><div class=\"n2-ss-layers-container n2-ss-slide-limiter n2-ow\"><div class=\"n2-ss-layer n2-ow n-uc-BffEMGC5x9FH\" data-sstype=\"slide\" data-pm=\"default\"><\/div><\/div><\/div><div data-slide-duration=\"0\" data-id=\"3218\" data-slide-public-id=\"15\" aria-hidden=\"true\" data-title=\"Bender Schwinn Projekt 2, Galerie Renate Bender 2017\" class=\"n2-ss-slide n2-ow  n2-ss-slide-3218\"><div role=\"note\" class=\"n2-ss-slide--focus\" tabindex=\"-1\">Bender Schwinn Projekt 2, Galerie Renate Bender 2017<\/div><div class=\"n2-ss-layers-container n2-ss-slide-limiter n2-ow\"><div class=\"n2-ss-layer n2-ow n-uc-j1f8iHtBjOaa\" data-sstype=\"slide\" data-pm=\"default\"><\/div><\/div><\/div><div data-slide-duration=\"0\" data-id=\"3219\" data-slide-public-id=\"16\" aria-hidden=\"true\" data-title=\"Bender Schwinn Projekt 2, Galerie Renate Bender 2017\" class=\"n2-ss-slide n2-ow  n2-ss-slide-3219\"><div role=\"note\" class=\"n2-ss-slide--focus\" tabindex=\"-1\">Bender Schwinn Projekt 2, Galerie Renate Bender 2017<\/div><div class=\"n2-ss-layers-container n2-ss-slide-limiter n2-ow\"><div class=\"n2-ss-layer n2-ow n-uc-ogVdcH6ZNXWe\" data-sstype=\"slide\" data-pm=\"default\"><\/div><\/div><\/div><div data-slide-duration=\"0\" data-id=\"3220\" data-slide-public-id=\"17\" aria-hidden=\"true\" data-title=\"Bender Schwinn Projekt 2, Galerie Renate Bender 2017\" class=\"n2-ss-slide n2-ow  n2-ss-slide-3220\"><div role=\"note\" class=\"n2-ss-slide--focus\" tabindex=\"-1\">Bender Schwinn Projekt 2, Galerie Renate Bender 2017<\/div><div class=\"n2-ss-layers-container n2-ss-slide-limiter n2-ow\"><div class=\"n2-ss-layer n2-ow n-uc-OZqejP3o1j8j\" data-sstype=\"slide\" data-pm=\"default\"><\/div><\/div><\/div>                    <\/div>\n\n                                    <\/div>\n            <\/div>\n        <\/div>\n        <div class=\"n2-ss-slider-controls n2-ss-slider-controls-absolute-left-center\"><div style=\"--widget-offset:15px;\" class=\"n2-ss-widget nextend-arrow n2-ow-all nextend-arrow-previous  nextend-arrow-animated-fade\" data-hide-mobileportrait=\"1\" id=\"n2-ss-146-arrow-previous\" role=\"button\" aria-label=\"previous arrow\" tabindex=\"0\"><img loading=\"lazy\" decoding=\"async\" width=\"32\" height=\"32\" class=\"n2-arrow-normal-img skip-lazy\" data-skip-lazy=\"1\" src=\"data:image\/svg+xml;base64,PHN2ZyB3aWR0aD0iMzIiIGhlaWdodD0iMzIiIHZpZXdCb3g9IjAgMCAzMiAzMiIgeG1sbnM9Imh0dHA6Ly93d3cudzMub3JnLzIwMDAvc3ZnIj4KICAgIDxwYXRoIGQ9Ik0xMS40MzMgMTUuOTkyTDIyLjY5IDUuNzEyYy4zOTMtLjM5LjM5My0xLjAzIDAtMS40Mi0uMzkzLS4zOS0xLjAzLS4zOS0xLjQyMyAwbC0xMS45OCAxMC45NGMtLjIxLjIxLS4zLjQ5LS4yODUuNzYtLjAxNS4yOC4wNzUuNTYuMjg0Ljc3bDExLjk4IDEwLjk0Yy4zOTMuMzkgMS4wMy4zOSAxLjQyNCAwIC4zOTMtLjQuMzkzLTEuMDMgMC0xLjQybC0xMS4yNTctMTAuMjkiCiAgICAgICAgICBmaWxsPSIjY2VkM2Q1IiBvcGFjaXR5PSIxIiBmaWxsLXJ1bGU9ImV2ZW5vZGQiLz4KPC9zdmc+\" alt=\"previous arrow\"><img loading=\"lazy\" decoding=\"async\" width=\"32\" height=\"32\" class=\"n2-arrow-hover-img skip-lazy\" data-skip-lazy=\"1\" src=\"data:image\/svg+xml;base64,PHN2ZyB3aWR0aD0iMzIiIGhlaWdodD0iMzIiIHZpZXdCb3g9IjAgMCAzMiAzMiIgeG1sbnM9Imh0dHA6Ly93d3cudzMub3JnLzIwMDAvc3ZnIj4KICAgIDxwYXRoIGQ9Ik0xMS40MzMgMTUuOTkyTDIyLjY5IDUuNzEyYy4zOTMtLjM5LjM5My0xLjAzIDAtMS40Mi0uMzkzLS4zOS0xLjAzLS4zOS0xLjQyMyAwbC0xMS45OCAxMC45NGMtLjIxLjIxLS4zLjQ5LS4yODUuNzYtLjAxNS4yOC4wNzUuNTYuMjg0Ljc3bDExLjk4IDEwLjk0Yy4zOTMuMzkgMS4wMy4zOSAxLjQyNCAwIC4zOTMtLjQuMzkzLTEuMDMgMC0xLjQybC0xMS4yNTctMTAuMjkiCiAgICAgICAgICBmaWxsPSIjMDAwMDAwIiBvcGFjaXR5PSIxIiBmaWxsLXJ1bGU9ImV2ZW5vZGQiLz4KPC9zdmc+\" alt=\"previous arrow\"><\/div><\/div><div class=\"n2-ss-slider-controls n2-ss-slider-controls-absolute-right-center\"><div style=\"--widget-offset:15px;\" class=\"n2-ss-widget nextend-arrow n2-ow-all nextend-arrow-next  nextend-arrow-animated-fade\" data-hide-mobileportrait=\"1\" id=\"n2-ss-146-arrow-next\" role=\"button\" aria-label=\"next arrow\" tabindex=\"0\"><img loading=\"lazy\" decoding=\"async\" width=\"32\" height=\"32\" class=\"n2-arrow-normal-img skip-lazy\" data-skip-lazy=\"1\" src=\"data:image\/svg+xml;base64,PHN2ZyB3aWR0aD0iMzIiIGhlaWdodD0iMzIiIHZpZXdCb3g9IjAgMCAzMiAzMiIgeG1sbnM9Imh0dHA6Ly93d3cudzMub3JnLzIwMDAvc3ZnIj4KICAgIDxwYXRoIGQ9Ik0xMC43MjIgNC4yOTNjLS4zOTQtLjM5LTEuMDMyLS4zOS0xLjQyNyAwLS4zOTMuMzktLjM5MyAxLjAzIDAgMS40MmwxMS4yODMgMTAuMjgtMTEuMjgzIDEwLjI5Yy0uMzkzLjM5LS4zOTMgMS4wMiAwIDEuNDIuMzk1LjM5IDEuMDMzLjM5IDEuNDI3IDBsMTIuMDA3LTEwLjk0Yy4yMS0uMjEuMy0uNDkuMjg0LS43Ny4wMTQtLjI3LS4wNzYtLjU1LS4yODYtLjc2TDEwLjcyIDQuMjkzeiIKICAgICAgICAgIGZpbGw9IiNjZWQzZDUiIG9wYWNpdHk9IjEiIGZpbGwtcnVsZT0iZXZlbm9kZCIvPgo8L3N2Zz4=\" alt=\"next arrow\"><img loading=\"lazy\" decoding=\"async\" width=\"32\" height=\"32\" class=\"n2-arrow-hover-img skip-lazy\" data-skip-lazy=\"1\" src=\"data:image\/svg+xml;base64,PHN2ZyB3aWR0aD0iMzIiIGhlaWdodD0iMzIiIHZpZXdCb3g9IjAgMCAzMiAzMiIgeG1sbnM9Imh0dHA6Ly93d3cudzMub3JnLzIwMDAvc3ZnIj4KICAgIDxwYXRoIGQ9Ik0xMC43MjIgNC4yOTNjLS4zOTQtLjM5LTEuMDMyLS4zOS0xLjQyNyAwLS4zOTMuMzktLjM5MyAxLjAzIDAgMS40MmwxMS4yODMgMTAuMjgtMTEuMjgzIDEwLjI5Yy0uMzkzLjM5LS4zOTMgMS4wMiAwIDEuNDIuMzk1LjM5IDEuMDMzLjM5IDEuNDI3IDBsMTIuMDA3LTEwLjk0Yy4yMS0uMjEuMy0uNDkuMjg0LS43Ny4wMTQtLjI3LS4wNzYtLjU1LS4yODYtLjc2TDEwLjcyIDQuMjkzeiIKICAgICAgICAgIGZpbGw9IiMwMDAwMDAiIG9wYWNpdHk9IjEiIGZpbGwtcnVsZT0iZXZlbm9kZCIvPgo8L3N2Zz4=\" alt=\"next arrow\"><\/div><\/div><\/div><div class=\"n2-ss-slider-controls n2-ss-slider-controls-below\"><div class=\"n2-ss-widget nextend-bar nextend-bar-horizontal n2-ss-widget-hidden n2-ow-all\" style=\"text-align: center;width:100%;\"><div class=\"n2-style-820f7b4778ca78a56ddbfeafd970141f-simple \"><span class=\"n2-font-3139fc3b7b0084541f2cdf658508f7aa-simple \">&nbsp;<\/span><\/div><\/div><\/div><\/div><\/div><ss3-loader><\/ss3-loader><\/div><\/div><div class=\"n2_clear\"><\/div><\/div>\n\n\n<h2 class=\"wp-block-heading\">Bender Schwinn Projekt 3 &#8211; 2018<\/h2>\n\n\n<div class=\"n2-section-smartslider fitvidsignore  n2_clear\" data-ssid=\"148\" tabindex=\"0\" role=\"region\" aria-label=\"Slider\"><div id=\"n2-ss-148-align\" class=\"n2-ss-align\"><div class=\"n2-padding\"><div id=\"n2-ss-148\" data-creator=\"Smart Slider 3\" data-responsive=\"auto\" class=\"n2-ss-slider n2-ow n2-has-hover n2notransition  \">\n\n\n\n\n\n\n\n\n\n\n\n\n\n<div class=\"n2-ss-slider-wrapper-outside\" style=\"grid-template-rows:1fr auto\"><div class=\"n2-ss-slider-wrapper-inside\">\n        <div class=\"n2-ss-slider-1 n2_ss__touch_element n2-ow\">\n            <div class=\"n2-ss-slider-2 n2-ow\">\n                                                <div class=\"n2-ss-slider-3 n2-ow\">\n\n                    <div class=\"n2-ss-slide-backgrounds n2-ow-all\"><div class=\"n2-ss-slide-background\" data-public-id=\"1\" data-mode=\"fill\"><div class=\"n2-ss-slide-background-image\" data-blur=\"0\" data-opacity=\"100\" data-x=\"50\" data-y=\"50\" data-alt=\"Bender Schwinn Projekt 3, Galerie Renate Bender 2018. Foto: Kathrin Makowski\" data-title=\"\"><picture class=\"skip-lazy\" data-skip-lazy=\"1\"><img decoding=\"async\" src=\"\/\/www.galerie-bender.de\/wp-content\/uploads\/2023\/04\/68A6603.jpg\" alt=\"Bender Schwinn Projekt 3, Galerie Renate Bender 2018. Foto: Kathrin Makowski\" title=\"\" loading=\"lazy\" class=\"skip-lazy\" data-skip-lazy=\"1\"><\/picture><\/div><div data-color=\"RGBA(255,255,255,0)\" style=\"background-color: RGBA(255,255,255,0);\" class=\"n2-ss-slide-background-color\"><\/div><\/div><div class=\"n2-ss-slide-background\" data-public-id=\"2\" data-mode=\"fill\" aria-hidden=\"true\"><div class=\"n2-ss-slide-background-image\" data-blur=\"0\" data-opacity=\"100\" data-x=\"50\" data-y=\"50\" data-alt=\"Bender Schwinn Projekt 3, Galerie Renate Bender 2018. Foto: Kathrin Makowski\" data-title=\"\"><picture class=\"skip-lazy\" data-skip-lazy=\"1\"><img decoding=\"async\" src=\"\/\/www.galerie-bender.de\/wp-content\/uploads\/2023\/04\/68A6608.jpg\" alt=\"Bender Schwinn Projekt 3, Galerie Renate Bender 2018. Foto: Kathrin Makowski\" title=\"\" loading=\"lazy\" class=\"skip-lazy\" data-skip-lazy=\"1\"><\/picture><\/div><div data-color=\"RGBA(255,255,255,0)\" style=\"background-color: RGBA(255,255,255,0);\" class=\"n2-ss-slide-background-color\"><\/div><\/div><div class=\"n2-ss-slide-background\" data-public-id=\"3\" data-mode=\"fill\" aria-hidden=\"true\"><div class=\"n2-ss-slide-background-image\" data-blur=\"0\" data-opacity=\"100\" data-x=\"50\" data-y=\"50\" data-alt=\"Bender Schwinn Projekt 3, Galerie Renate Bender 2018. Foto: Kathrin Makowski\" data-title=\"\"><picture class=\"skip-lazy\" data-skip-lazy=\"1\"><img decoding=\"async\" src=\"\/\/www.galerie-bender.de\/wp-content\/uploads\/2023\/04\/68A6650.jpg\" alt=\"Bender Schwinn Projekt 3, Galerie Renate Bender 2018. Foto: Kathrin Makowski\" title=\"\" loading=\"lazy\" class=\"skip-lazy\" data-skip-lazy=\"1\"><\/picture><\/div><div data-color=\"RGBA(255,255,255,0)\" style=\"background-color: RGBA(255,255,255,0);\" class=\"n2-ss-slide-background-color\"><\/div><\/div><div class=\"n2-ss-slide-background\" data-public-id=\"4\" data-mode=\"fill\" aria-hidden=\"true\"><div class=\"n2-ss-slide-background-image\" data-blur=\"0\" data-opacity=\"100\" data-x=\"50\" data-y=\"50\" data-alt=\"Bender Schwinn Projekt 3, Galerie Renate Bender 2018. Foto: Kathrin Makowski\" data-title=\"\"><picture class=\"skip-lazy\" data-skip-lazy=\"1\"><img decoding=\"async\" src=\"\/\/www.galerie-bender.de\/wp-content\/uploads\/2023\/04\/68A6605.jpg\" alt=\"Bender Schwinn Projekt 3, Galerie Renate Bender 2018. Foto: Kathrin Makowski\" title=\"\" loading=\"lazy\" class=\"skip-lazy\" data-skip-lazy=\"1\"><\/picture><\/div><div data-color=\"RGBA(255,255,255,0)\" style=\"background-color: RGBA(255,255,255,0);\" class=\"n2-ss-slide-background-color\"><\/div><\/div><div class=\"n2-ss-slide-background\" data-public-id=\"5\" data-mode=\"fill\" aria-hidden=\"true\"><div class=\"n2-ss-slide-background-image\" data-blur=\"0\" data-opacity=\"100\" data-x=\"50\" data-y=\"50\" data-alt=\"Bender Schwinn Projekt 3, Galerie Renate Bender 2018. Foto: Kathrin Makowski\" data-title=\"\"><picture class=\"skip-lazy\" data-skip-lazy=\"1\"><img decoding=\"async\" src=\"\/\/www.galerie-bender.de\/wp-content\/uploads\/2023\/04\/68A6647.jpg\" alt=\"Bender Schwinn Projekt 3, Galerie Renate Bender 2018. Foto: Kathrin Makowski\" title=\"\" loading=\"lazy\" class=\"skip-lazy\" data-skip-lazy=\"1\"><\/picture><\/div><div data-color=\"RGBA(255,255,255,0)\" style=\"background-color: RGBA(255,255,255,0);\" class=\"n2-ss-slide-background-color\"><\/div><\/div><div class=\"n2-ss-slide-background\" data-public-id=\"6\" data-mode=\"fill\" aria-hidden=\"true\"><div class=\"n2-ss-slide-background-image\" data-blur=\"0\" data-opacity=\"100\" data-x=\"50\" data-y=\"50\" data-alt=\"Bender Schwinn Projekt 3, Galerie Renate Bender 2018. Foto: Kathrin Makowski\" data-title=\"\"><picture class=\"skip-lazy\" data-skip-lazy=\"1\"><img decoding=\"async\" src=\"\/\/www.galerie-bender.de\/wp-content\/uploads\/2023\/04\/68A6646.jpg\" alt=\"Bender Schwinn Projekt 3, Galerie Renate Bender 2018. Foto: Kathrin Makowski\" title=\"\" loading=\"lazy\" class=\"skip-lazy\" data-skip-lazy=\"1\"><\/picture><\/div><div data-color=\"RGBA(255,255,255,0)\" style=\"background-color: RGBA(255,255,255,0);\" class=\"n2-ss-slide-background-color\"><\/div><\/div><div class=\"n2-ss-slide-background\" data-public-id=\"7\" data-mode=\"fill\" aria-hidden=\"true\"><div class=\"n2-ss-slide-background-image\" data-blur=\"0\" data-opacity=\"100\" data-x=\"50\" data-y=\"50\" data-alt=\"Bender Schwinn Projekt 3, Galerie Renate Bender 2018. Foto: Kathrin Makowski\" data-title=\"\"><picture class=\"skip-lazy\" data-skip-lazy=\"1\"><img decoding=\"async\" src=\"\/\/www.galerie-bender.de\/wp-content\/uploads\/2023\/04\/68A6645.jpg\" alt=\"Bender Schwinn Projekt 3, Galerie Renate Bender 2018. Foto: Kathrin Makowski\" title=\"\" loading=\"lazy\" class=\"skip-lazy\" data-skip-lazy=\"1\"><\/picture><\/div><div data-color=\"RGBA(255,255,255,0)\" style=\"background-color: RGBA(255,255,255,0);\" class=\"n2-ss-slide-background-color\"><\/div><\/div><div class=\"n2-ss-slide-background\" data-public-id=\"8\" data-mode=\"fill\" aria-hidden=\"true\"><div class=\"n2-ss-slide-background-image\" data-blur=\"0\" data-opacity=\"100\" data-x=\"50\" data-y=\"50\" data-alt=\"Bender Schwinn Projekt 3, Galerie Renate Bender 2018. Foto: Kathrin Makowski\" data-title=\"\"><picture class=\"skip-lazy\" data-skip-lazy=\"1\"><img decoding=\"async\" src=\"\/\/www.galerie-bender.de\/wp-content\/uploads\/2023\/04\/68A6643.jpg\" alt=\"Bender Schwinn Projekt 3, Galerie Renate Bender 2018. Foto: Kathrin Makowski\" title=\"\" loading=\"lazy\" class=\"skip-lazy\" data-skip-lazy=\"1\"><\/picture><\/div><div data-color=\"RGBA(255,255,255,0)\" style=\"background-color: RGBA(255,255,255,0);\" class=\"n2-ss-slide-background-color\"><\/div><\/div><div class=\"n2-ss-slide-background\" data-public-id=\"9\" data-mode=\"fill\" aria-hidden=\"true\"><div class=\"n2-ss-slide-background-image\" data-blur=\"0\" data-opacity=\"100\" data-x=\"50\" data-y=\"50\" data-alt=\"Bender Schwinn Projekt 3, Galerie Renate Bender 2018. Foto: Kathrin Makowski\" data-title=\"\"><picture class=\"skip-lazy\" data-skip-lazy=\"1\"><img decoding=\"async\" src=\"\/\/www.galerie-bender.de\/wp-content\/uploads\/2023\/04\/68A6641.jpg\" alt=\"Bender Schwinn Projekt 3, Galerie Renate Bender 2018. Foto: Kathrin Makowski\" title=\"\" loading=\"lazy\" class=\"skip-lazy\" data-skip-lazy=\"1\"><\/picture><\/div><div data-color=\"RGBA(255,255,255,0)\" style=\"background-color: RGBA(255,255,255,0);\" class=\"n2-ss-slide-background-color\"><\/div><\/div><div class=\"n2-ss-slide-background\" data-public-id=\"10\" data-mode=\"fill\" aria-hidden=\"true\"><div class=\"n2-ss-slide-background-image\" data-blur=\"0\" data-opacity=\"100\" data-x=\"50\" data-y=\"50\" data-alt=\"Bender Schwinn Projekt 3, Galerie Renate Bender 2018. Foto: Kathrin Makowski\" data-title=\"\"><picture class=\"skip-lazy\" data-skip-lazy=\"1\"><img decoding=\"async\" src=\"\/\/www.galerie-bender.de\/wp-content\/uploads\/2023\/04\/68A6639.jpg\" alt=\"Bender Schwinn Projekt 3, Galerie Renate Bender 2018. Foto: Kathrin Makowski\" title=\"\" loading=\"lazy\" class=\"skip-lazy\" data-skip-lazy=\"1\"><\/picture><\/div><div data-color=\"RGBA(255,255,255,0)\" style=\"background-color: RGBA(255,255,255,0);\" class=\"n2-ss-slide-background-color\"><\/div><\/div><div class=\"n2-ss-slide-background\" data-public-id=\"11\" data-mode=\"fill\" aria-hidden=\"true\"><div class=\"n2-ss-slide-background-image\" data-blur=\"0\" data-opacity=\"100\" data-x=\"50\" data-y=\"50\" data-alt=\"Bender Schwinn Projekt 3, Galerie Renate Bender 2018. Foto: Kathrin Makowski\" data-title=\"\"><picture class=\"skip-lazy\" data-skip-lazy=\"1\"><img decoding=\"async\" src=\"\/\/www.galerie-bender.de\/wp-content\/uploads\/2023\/04\/68A6632.jpg\" alt=\"Bender Schwinn Projekt 3, Galerie Renate Bender 2018. Foto: Kathrin Makowski\" title=\"\" loading=\"lazy\" class=\"skip-lazy\" data-skip-lazy=\"1\"><\/picture><\/div><div data-color=\"RGBA(255,255,255,0)\" style=\"background-color: RGBA(255,255,255,0);\" class=\"n2-ss-slide-background-color\"><\/div><\/div><div class=\"n2-ss-slide-background\" data-public-id=\"12\" data-mode=\"fill\" aria-hidden=\"true\"><div class=\"n2-ss-slide-background-image\" data-blur=\"0\" data-opacity=\"100\" data-x=\"50\" data-y=\"50\" data-alt=\"Bender Schwinn Projekt 3, Galerie Renate Bender 2018. Foto: Kathrin Makowski\" data-title=\"\"><picture class=\"skip-lazy\" data-skip-lazy=\"1\"><img decoding=\"async\" src=\"\/\/www.galerie-bender.de\/wp-content\/uploads\/2023\/04\/68A6627.jpg\" alt=\"Bender Schwinn Projekt 3, Galerie Renate Bender 2018. Foto: Kathrin Makowski\" title=\"\" loading=\"lazy\" class=\"skip-lazy\" data-skip-lazy=\"1\"><\/picture><\/div><div data-color=\"RGBA(255,255,255,0)\" style=\"background-color: RGBA(255,255,255,0);\" class=\"n2-ss-slide-background-color\"><\/div><\/div><div class=\"n2-ss-slide-background\" data-public-id=\"13\" data-mode=\"fill\" aria-hidden=\"true\"><div class=\"n2-ss-slide-background-image\" data-blur=\"0\" data-opacity=\"100\" data-x=\"50\" data-y=\"50\" data-alt=\"Bender Schwinn Projekt 3, Galerie Renate Bender 2018. Foto: Kathrin Makowski\" data-title=\"\"><picture class=\"skip-lazy\" data-skip-lazy=\"1\"><img decoding=\"async\" src=\"\/\/www.galerie-bender.de\/wp-content\/uploads\/2023\/04\/68A6625.jpg\" alt=\"Bender Schwinn Projekt 3, Galerie Renate Bender 2018. Foto: Kathrin Makowski\" title=\"\" loading=\"lazy\" class=\"skip-lazy\" data-skip-lazy=\"1\"><\/picture><\/div><div data-color=\"RGBA(255,255,255,0)\" style=\"background-color: RGBA(255,255,255,0);\" class=\"n2-ss-slide-background-color\"><\/div><\/div><div class=\"n2-ss-slide-background\" data-public-id=\"14\" data-mode=\"fill\" aria-hidden=\"true\"><div class=\"n2-ss-slide-background-image\" data-blur=\"0\" data-opacity=\"100\" data-x=\"50\" data-y=\"50\" data-alt=\"Bender Schwinn Projekt 3, Galerie Renate Bender 2018. Foto: Kathrin Makowski\" data-title=\"\"><picture class=\"skip-lazy\" data-skip-lazy=\"1\"><img decoding=\"async\" src=\"\/\/www.galerie-bender.de\/wp-content\/uploads\/2023\/04\/68A6623.jpg\" alt=\"Bender Schwinn Projekt 3, Galerie Renate Bender 2018. Foto: Kathrin Makowski\" title=\"\" loading=\"lazy\" class=\"skip-lazy\" data-skip-lazy=\"1\"><\/picture><\/div><div data-color=\"RGBA(255,255,255,0)\" style=\"background-color: RGBA(255,255,255,0);\" class=\"n2-ss-slide-background-color\"><\/div><\/div><div class=\"n2-ss-slide-background\" data-public-id=\"15\" data-mode=\"fill\" aria-hidden=\"true\"><div class=\"n2-ss-slide-background-image\" data-blur=\"0\" data-opacity=\"100\" data-x=\"50\" data-y=\"50\" data-alt=\"Bender Schwinn Projekt 3, Galerie Renate Bender 2018. Foto: Kathrin Makowski\" data-title=\"\"><picture class=\"skip-lazy\" data-skip-lazy=\"1\"><img decoding=\"async\" src=\"\/\/www.galerie-bender.de\/wp-content\/uploads\/2023\/04\/68A6622.jpg\" alt=\"Bender Schwinn Projekt 3, Galerie Renate Bender 2018. Foto: Kathrin Makowski\" title=\"\" loading=\"lazy\" class=\"skip-lazy\" data-skip-lazy=\"1\"><\/picture><\/div><div data-color=\"RGBA(255,255,255,0)\" style=\"background-color: RGBA(255,255,255,0);\" class=\"n2-ss-slide-background-color\"><\/div><\/div><div class=\"n2-ss-slide-background\" data-public-id=\"16\" data-mode=\"fill\" aria-hidden=\"true\"><div class=\"n2-ss-slide-background-image\" data-blur=\"0\" data-opacity=\"100\" data-x=\"50\" data-y=\"50\" data-alt=\"Bender Schwinn Projekt 3, Galerie Renate Bender 2018. Foto: Kathrin Makowski\" data-title=\"\"><picture class=\"skip-lazy\" data-skip-lazy=\"1\"><img decoding=\"async\" src=\"\/\/www.galerie-bender.de\/wp-content\/uploads\/2023\/04\/68A6617.jpg\" alt=\"Bender Schwinn Projekt 3, Galerie Renate Bender 2018. Foto: Kathrin Makowski\" title=\"\" loading=\"lazy\" class=\"skip-lazy\" data-skip-lazy=\"1\"><\/picture><\/div><div data-color=\"RGBA(255,255,255,0)\" style=\"background-color: RGBA(255,255,255,0);\" class=\"n2-ss-slide-background-color\"><\/div><\/div><div class=\"n2-ss-slide-background\" data-public-id=\"17\" data-mode=\"fill\" aria-hidden=\"true\"><div class=\"n2-ss-slide-background-image\" data-blur=\"0\" data-opacity=\"100\" data-x=\"50\" data-y=\"50\" data-alt=\"Bender Schwinn Projekt 3, Galerie Renate Bender 2018. Foto: Kathrin Makowski\" data-title=\"\"><picture class=\"skip-lazy\" data-skip-lazy=\"1\"><img decoding=\"async\" src=\"\/\/www.galerie-bender.de\/wp-content\/uploads\/2023\/04\/68A6615.jpg\" alt=\"Bender Schwinn Projekt 3, Galerie Renate Bender 2018. Foto: Kathrin Makowski\" title=\"\" loading=\"lazy\" class=\"skip-lazy\" data-skip-lazy=\"1\"><\/picture><\/div><div data-color=\"RGBA(255,255,255,0)\" style=\"background-color: RGBA(255,255,255,0);\" class=\"n2-ss-slide-background-color\"><\/div><\/div><div class=\"n2-ss-slide-background\" data-public-id=\"18\" data-mode=\"fill\" aria-hidden=\"true\"><div class=\"n2-ss-slide-background-image\" data-blur=\"0\" data-opacity=\"100\" data-x=\"50\" data-y=\"50\" data-alt=\"Bender Schwinn Projekt 3, Galerie Renate Bender 2018. Foto: Kathrin Makowski\" data-title=\"\"><picture class=\"skip-lazy\" data-skip-lazy=\"1\"><img decoding=\"async\" src=\"\/\/www.galerie-bender.de\/wp-content\/uploads\/2023\/04\/68A6609.jpg\" alt=\"Bender Schwinn Projekt 3, Galerie Renate Bender 2018. Foto: Kathrin Makowski\" title=\"\" loading=\"lazy\" class=\"skip-lazy\" data-skip-lazy=\"1\"><\/picture><\/div><div data-color=\"RGBA(255,255,255,0)\" style=\"background-color: RGBA(255,255,255,0);\" class=\"n2-ss-slide-background-color\"><\/div><\/div><div class=\"n2-ss-slide-background\" data-public-id=\"19\" data-mode=\"fill\" aria-hidden=\"true\"><div class=\"n2-ss-slide-background-image\" data-blur=\"0\" data-opacity=\"100\" data-x=\"50\" data-y=\"50\" data-alt=\"Bender Schwinn Projekt 3, Galerie Renate Bender 2018. Foto: Kathrin Makowski\" data-title=\"\"><picture class=\"skip-lazy\" data-skip-lazy=\"1\"><img decoding=\"async\" src=\"\/\/www.galerie-bender.de\/wp-content\/uploads\/2023\/04\/68A6607.jpg\" alt=\"Bender Schwinn Projekt 3, Galerie Renate Bender 2018. Foto: Kathrin Makowski\" title=\"\" loading=\"lazy\" class=\"skip-lazy\" data-skip-lazy=\"1\"><\/picture><\/div><div data-color=\"RGBA(255,255,255,0)\" style=\"background-color: RGBA(255,255,255,0);\" class=\"n2-ss-slide-background-color\"><\/div><\/div><\/div>                    <div class=\"n2-ss-slider-4 n2-ow\">\n                        <svg xmlns=\"http:\/\/www.w3.org\/2000\/svg\" viewBox=\"0 0 860 400\" data-related-device=\"desktopPortrait\" class=\"n2-ow n2-ss-preserve-size n2-ss-preserve-size--slider n2-ss-slide-limiter\"><\/svg><div data-first=\"1\" data-slide-duration=\"0\" data-id=\"3205\" data-slide-public-id=\"1\" data-title=\"Bender Schwinn Projekt 3, Galerie Renate Bender 2018. Foto: Kathrin Makowski\" class=\"n2-ss-slide n2-ow  n2-ss-slide-3205\"><div role=\"note\" class=\"n2-ss-slide--focus\" tabindex=\"-1\">Bender Schwinn Projekt 3, Galerie Renate Bender 2018. Foto: Kathrin Makowski<\/div><div class=\"n2-ss-layers-container n2-ss-slide-limiter n2-ow\"><div class=\"n2-ss-layer n2-ow n-uc-qV9FQhEMIbLG\" data-sstype=\"slide\" data-pm=\"default\"><\/div><\/div><\/div><div data-slide-duration=\"0\" data-id=\"3202\" data-slide-public-id=\"2\" aria-hidden=\"true\" data-title=\"Bender Schwinn Projekt 3, Galerie Renate Bender 2018. Foto: Kathrin Makowski\" class=\"n2-ss-slide n2-ow  n2-ss-slide-3202\"><div role=\"note\" class=\"n2-ss-slide--focus\" tabindex=\"-1\">Bender Schwinn Projekt 3, Galerie Renate Bender 2018. Foto: Kathrin Makowski<\/div><div class=\"n2-ss-layers-container n2-ss-slide-limiter n2-ow\"><div class=\"n2-ss-layer n2-ow n-uc-dahhUn1uEg8p\" data-sstype=\"slide\" data-pm=\"default\"><\/div><\/div><\/div><div data-slide-duration=\"0\" data-id=\"3187\" data-slide-public-id=\"3\" aria-hidden=\"true\" data-title=\"Bender Schwinn Projekt 3, Galerie Renate Bender 2018. Foto: Kathrin Makowski\" class=\"n2-ss-slide n2-ow  n2-ss-slide-3187\"><div role=\"note\" class=\"n2-ss-slide--focus\" tabindex=\"-1\">Bender Schwinn Projekt 3, Galerie Renate Bender 2018. Foto: Kathrin Makowski<\/div><div class=\"n2-ss-layers-container n2-ss-slide-limiter n2-ow\"><div class=\"n2-ss-layer n2-ow n-uc-CKxKTuZ0XvcR\" data-sstype=\"slide\" data-pm=\"default\"><\/div><\/div><\/div><div data-slide-duration=\"0\" data-id=\"3204\" data-slide-public-id=\"4\" aria-hidden=\"true\" data-title=\"Bender Schwinn Projekt 3, Galerie Renate Bender 2018. Foto: Kathrin Makowski\" class=\"n2-ss-slide n2-ow  n2-ss-slide-3204\"><div role=\"note\" class=\"n2-ss-slide--focus\" tabindex=\"-1\">Bender Schwinn Projekt 3, Galerie Renate Bender 2018. Foto: Kathrin Makowski<\/div><div class=\"n2-ss-layers-container n2-ss-slide-limiter n2-ow\"><div class=\"n2-ss-layer n2-ow n-uc-v4slpRrbT10p\" data-sstype=\"slide\" data-pm=\"default\"><\/div><\/div><\/div><div data-slide-duration=\"0\" data-id=\"3188\" data-slide-public-id=\"5\" aria-hidden=\"true\" data-title=\"Bender Schwinn Projekt 3, Galerie Renate Bender 2018. Foto: Kathrin Makowski\" class=\"n2-ss-slide n2-ow  n2-ss-slide-3188\"><div role=\"note\" class=\"n2-ss-slide--focus\" tabindex=\"-1\">Bender Schwinn Projekt 3, Galerie Renate Bender 2018. Foto: Kathrin Makowski<\/div><div class=\"n2-ss-layers-container n2-ss-slide-limiter n2-ow\"><div class=\"n2-ss-layer n2-ow n-uc-1z4KIUaa9SUr\" data-sstype=\"slide\" data-pm=\"default\"><\/div><\/div><\/div><div data-slide-duration=\"0\" data-id=\"3189\" data-slide-public-id=\"6\" aria-hidden=\"true\" data-title=\"Bender Schwinn Projekt 3, Galerie Renate Bender 2018. Foto: Kathrin Makowski\" class=\"n2-ss-slide n2-ow  n2-ss-slide-3189\"><div role=\"note\" class=\"n2-ss-slide--focus\" tabindex=\"-1\">Bender Schwinn Projekt 3, Galerie Renate Bender 2018. Foto: Kathrin Makowski<\/div><div class=\"n2-ss-layers-container n2-ss-slide-limiter n2-ow\"><div class=\"n2-ss-layer n2-ow n-uc-otNJwHINXJJ9\" data-sstype=\"slide\" data-pm=\"default\"><\/div><\/div><\/div><div data-slide-duration=\"0\" data-id=\"3190\" data-slide-public-id=\"7\" aria-hidden=\"true\" data-title=\"Bender Schwinn Projekt 3, Galerie Renate Bender 2018. Foto: Kathrin Makowski\" class=\"n2-ss-slide n2-ow  n2-ss-slide-3190\"><div role=\"note\" class=\"n2-ss-slide--focus\" tabindex=\"-1\">Bender Schwinn Projekt 3, Galerie Renate Bender 2018. Foto: Kathrin Makowski<\/div><div class=\"n2-ss-layers-container n2-ss-slide-limiter n2-ow\"><div class=\"n2-ss-layer n2-ow n-uc-4PZ4zUOCb4PQ\" data-sstype=\"slide\" data-pm=\"default\"><\/div><\/div><\/div><div data-slide-duration=\"0\" data-id=\"3191\" data-slide-public-id=\"8\" aria-hidden=\"true\" data-title=\"Bender Schwinn Projekt 3, Galerie Renate Bender 2018. Foto: Kathrin Makowski\" class=\"n2-ss-slide n2-ow  n2-ss-slide-3191\"><div role=\"note\" class=\"n2-ss-slide--focus\" tabindex=\"-1\">Bender Schwinn Projekt 3, Galerie Renate Bender 2018. Foto: Kathrin Makowski<\/div><div class=\"n2-ss-layers-container n2-ss-slide-limiter n2-ow\"><div class=\"n2-ss-layer n2-ow n-uc-fwPbRLvE5WA4\" data-sstype=\"slide\" data-pm=\"default\"><\/div><\/div><\/div><div data-slide-duration=\"0\" data-id=\"3192\" data-slide-public-id=\"9\" aria-hidden=\"true\" data-title=\"Bender Schwinn Projekt 3, Galerie Renate Bender 2018. Foto: Kathrin Makowski\" class=\"n2-ss-slide n2-ow  n2-ss-slide-3192\"><div role=\"note\" class=\"n2-ss-slide--focus\" tabindex=\"-1\">Bender Schwinn Projekt 3, Galerie Renate Bender 2018. Foto: Kathrin Makowski<\/div><div class=\"n2-ss-layers-container n2-ss-slide-limiter n2-ow\"><div class=\"n2-ss-layer n2-ow n-uc-ldOTBFYiZOfB\" data-sstype=\"slide\" data-pm=\"default\"><\/div><\/div><\/div><div data-slide-duration=\"0\" data-id=\"3193\" data-slide-public-id=\"10\" aria-hidden=\"true\" data-title=\"Bender Schwinn Projekt 3, Galerie Renate Bender 2018. Foto: Kathrin Makowski\" class=\"n2-ss-slide n2-ow  n2-ss-slide-3193\"><div role=\"note\" class=\"n2-ss-slide--focus\" tabindex=\"-1\">Bender Schwinn Projekt 3, Galerie Renate Bender 2018. Foto: Kathrin Makowski<\/div><div class=\"n2-ss-layers-container n2-ss-slide-limiter n2-ow\"><div class=\"n2-ss-layer n2-ow n-uc-KPQWaI5zJz7H\" data-sstype=\"slide\" data-pm=\"default\"><\/div><\/div><\/div><div data-slide-duration=\"0\" data-id=\"3194\" data-slide-public-id=\"11\" aria-hidden=\"true\" data-title=\"Bender Schwinn Projekt 3, Galerie Renate Bender 2018. Foto: Kathrin Makowski\" class=\"n2-ss-slide n2-ow  n2-ss-slide-3194\"><div role=\"note\" class=\"n2-ss-slide--focus\" tabindex=\"-1\">Bender Schwinn Projekt 3, Galerie Renate Bender 2018. Foto: Kathrin Makowski<\/div><div class=\"n2-ss-layers-container n2-ss-slide-limiter n2-ow\"><div class=\"n2-ss-layer n2-ow n-uc-0OxHRv2jzFPs\" data-sstype=\"slide\" data-pm=\"default\"><\/div><\/div><\/div><div data-slide-duration=\"0\" data-id=\"3195\" data-slide-public-id=\"12\" aria-hidden=\"true\" data-title=\"Bender Schwinn Projekt 3, Galerie Renate Bender 2018. Foto: Kathrin Makowski\" class=\"n2-ss-slide n2-ow  n2-ss-slide-3195\"><div role=\"note\" class=\"n2-ss-slide--focus\" tabindex=\"-1\">Bender Schwinn Projekt 3, Galerie Renate Bender 2018. Foto: Kathrin Makowski<\/div><div class=\"n2-ss-layers-container n2-ss-slide-limiter n2-ow\"><div class=\"n2-ss-layer n2-ow n-uc-F4UIbKaezVr1\" data-sstype=\"slide\" data-pm=\"default\"><\/div><\/div><\/div><div data-slide-duration=\"0\" data-id=\"3196\" data-slide-public-id=\"13\" aria-hidden=\"true\" data-title=\"Bender Schwinn Projekt 3, Galerie Renate Bender 2018. Foto: Kathrin Makowski\" class=\"n2-ss-slide n2-ow  n2-ss-slide-3196\"><div role=\"note\" class=\"n2-ss-slide--focus\" tabindex=\"-1\">Bender Schwinn Projekt 3, Galerie Renate Bender 2018. Foto: Kathrin Makowski<\/div><div class=\"n2-ss-layers-container n2-ss-slide-limiter n2-ow\"><div class=\"n2-ss-layer n2-ow n-uc-TXEEED5P6IkZ\" data-sstype=\"slide\" data-pm=\"default\"><\/div><\/div><\/div><div data-slide-duration=\"0\" data-id=\"3197\" data-slide-public-id=\"14\" aria-hidden=\"true\" data-title=\"Bender Schwinn Projekt 3, Galerie Renate Bender 2018. Foto: Kathrin Makowski\" class=\"n2-ss-slide n2-ow  n2-ss-slide-3197\"><div role=\"note\" class=\"n2-ss-slide--focus\" tabindex=\"-1\">Bender Schwinn Projekt 3, Galerie Renate Bender 2018. Foto: Kathrin Makowski<\/div><div class=\"n2-ss-layers-container n2-ss-slide-limiter n2-ow\"><div class=\"n2-ss-layer n2-ow n-uc-bR18VubSHd4b\" data-sstype=\"slide\" data-pm=\"default\"><\/div><\/div><\/div><div data-slide-duration=\"0\" data-id=\"3198\" data-slide-public-id=\"15\" aria-hidden=\"true\" data-title=\"Bender Schwinn Projekt 3, Galerie Renate Bender 2018. Foto: Kathrin Makowski\" class=\"n2-ss-slide n2-ow  n2-ss-slide-3198\"><div role=\"note\" class=\"n2-ss-slide--focus\" tabindex=\"-1\">Bender Schwinn Projekt 3, Galerie Renate Bender 2018. Foto: Kathrin Makowski<\/div><div class=\"n2-ss-layers-container n2-ss-slide-limiter n2-ow\"><div class=\"n2-ss-layer n2-ow n-uc-D6aItBqjOYPJ\" data-sstype=\"slide\" data-pm=\"default\"><\/div><\/div><\/div><div data-slide-duration=\"0\" data-id=\"3199\" data-slide-public-id=\"16\" aria-hidden=\"true\" data-title=\"Bender Schwinn Projekt 3, Galerie Renate Bender 2018. Foto: Kathrin Makowski\" class=\"n2-ss-slide n2-ow  n2-ss-slide-3199\"><div role=\"note\" class=\"n2-ss-slide--focus\" tabindex=\"-1\">Bender Schwinn Projekt 3, Galerie Renate Bender 2018. Foto: Kathrin Makowski<\/div><div class=\"n2-ss-layers-container n2-ss-slide-limiter n2-ow\"><div class=\"n2-ss-layer n2-ow n-uc-8wGiJ9UE2ejD\" data-sstype=\"slide\" data-pm=\"default\"><\/div><\/div><\/div><div data-slide-duration=\"0\" data-id=\"3200\" data-slide-public-id=\"17\" aria-hidden=\"true\" data-title=\"Bender Schwinn Projekt 3, Galerie Renate Bender 2018. Foto: Kathrin Makowski\" class=\"n2-ss-slide n2-ow  n2-ss-slide-3200\"><div role=\"note\" class=\"n2-ss-slide--focus\" tabindex=\"-1\">Bender Schwinn Projekt 3, Galerie Renate Bender 2018. Foto: Kathrin Makowski<\/div><div class=\"n2-ss-layers-container n2-ss-slide-limiter n2-ow\"><div class=\"n2-ss-layer n2-ow n-uc-o8yVc5qqH86h\" data-sstype=\"slide\" data-pm=\"default\"><\/div><\/div><\/div><div data-slide-duration=\"0\" data-id=\"3201\" data-slide-public-id=\"18\" aria-hidden=\"true\" data-title=\"Bender Schwinn Projekt 3, Galerie Renate Bender 2018. Foto: Kathrin Makowski\" class=\"n2-ss-slide n2-ow  n2-ss-slide-3201\"><div role=\"note\" class=\"n2-ss-slide--focus\" tabindex=\"-1\">Bender Schwinn Projekt 3, Galerie Renate Bender 2018. Foto: Kathrin Makowski<\/div><div class=\"n2-ss-layers-container n2-ss-slide-limiter n2-ow\"><div class=\"n2-ss-layer n2-ow n-uc-r17OzKBblJtA\" data-sstype=\"slide\" data-pm=\"default\"><\/div><\/div><\/div><div data-slide-duration=\"0\" data-id=\"3203\" data-slide-public-id=\"19\" aria-hidden=\"true\" data-title=\"Bender Schwinn Projekt 3, Galerie Renate Bender 2018. Foto: Kathrin Makowski\" class=\"n2-ss-slide n2-ow  n2-ss-slide-3203\"><div role=\"note\" class=\"n2-ss-slide--focus\" tabindex=\"-1\">Bender Schwinn Projekt 3, Galerie Renate Bender 2018. Foto: Kathrin Makowski<\/div><div class=\"n2-ss-layers-container n2-ss-slide-limiter n2-ow\"><div class=\"n2-ss-layer n2-ow n-uc-8tGWOTFkV5jD\" data-sstype=\"slide\" data-pm=\"default\"><\/div><\/div><\/div>                    <\/div>\n\n                                    <\/div>\n            <\/div>\n        <\/div>\n        <div class=\"n2-ss-slider-controls n2-ss-slider-controls-absolute-left-center\"><div style=\"--widget-offset:15px;\" class=\"n2-ss-widget nextend-arrow n2-ow-all nextend-arrow-previous  nextend-arrow-animated-fade\" data-hide-mobileportrait=\"1\" id=\"n2-ss-148-arrow-previous\" role=\"button\" aria-label=\"previous arrow\" tabindex=\"0\"><img loading=\"lazy\" decoding=\"async\" width=\"32\" height=\"32\" class=\"n2-arrow-normal-img skip-lazy\" data-skip-lazy=\"1\" src=\"data:image\/svg+xml;base64,PHN2ZyB3aWR0aD0iMzIiIGhlaWdodD0iMzIiIHZpZXdCb3g9IjAgMCAzMiAzMiIgeG1sbnM9Imh0dHA6Ly93d3cudzMub3JnLzIwMDAvc3ZnIj4KICAgIDxwYXRoIGQ9Ik0xMS40MzMgMTUuOTkyTDIyLjY5IDUuNzEyYy4zOTMtLjM5LjM5My0xLjAzIDAtMS40Mi0uMzkzLS4zOS0xLjAzLS4zOS0xLjQyMyAwbC0xMS45OCAxMC45NGMtLjIxLjIxLS4zLjQ5LS4yODUuNzYtLjAxNS4yOC4wNzUuNTYuMjg0Ljc3bDExLjk4IDEwLjk0Yy4zOTMuMzkgMS4wMy4zOSAxLjQyNCAwIC4zOTMtLjQuMzkzLTEuMDMgMC0xLjQybC0xMS4yNTctMTAuMjkiCiAgICAgICAgICBmaWxsPSIjY2VkM2Q1IiBvcGFjaXR5PSIxIiBmaWxsLXJ1bGU9ImV2ZW5vZGQiLz4KPC9zdmc+\" alt=\"previous arrow\"><img loading=\"lazy\" decoding=\"async\" width=\"32\" height=\"32\" class=\"n2-arrow-hover-img skip-lazy\" data-skip-lazy=\"1\" src=\"data:image\/svg+xml;base64,PHN2ZyB3aWR0aD0iMzIiIGhlaWdodD0iMzIiIHZpZXdCb3g9IjAgMCAzMiAzMiIgeG1sbnM9Imh0dHA6Ly93d3cudzMub3JnLzIwMDAvc3ZnIj4KICAgIDxwYXRoIGQ9Ik0xMS40MzMgMTUuOTkyTDIyLjY5IDUuNzEyYy4zOTMtLjM5LjM5My0xLjAzIDAtMS40Mi0uMzkzLS4zOS0xLjAzLS4zOS0xLjQyMyAwbC0xMS45OCAxMC45NGMtLjIxLjIxLS4zLjQ5LS4yODUuNzYtLjAxNS4yOC4wNzUuNTYuMjg0Ljc3bDExLjk4IDEwLjk0Yy4zOTMuMzkgMS4wMy4zOSAxLjQyNCAwIC4zOTMtLjQuMzkzLTEuMDMgMC0xLjQybC0xMS4yNTctMTAuMjkiCiAgICAgICAgICBmaWxsPSIjMDAwMDAwIiBvcGFjaXR5PSIxIiBmaWxsLXJ1bGU9ImV2ZW5vZGQiLz4KPC9zdmc+\" alt=\"previous arrow\"><\/div><\/div><div class=\"n2-ss-slider-controls n2-ss-slider-controls-absolute-right-center\"><div style=\"--widget-offset:15px;\" class=\"n2-ss-widget nextend-arrow n2-ow-all nextend-arrow-next  nextend-arrow-animated-fade\" data-hide-mobileportrait=\"1\" id=\"n2-ss-148-arrow-next\" role=\"button\" aria-label=\"next arrow\" tabindex=\"0\"><img loading=\"lazy\" decoding=\"async\" width=\"32\" height=\"32\" class=\"n2-arrow-normal-img skip-lazy\" data-skip-lazy=\"1\" src=\"data:image\/svg+xml;base64,PHN2ZyB3aWR0aD0iMzIiIGhlaWdodD0iMzIiIHZpZXdCb3g9IjAgMCAzMiAzMiIgeG1sbnM9Imh0dHA6Ly93d3cudzMub3JnLzIwMDAvc3ZnIj4KICAgIDxwYXRoIGQ9Ik0xMC43MjIgNC4yOTNjLS4zOTQtLjM5LTEuMDMyLS4zOS0xLjQyNyAwLS4zOTMuMzktLjM5MyAxLjAzIDAgMS40MmwxMS4yODMgMTAuMjgtMTEuMjgzIDEwLjI5Yy0uMzkzLjM5LS4zOTMgMS4wMiAwIDEuNDIuMzk1LjM5IDEuMDMzLjM5IDEuNDI3IDBsMTIuMDA3LTEwLjk0Yy4yMS0uMjEuMy0uNDkuMjg0LS43Ny4wMTQtLjI3LS4wNzYtLjU1LS4yODYtLjc2TDEwLjcyIDQuMjkzeiIKICAgICAgICAgIGZpbGw9IiNjZWQzZDUiIG9wYWNpdHk9IjEiIGZpbGwtcnVsZT0iZXZlbm9kZCIvPgo8L3N2Zz4=\" alt=\"next arrow\"><img loading=\"lazy\" decoding=\"async\" width=\"32\" height=\"32\" class=\"n2-arrow-hover-img skip-lazy\" data-skip-lazy=\"1\" src=\"data:image\/svg+xml;base64,PHN2ZyB3aWR0aD0iMzIiIGhlaWdodD0iMzIiIHZpZXdCb3g9IjAgMCAzMiAzMiIgeG1sbnM9Imh0dHA6Ly93d3cudzMub3JnLzIwMDAvc3ZnIj4KICAgIDxwYXRoIGQ9Ik0xMC43MjIgNC4yOTNjLS4zOTQtLjM5LTEuMDMyLS4zOS0xLjQyNyAwLS4zOTMuMzktLjM5MyAxLjAzIDAgMS40MmwxMS4yODMgMTAuMjgtMTEuMjgzIDEwLjI5Yy0uMzkzLjM5LS4zOTMgMS4wMiAwIDEuNDIuMzk1LjM5IDEuMDMzLjM5IDEuNDI3IDBsMTIuMDA3LTEwLjk0Yy4yMS0uMjEuMy0uNDkuMjg0LS43Ny4wMTQtLjI3LS4wNzYtLjU1LS4yODYtLjc2TDEwLjcyIDQuMjkzeiIKICAgICAgICAgIGZpbGw9IiMwMDAwMDAiIG9wYWNpdHk9IjEiIGZpbGwtcnVsZT0iZXZlbm9kZCIvPgo8L3N2Zz4=\" alt=\"next arrow\"><\/div><\/div><\/div><div class=\"n2-ss-slider-controls n2-ss-slider-controls-below\"><div class=\"n2-ss-widget nextend-bar nextend-bar-horizontal n2-ss-widget-hidden n2-ow-all\" style=\"text-align: center;width:100%;\"><div class=\"n2-style-820f7b4778ca78a56ddbfeafd970141f-simple \"><span class=\"n2-font-3139fc3b7b0084541f2cdf658508f7aa-simple \">&nbsp;<\/span><\/div><\/div><\/div><\/div><\/div><ss3-loader><\/ss3-loader><\/div><\/div><div class=\"n2_clear\"><\/div><\/div>\n\n<\/div>","protected":false},"excerpt":{"rendered":"<p>5 Jahre sp\u00e4ter.Bender Schwinn Projekt Reloaded Raphael Grotthuss, Marile Holzner, Steffen Kern, Martin Lehmer, Pfeifer &amp; Kreutzer, Eunji Seo, Marco Stanke Vernissage am Freitag, 30. Juni 2023 von 18 bis 20 UhrMatinee am Samstag, 1. Juli 2023 von 12 bis 16 Uhr Ausstellung vom 30. Juni bis 29. Juli 2023 In etablierten Galerier\u00e4umen junge K\u00fcnstlerinnen [&hellip;]<\/p>\n","protected":false},"author":3,"featured_media":0,"comment_status":"open","ping_status":"open","sticky":false,"template":"","format":"standard","meta":{"_eb_attr":"","_uag_custom_page_level_css":"","footnotes":""},"categories":[39],"tags":[],"class_list":["post-5198","post","type-post","status-publish","format-standard","hentry","category-ausstellungsarchiv"],"acf":[],"uagb_featured_image_src":{"full":false,"thumbnail":false,"medium":false,"medium_large":false,"large":false,"1536x1536":false,"2048x2048":false,"trp-custom-language-flag":false,"square":false,"post-thumbnail":false,"twentytwenty-fullscreen":false},"uagb_author_info":{"display_name":"Renate Bender","author_link":"https:\/\/www.galerie-bender.de\/de\/author\/bender\/"},"uagb_comment_info":0,"uagb_excerpt":"5 Jahre sp\u00e4ter.Bender Schwinn Projekt Reloaded Raphael Grotthuss, Marile Holzner, Steffen Kern, Martin Lehmer, Pfeifer &amp; Kreutzer, Eunji Seo, Marco Stanke Vernissage am Freitag, 30. Juni 2023 von 18 bis 20 UhrMatinee am Samstag, 1. Juli 2023 von 12 bis 16 Uhr Ausstellung vom 30. Juni bis 29. Juli 2023 In etablierten Galerier\u00e4umen junge K\u00fcnstlerinnen&hellip;","_links":{"self":[{"href":"https:\/\/www.galerie-bender.de\/de\/wp-json\/wp\/v2\/posts\/5198","targetHints":{"allow":["GET"]}}],"collection":[{"href":"https:\/\/www.galerie-bender.de\/de\/wp-json\/wp\/v2\/posts"}],"about":[{"href":"https:\/\/www.galerie-bender.de\/de\/wp-json\/wp\/v2\/types\/post"}],"author":[{"embeddable":true,"href":"https:\/\/www.galerie-bender.de\/de\/wp-json\/wp\/v2\/users\/3"}],"replies":[{"embeddable":true,"href":"https:\/\/www.galerie-bender.de\/de\/wp-json\/wp\/v2\/comments?post=5198"}],"version-history":[{"count":0,"href":"https:\/\/www.galerie-bender.de\/de\/wp-json\/wp\/v2\/posts\/5198\/revisions"}],"wp:attachment":[{"href":"https:\/\/www.galerie-bender.de\/de\/wp-json\/wp\/v2\/media?parent=5198"}],"wp:term":[{"taxonomy":"category","embeddable":true,"href":"https:\/\/www.galerie-bender.de\/de\/wp-json\/wp\/v2\/categories?post=5198"},{"taxonomy":"post_tag","embeddable":true,"href":"https:\/\/www.galerie-bender.de\/de\/wp-json\/wp\/v2\/tags?post=5198"}],"curies":[{"name":"wp","href":"https:\/\/api.w.org\/{rel}","templated":true}]}}