{"id":6190,"date":"2024-03-05T15:27:46","date_gmt":"2024-03-05T14:27:46","guid":{"rendered":"https:\/\/www.galerie-bender.de\/?p=6190"},"modified":"2024-04-08T11:50:07","modified_gmt":"2024-04-08T10:50:07","slug":"ausstellungstipp-muenchen-2","status":"publish","type":"post","link":"https:\/\/www.galerie-bender.de\/de\/ausstellungstipp-muenchen-2\/","title":{"rendered":"Ausstellungstipp M\u00fcnchen"},"content":{"rendered":"<div id=\"modal-ready\">\n<h2 class=\"wp-block-heading\"><strong>Ausstellungstipp M\u00fcnchen<\/strong><\/h2>\n\n\n\n<p><strong>Hans Schork \u2013 Bewegung ist alles<\/strong><br><strong>Lichtkinetische Objekte und Lichtzeichnungen<\/strong><\/p>\n\n\n\n<p><strong>Er\u00f6ffnung<\/strong>: Dienstag, <strong>12. M\u00e4rz 2024, 19 &#8211; 21 Uhr<\/strong><\/p>\n\n\n\n<p><strong>13. M\u00e4rz 2024 \u2013 07. April 2024<\/strong><\/p>\n\n\n\n<figure class=\"wp-block-image size-full is-resized\"><img loading=\"lazy\" decoding=\"async\" width=\"875\" height=\"621\" src=\"https:\/\/www.galerie-bender.de\/wp-content\/uploads\/2024\/03\/Postkarte_Einladung-Hans-Schork_Vorderseite_page-0001.jpg\" alt=\"2024_Postkarte_Einladung Hans Schork_Bewegung ist alles\" class=\"wp-image-6189\" style=\"width:383px;height:auto\" srcset=\"https:\/\/www.galerie-bender.de\/wp-content\/uploads\/2024\/03\/Postkarte_Einladung-Hans-Schork_Vorderseite_page-0001.jpg 875w, https:\/\/www.galerie-bender.de\/wp-content\/uploads\/2024\/03\/Postkarte_Einladung-Hans-Schork_Vorderseite_page-0001-300x213.jpg 300w, https:\/\/www.galerie-bender.de\/wp-content\/uploads\/2024\/03\/Postkarte_Einladung-Hans-Schork_Vorderseite_page-0001-768x545.jpg 768w, https:\/\/www.galerie-bender.de\/wp-content\/uploads\/2024\/03\/Postkarte_Einladung-Hans-Schork_Vorderseite_page-0001-18x12.jpg 18w\" sizes=\"auto, (max-width: 875px) 100vw, 875px\" \/><\/figure>\n\n\n\n<p><\/p>\n\n\n\n<p>\u00dcblacker H\u00e4usl<br>Preysingstr. 58<br>81667 M\u00fcnchen<\/p>\n\n\n\n<p>\u00d6ffnungszeiten:<br>Mi. und Do. 17 &#8211; 19 Uhr<br>Fr. und So. 10 &#8211; 12 Uhr<\/p>\n\n\n\n<p><a href=\"https:\/\/museen-in-bayern.de\/ausstellungen\/detail\/ueblacker-haeusl\/ausstellung\/12889\" target=\"_blank\" rel=\"noreferrer noopener\">www. museen-in-bayern.de<\/a><\/p>\n<\/div>","protected":false},"excerpt":{"rendered":"<p>Ausstellungstipp M\u00fcnchen Hans Schork \u2013 Bewegung ist allesLichtkinetische Objekte und Lichtzeichnungen Er\u00f6ffnung: Dienstag, 12. M\u00e4rz 2024, 19 &#8211; 21 Uhr 13. M\u00e4rz 2024 \u2013 07. April 2024 \u00dcblacker H\u00e4uslPreysingstr. 5881667 M\u00fcnchen \u00d6ffnungszeiten:Mi. und Do. 17 &#8211; 19 UhrFr. und So. 10 &#8211; 12 Uhr www. museen-in-bayern.de<\/p>\n","protected":false},"author":3,"featured_media":0,"comment_status":"open","ping_status":"open","sticky":false,"template":"","format":"standard","meta":{"_eb_attr":"","_uag_custom_page_level_css":"","footnotes":""},"categories":[1],"tags":[],"class_list":["post-6190","post","type-post","status-publish","format-standard","hentry","category-uncategorized"],"acf":[],"uagb_featured_image_src":{"full":false,"thumbnail":false,"medium":false,"medium_large":false,"large":false,"1536x1536":false,"2048x2048":false,"trp-custom-language-flag":false,"square":false,"post-thumbnail":false,"twentytwenty-fullscreen":false},"uagb_author_info":{"display_name":"Renate Bender","author_link":"https:\/\/www.galerie-bender.de\/de\/author\/bender\/"},"uagb_comment_info":0,"uagb_excerpt":"Ausstellungstipp M\u00fcnchen Hans Schork \u2013 Bewegung ist allesLichtkinetische Objekte und Lichtzeichnungen Er\u00f6ffnung: Dienstag, 12. M\u00e4rz 2024, 19 &#8211; 21 Uhr 13. M\u00e4rz 2024 \u2013 07. April 2024 \u00dcblacker H\u00e4uslPreysingstr. 5881667 M\u00fcnchen \u00d6ffnungszeiten:Mi. und Do. 17 &#8211; 19 UhrFr. und So. 10 &#8211; 12 Uhr www. museen-in-bayern.de","_links":{"self":[{"href":"https:\/\/www.galerie-bender.de\/de\/wp-json\/wp\/v2\/posts\/6190","targetHints":{"allow":["GET"]}}],"collection":[{"href":"https:\/\/www.galerie-bender.de\/de\/wp-json\/wp\/v2\/posts"}],"about":[{"href":"https:\/\/www.galerie-bender.de\/de\/wp-json\/wp\/v2\/types\/post"}],"author":[{"embeddable":true,"href":"https:\/\/www.galerie-bender.de\/de\/wp-json\/wp\/v2\/users\/3"}],"replies":[{"embeddable":true,"href":"https:\/\/www.galerie-bender.de\/de\/wp-json\/wp\/v2\/comments?post=6190"}],"version-history":[{"count":0,"href":"https:\/\/www.galerie-bender.de\/de\/wp-json\/wp\/v2\/posts\/6190\/revisions"}],"wp:attachment":[{"href":"https:\/\/www.galerie-bender.de\/de\/wp-json\/wp\/v2\/media?parent=6190"}],"wp:term":[{"taxonomy":"category","embeddable":true,"href":"https:\/\/www.galerie-bender.de\/de\/wp-json\/wp\/v2\/categories?post=6190"},{"taxonomy":"post_tag","embeddable":true,"href":"https:\/\/www.galerie-bender.de\/de\/wp-json\/wp\/v2\/tags?post=6190"}],"curies":[{"name":"wp","href":"https:\/\/api.w.org\/{rel}","templated":true}]}}