{"id":7119,"date":"2024-12-13T14:43:48","date_gmt":"2024-12-13T13:43:48","guid":{"rendered":"https:\/\/www.galerie-bender.de\/?p=7119"},"modified":"2026-01-09T10:34:58","modified_gmt":"2026-01-09T09:34:58","slug":"material-und-struktur-ii","status":"publish","type":"post","link":"https:\/\/www.galerie-bender.de\/de\/material-und-struktur-ii\/","title":{"rendered":"MATERIAL UND STRUKTUR II"},"content":{"rendered":"<div id=\"modal-ready\"><div class=\"n2_clear\"><ss3-force-full-width data-overflow-x=\"body\" data-horizontal-selector=\"body\"><div class=\"n2-section-smartslider fitvidsignore  n2_clear\" data-ssid=\"167\" tabindex=\"0\" role=\"region\" aria-label=\"Slider\"><div id=\"n2-ss-167-align\" class=\"n2-ss-align\"><div class=\"n2-padding\"><div id=\"n2-ss-167\" data-creator=\"Smart Slider 3\" data-responsive=\"fullwidth\" class=\"n2-ss-slider n2-ow n2-has-hover n2notransition  \">\n\n\n\n\n\n\n\n\n\n\n\n\n\n<div class=\"n2-ss-slider-wrapper-outside\" style=\"grid-template-rows:1fr auto\"><div class=\"n2-ss-slider-wrapper-inside\">\n        <div class=\"n2-ss-slider-1 n2_ss__touch_element n2-ow\">\n            <div class=\"n2-ss-slider-2 n2-ow\">\n                                                <div class=\"n2-ss-slider-3 n2-ow\">\n\n                    <div class=\"n2-ss-slide-backgrounds n2-ow-all\"><div class=\"n2-ss-slide-background\" data-public-id=\"1\" data-mode=\"fill\"><div class=\"n2-ss-slide-background-image\" data-blur=\"0\" data-opacity=\"100\" data-x=\"50\" data-y=\"50\" data-alt=\"Ausstellungsansicht &quot;MATERIAL UND STRUKTUR II. Helmut Dirnaichner, Alfred Haberpointner, Martin Lehmer&quot;, Galerie Renate Bender 2025\" data-title=\"\"><picture class=\"skip-lazy\" data-skip-lazy=\"1\"><img decoding=\"async\" src=\"\/\/www.galerie-bender.de\/wp-content\/uploads\/2025\/10\/20251017_123518.jpg\" alt=\"Ausstellungsansicht &quot;MATERIAL UND STRUKTUR II. Helmut Dirnaichner, Alfred Haberpointner, Martin Lehmer&quot;, Galerie Renate Bender 2025\" title=\"\" loading=\"lazy\" class=\"skip-lazy\" data-skip-lazy=\"1\"><\/picture><\/div><div data-color=\"RGBA(255,255,255,0)\" style=\"background-color: RGBA(255,255,255,0);\" class=\"n2-ss-slide-background-color\"><\/div><\/div><div class=\"n2-ss-slide-background\" data-public-id=\"2\" data-mode=\"fill\" aria-hidden=\"true\"><div class=\"n2-ss-slide-background-image\" data-blur=\"0\" data-opacity=\"100\" data-x=\"50\" data-y=\"50\" data-alt=\"Ausstellungsansicht &quot;MATERIAL UND STRUKTUR II. Helmut Dirnaichner, Alfred Haberpointner, Martin Lehmer&quot;, Galerie Renate Bender 2025\" data-title=\"\"><picture class=\"skip-lazy\" data-skip-lazy=\"1\"><img decoding=\"async\" src=\"\/\/www.galerie-bender.de\/wp-content\/uploads\/2025\/10\/20251017_123625.jpg\" alt=\"Ausstellungsansicht &quot;MATERIAL UND STRUKTUR II. Helmut Dirnaichner, Alfred Haberpointner, Martin Lehmer&quot;, Galerie Renate Bender 2025\" title=\"\" loading=\"lazy\" class=\"skip-lazy\" data-skip-lazy=\"1\"><\/picture><\/div><div data-color=\"RGBA(255,255,255,0)\" style=\"background-color: RGBA(255,255,255,0);\" class=\"n2-ss-slide-background-color\"><\/div><\/div><div class=\"n2-ss-slide-background\" data-public-id=\"3\" data-mode=\"fill\" aria-hidden=\"true\"><div class=\"n2-ss-slide-background-image\" data-blur=\"0\" data-opacity=\"100\" data-x=\"50\" data-y=\"50\" data-alt=\"Ausstellungsansicht &quot;MATERIAL UND STRUKTUR II. Helmut Dirnaichner, Alfred Haberpointner, Martin Lehmer&quot;, Galerie Renate Bender 2025\" data-title=\"\"><picture class=\"skip-lazy\" data-skip-lazy=\"1\"><img decoding=\"async\" src=\"\/\/www.galerie-bender.de\/wp-content\/uploads\/2025\/10\/image16.jpg\" alt=\"Ausstellungsansicht &quot;MATERIAL UND STRUKTUR II. Helmut Dirnaichner, Alfred Haberpointner, Martin Lehmer&quot;, Galerie Renate Bender 2025\" title=\"\" loading=\"lazy\" class=\"skip-lazy\" data-skip-lazy=\"1\"><\/picture><\/div><div data-color=\"RGBA(255,255,255,0)\" style=\"background-color: RGBA(255,255,255,0);\" class=\"n2-ss-slide-background-color\"><\/div><\/div><div class=\"n2-ss-slide-background\" data-public-id=\"4\" data-mode=\"fill\" aria-hidden=\"true\"><div class=\"n2-ss-slide-background-image\" data-blur=\"0\" data-opacity=\"100\" data-x=\"50\" data-y=\"50\" data-alt=\"Ausstellungsansicht &quot;MATERIAL UND STRUKTUR II. Helmut Dirnaichner, Alfred Haberpointner, Martin Lehmer&quot;, Galerie Renate Bender 2025\" data-title=\"\"><picture class=\"skip-lazy\" data-skip-lazy=\"1\"><img decoding=\"async\" src=\"\/\/www.galerie-bender.de\/wp-content\/uploads\/2025\/10\/image14.jpg\" alt=\"Ausstellungsansicht &quot;MATERIAL UND STRUKTUR II. Helmut Dirnaichner, Alfred Haberpointner, Martin Lehmer&quot;, Galerie Renate Bender 2025\" title=\"\" loading=\"lazy\" class=\"skip-lazy\" data-skip-lazy=\"1\"><\/picture><\/div><div data-color=\"RGBA(255,255,255,0)\" style=\"background-color: RGBA(255,255,255,0);\" class=\"n2-ss-slide-background-color\"><\/div><\/div><div class=\"n2-ss-slide-background\" data-public-id=\"5\" data-mode=\"fill\" aria-hidden=\"true\"><div class=\"n2-ss-slide-background-image\" data-blur=\"0\" data-opacity=\"100\" data-x=\"50\" data-y=\"50\" data-alt=\"Ausstellungsansicht &quot;MATERIAL UND STRUKTUR II. Helmut Dirnaichner, Alfred Haberpointner, Martin Lehmer&quot;, Galerie Renate Bender 2025\" data-title=\"\"><picture class=\"skip-lazy\" data-skip-lazy=\"1\"><img decoding=\"async\" src=\"\/\/www.galerie-bender.de\/wp-content\/uploads\/2025\/10\/20251017_123638.jpg\" alt=\"Ausstellungsansicht &quot;MATERIAL UND STRUKTUR II. Helmut Dirnaichner, Alfred Haberpointner, Martin Lehmer&quot;, Galerie Renate Bender 2025\" title=\"\" loading=\"lazy\" class=\"skip-lazy\" data-skip-lazy=\"1\"><\/picture><\/div><div data-color=\"RGBA(255,255,255,0)\" style=\"background-color: RGBA(255,255,255,0);\" class=\"n2-ss-slide-background-color\"><\/div><\/div><div class=\"n2-ss-slide-background\" data-public-id=\"6\" data-mode=\"fill\" aria-hidden=\"true\"><div class=\"n2-ss-slide-background-image\" data-blur=\"0\" data-opacity=\"100\" data-x=\"50\" data-y=\"50\" data-alt=\"\" data-title=\"\"><picture class=\"skip-lazy\" data-skip-lazy=\"1\"><img decoding=\"async\" src=\"\/\/www.galerie-bender.de\/wp-content\/uploads\/2025\/09\/K-PLO_2024_39x27x22-cm_aspenwood_acryl_F39_web-1.jpg\" alt=\"\" title=\"\" loading=\"lazy\" class=\"skip-lazy\" data-skip-lazy=\"1\"><\/picture><\/div><div data-color=\"RGBA(255,255,255,0)\" style=\"background-color: RGBA(255,255,255,0);\" class=\"n2-ss-slide-background-color\"><\/div><\/div><div class=\"n2-ss-slide-background\" data-public-id=\"7\" data-mode=\"fill\" aria-hidden=\"true\"><div class=\"n2-ss-slide-background-image\" data-blur=\"0\" data-opacity=\"100\" data-x=\"50\" data-y=\"50\" data-alt=\"Ausstellungsansicht &quot;MATERIAL UND STRUKTUR II. Helmut Dirnaichner, Alfred Haberpointner, Martin Lehmer&quot;,, Galerie Renate Bender 2026\" data-title=\"\"><picture class=\"skip-lazy\" data-skip-lazy=\"1\"><img decoding=\"async\" src=\"\/\/www.galerie-bender.de\/wp-content\/uploads\/2025\/10\/20251015_161722.jpg\" alt=\"Ausstellungsansicht &quot;MATERIAL UND STRUKTUR II. Helmut Dirnaichner, Alfred Haberpointner, Martin Lehmer&quot;,, Galerie Renate Bender 2026\" title=\"\" loading=\"lazy\" class=\"skip-lazy\" data-skip-lazy=\"1\"><\/picture><\/div><div data-color=\"RGBA(255,255,255,0)\" style=\"background-color: RGBA(255,255,255,0);\" class=\"n2-ss-slide-background-color\"><\/div><\/div><div class=\"n2-ss-slide-background\" data-public-id=\"8\" data-mode=\"fill\" aria-hidden=\"true\"><div class=\"n2-ss-slide-background-image\" data-blur=\"0\" data-opacity=\"100\" data-x=\"50\" data-y=\"50\" data-alt=\"\" data-title=\"\"><picture class=\"skip-lazy\" data-skip-lazy=\"1\"><img decoding=\"async\" src=\"\/\/www.galerie-bender.de\/wp-content\/uploads\/2025\/09\/K-RNX_2024_40x28x22-cm_nutwood_stain_F39_web-1.jpg\" alt=\"\" title=\"\" loading=\"lazy\" class=\"skip-lazy\" data-skip-lazy=\"1\"><\/picture><\/div><div data-color=\"RGBA(255,255,255,0)\" style=\"background-color: RGBA(255,255,255,0);\" class=\"n2-ss-slide-background-color\"><\/div><\/div><div class=\"n2-ss-slide-background\" data-public-id=\"9\" data-mode=\"fill\" aria-hidden=\"true\"><div class=\"n2-ss-slide-background-image\" data-blur=\"0\" data-opacity=\"100\" data-x=\"50\" data-y=\"50\" data-alt=\"Ausstellungsansicht &quot;MATERIAL UND STRUKTUR II. Helmut Dirnaichner, Alfred Haberpointner, Martin Lehmer&quot;, Galerie Renate Bender 2025\" data-title=\"\"><picture class=\"skip-lazy\" data-skip-lazy=\"1\"><img decoding=\"async\" src=\"\/\/www.galerie-bender.de\/wp-content\/uploads\/2025\/10\/20251017_123912.jpg\" alt=\"Ausstellungsansicht &quot;MATERIAL UND STRUKTUR II. Helmut Dirnaichner, Alfred Haberpointner, Martin Lehmer&quot;, Galerie Renate Bender 2025\" title=\"\" loading=\"lazy\" class=\"skip-lazy\" data-skip-lazy=\"1\"><\/picture><\/div><div data-color=\"RGBA(255,255,255,0)\" style=\"background-color: RGBA(255,255,255,0);\" class=\"n2-ss-slide-background-color\"><\/div><\/div><div class=\"n2-ss-slide-background\" data-public-id=\"10\" data-mode=\"fill\" aria-hidden=\"true\"><div class=\"n2-ss-slide-background-image\" data-blur=\"0\" data-opacity=\"100\" data-x=\"50\" data-y=\"50\" data-alt=\"Ausstellungsansicht &quot;MATERIAL UND STRUKTUR II. Helmut Dirnaichner, Alfred Haberpointner, Martin Lehmer&quot;, Galerie Renate Bender 2025\" data-title=\"\"><picture class=\"skip-lazy\" data-skip-lazy=\"1\"><img decoding=\"async\" src=\"\/\/www.galerie-bender.de\/wp-content\/uploads\/2025\/10\/20251015_161843.jpg\" alt=\"Ausstellungsansicht &quot;MATERIAL UND STRUKTUR II. Helmut Dirnaichner, Alfred Haberpointner, Martin Lehmer&quot;, Galerie Renate Bender 2025\" title=\"\" loading=\"lazy\" class=\"skip-lazy\" data-skip-lazy=\"1\"><\/picture><\/div><div data-color=\"RGBA(255,255,255,0)\" style=\"background-color: RGBA(255,255,255,0);\" class=\"n2-ss-slide-background-color\"><\/div><\/div><div class=\"n2-ss-slide-background\" data-public-id=\"11\" data-mode=\"fill\" aria-hidden=\"true\"><div class=\"n2-ss-slide-background-image\" data-blur=\"0\" data-opacity=\"100\" data-x=\"50\" data-y=\"50\" data-alt=\"Ausstellungsansicht &quot;MATERIAL UND STRUKTUR II. Helmut Dirnaichner, Alfred Haberpointner, Martin Lehmer&quot;,, Galerie Renate Bender 2026\" data-title=\"\"><picture class=\"skip-lazy\" data-skip-lazy=\"1\"><img decoding=\"async\" src=\"\/\/www.galerie-bender.de\/wp-content\/uploads\/2025\/10\/20251015_161707.jpg\" alt=\"Ausstellungsansicht &quot;MATERIAL UND STRUKTUR II. Helmut Dirnaichner, Alfred Haberpointner, Martin Lehmer&quot;,, Galerie Renate Bender 2026\" title=\"\" loading=\"lazy\" class=\"skip-lazy\" data-skip-lazy=\"1\"><\/picture><\/div><div data-color=\"RGBA(255,255,255,0)\" style=\"background-color: RGBA(255,255,255,0);\" class=\"n2-ss-slide-background-color\"><\/div><\/div><div class=\"n2-ss-slide-background\" data-public-id=\"12\" data-mode=\"fill\" aria-hidden=\"true\"><div class=\"n2-ss-slide-background-image\" data-blur=\"0\" data-opacity=\"100\" data-x=\"50\" data-y=\"50\" data-alt=\"\" data-title=\"\"><picture class=\"skip-lazy\" data-skip-lazy=\"1\"><img decoding=\"async\" src=\"\/\/www.galerie-bender.de\/wp-content\/uploads\/2025\/07\/Dirnaichner_0323-Rahmen-121-x-101-cm.jpg\" alt=\"\" title=\"\" loading=\"lazy\" class=\"skip-lazy\" data-skip-lazy=\"1\"><\/picture><\/div><div data-color=\"RGBA(255,255,255,0)\" style=\"background-color: RGBA(255,255,255,0);\" class=\"n2-ss-slide-background-color\"><\/div><\/div><div class=\"n2-ss-slide-background\" data-public-id=\"13\" data-mode=\"fill\" aria-hidden=\"true\"><div class=\"n2-ss-slide-background-image\" data-blur=\"0\" data-opacity=\"100\" data-x=\"50\" data-y=\"50\" data-alt=\"Ausstellungsansicht &quot;MATERIAL UND STRUKTUR II. Helmut Dirnaichner, Alfred Haberpointner, Martin Lehmer&quot;,, Galerie Renate Bender 2026\" data-title=\"\"><picture class=\"skip-lazy\" data-skip-lazy=\"1\"><img decoding=\"async\" src=\"\/\/www.galerie-bender.de\/wp-content\/uploads\/2025\/10\/20251015_161650.jpg\" alt=\"Ausstellungsansicht &quot;MATERIAL UND STRUKTUR II. Helmut Dirnaichner, Alfred Haberpointner, Martin Lehmer&quot;,, Galerie Renate Bender 2026\" title=\"\" loading=\"lazy\" class=\"skip-lazy\" data-skip-lazy=\"1\"><\/picture><\/div><div data-color=\"RGBA(255,255,255,0)\" style=\"background-color: RGBA(255,255,255,0);\" class=\"n2-ss-slide-background-color\"><\/div><\/div><div class=\"n2-ss-slide-background\" data-public-id=\"14\" data-mode=\"fill\" aria-hidden=\"true\"><div class=\"n2-ss-slide-background-image\" data-blur=\"0\" data-opacity=\"100\" data-x=\"50\" data-y=\"50\" data-alt=\"Ausstellungsansicht &quot;MATERIAL UND STRUKTUR II. Helmut Dirnaichner, Alfred Haberpointner, Martin Lehmer&quot;, Galerie Renate Bender 2025\" data-title=\"\"><picture class=\"skip-lazy\" data-skip-lazy=\"1\"><img decoding=\"async\" src=\"\/\/www.galerie-bender.de\/wp-content\/uploads\/2025\/10\/20251017_123608-Kopie.jpg\" alt=\"Ausstellungsansicht &quot;MATERIAL UND STRUKTUR II. Helmut Dirnaichner, Alfred Haberpointner, Martin Lehmer&quot;, Galerie Renate Bender 2025\" title=\"\" loading=\"lazy\" class=\"skip-lazy\" data-skip-lazy=\"1\"><\/picture><\/div><div data-color=\"RGBA(255,255,255,0)\" style=\"background-color: RGBA(255,255,255,0);\" class=\"n2-ss-slide-background-color\"><\/div><\/div><div class=\"n2-ss-slide-background\" data-public-id=\"15\" data-mode=\"fill\" aria-hidden=\"true\"><div class=\"n2-ss-slide-background-image\" data-blur=\"0\" data-opacity=\"100\" data-x=\"50\" data-y=\"50\" data-alt=\"Ausstellungsansicht &quot;MATERIAL UND STRUKTUR II. Helmut Dirnaichner, Alfred Haberpointner, Martin Lehmer&quot;, Galerie Renate Bender 2025\" data-title=\"\"><picture class=\"skip-lazy\" data-skip-lazy=\"1\"><img decoding=\"async\" src=\"\/\/www.galerie-bender.de\/wp-content\/uploads\/2025\/10\/20251017_123759.jpg\" alt=\"Ausstellungsansicht &quot;MATERIAL UND STRUKTUR II. Helmut Dirnaichner, Alfred Haberpointner, Martin Lehmer&quot;, Galerie Renate Bender 2025\" title=\"\" loading=\"lazy\" class=\"skip-lazy\" data-skip-lazy=\"1\"><\/picture><\/div><div data-color=\"RGBA(255,255,255,0)\" style=\"background-color: RGBA(255,255,255,0);\" class=\"n2-ss-slide-background-color\"><\/div><\/div><div class=\"n2-ss-slide-background\" data-public-id=\"16\" data-mode=\"fill\" aria-hidden=\"true\"><div class=\"n2-ss-slide-background-image\" data-blur=\"0\" data-opacity=\"100\" data-x=\"50\" data-y=\"50\" data-alt=\"Ausstellungsansicht &quot;MATERIAL UND STRUKTUR II. Helmut Dirnaichner, Alfred Haberpointner, Martin Lehmer&quot;, Galerie Renate Bender 2025\" data-title=\"\"><picture class=\"skip-lazy\" data-skip-lazy=\"1\"><img decoding=\"async\" src=\"\/\/www.galerie-bender.de\/wp-content\/uploads\/2025\/10\/20251017_124001.jpg\" alt=\"Ausstellungsansicht &quot;MATERIAL UND STRUKTUR II. Helmut Dirnaichner, Alfred Haberpointner, Martin Lehmer&quot;, Galerie Renate Bender 2025\" title=\"\" loading=\"lazy\" class=\"skip-lazy\" data-skip-lazy=\"1\"><\/picture><\/div><div data-color=\"RGBA(255,255,255,0)\" style=\"background-color: RGBA(255,255,255,0);\" class=\"n2-ss-slide-background-color\"><\/div><\/div><div class=\"n2-ss-slide-background\" data-public-id=\"17\" data-mode=\"fill\" aria-hidden=\"true\"><div class=\"n2-ss-slide-background-image\" data-blur=\"0\" data-opacity=\"100\" data-x=\"50\" data-y=\"50\" data-alt=\"Ausstellungsansicht &quot;MATERIAL UND STRUKTUR II. Helmut Dirnaichner, Alfred Haberpointner, Martin Lehmer&quot;, Galerie Renate Bender 2025\" data-title=\"\"><picture class=\"skip-lazy\" data-skip-lazy=\"1\"><img decoding=\"async\" src=\"\/\/www.galerie-bender.de\/wp-content\/uploads\/2025\/10\/20251017_123833.jpg\" alt=\"Ausstellungsansicht &quot;MATERIAL UND STRUKTUR II. Helmut Dirnaichner, Alfred Haberpointner, Martin Lehmer&quot;, Galerie Renate Bender 2025\" title=\"\" loading=\"lazy\" class=\"skip-lazy\" data-skip-lazy=\"1\"><\/picture><\/div><div data-color=\"RGBA(255,255,255,0)\" style=\"background-color: RGBA(255,255,255,0);\" class=\"n2-ss-slide-background-color\"><\/div><\/div><div class=\"n2-ss-slide-background\" data-public-id=\"18\" data-mode=\"fill\" aria-hidden=\"true\"><div class=\"n2-ss-slide-background-image\" data-blur=\"0\" data-opacity=\"100\" data-x=\"50\" data-y=\"50\" data-alt=\"\" data-title=\"\"><picture class=\"skip-lazy\" data-skip-lazy=\"1\"><img decoding=\"async\" src=\"\/\/www.galerie-bender.de\/wp-content\/uploads\/2025\/10\/151_oT_285x1235x7cm_2025_F39-Kopie.jpg\" alt=\"\" title=\"\" loading=\"lazy\" class=\"skip-lazy\" data-skip-lazy=\"1\"><\/picture><\/div><div data-color=\"RGBA(255,255,255,0)\" style=\"background-color: RGBA(255,255,255,0);\" class=\"n2-ss-slide-background-color\"><\/div><\/div><div class=\"n2-ss-slide-background\" data-public-id=\"19\" data-mode=\"fill\" aria-hidden=\"true\"><div class=\"n2-ss-slide-background-image\" data-blur=\"0\" data-opacity=\"100\" data-x=\"50\" data-y=\"50\" data-alt=\"Ausstellungsansicht &quot;MATERIAL UND STRUKTUR II. Helmut Dirnaichner, Alfred Haberpointner, Martin Lehmer&quot;, Galerie Renate Bender 2025\" data-title=\"\"><picture class=\"skip-lazy\" data-skip-lazy=\"1\"><img decoding=\"async\" src=\"\/\/www.galerie-bender.de\/wp-content\/uploads\/2025\/10\/20251017_123953.jpg\" alt=\"Ausstellungsansicht &quot;MATERIAL UND STRUKTUR II. Helmut Dirnaichner, Alfred Haberpointner, Martin Lehmer&quot;, Galerie Renate Bender 2025\" title=\"\" loading=\"lazy\" class=\"skip-lazy\" data-skip-lazy=\"1\"><\/picture><\/div><div data-color=\"RGBA(255,255,255,0)\" style=\"background-color: RGBA(255,255,255,0);\" class=\"n2-ss-slide-background-color\"><\/div><\/div><div class=\"n2-ss-slide-background\" data-public-id=\"20\" data-mode=\"fill\" aria-hidden=\"true\"><div class=\"n2-ss-slide-background-image\" data-blur=\"0\" data-opacity=\"100\" data-x=\"50\" data-y=\"50\" data-alt=\"Ausstellungsansicht &quot;MATERIAL UND STRUKTUR II. Helmut Dirnaichner, Alfred Haberpointner, Martin Lehmer&quot;, Galerie Renate Bender 2025\" data-title=\"\"><picture class=\"skip-lazy\" data-skip-lazy=\"1\"><img decoding=\"async\" src=\"\/\/www.galerie-bender.de\/wp-content\/uploads\/2025\/10\/20251017_123557.jpg\" alt=\"Ausstellungsansicht &quot;MATERIAL UND STRUKTUR II. Helmut Dirnaichner, Alfred Haberpointner, Martin Lehmer&quot;, Galerie Renate Bender 2025\" title=\"\" loading=\"lazy\" class=\"skip-lazy\" data-skip-lazy=\"1\"><\/picture><\/div><div data-color=\"RGBA(255,255,255,0)\" style=\"background-color: RGBA(255,255,255,0);\" class=\"n2-ss-slide-background-color\"><\/div><\/div><div class=\"n2-ss-slide-background\" data-public-id=\"21\" data-mode=\"fill\" aria-hidden=\"true\"><div class=\"n2-ss-slide-background-image\" data-blur=\"0\" data-opacity=\"100\" data-x=\"50\" data-y=\"50\" data-alt=\"\" data-title=\"\"><picture class=\"skip-lazy\" data-skip-lazy=\"1\"><img decoding=\"async\" src=\"\/\/www.galerie-bender.de\/wp-content\/uploads\/2025\/10\/150_oT_70x71x7cm_2025_F39.jpg\" alt=\"\" title=\"\" loading=\"lazy\" class=\"skip-lazy\" data-skip-lazy=\"1\"><\/picture><\/div><div data-color=\"RGBA(255,255,255,0)\" style=\"background-color: RGBA(255,255,255,0);\" class=\"n2-ss-slide-background-color\"><\/div><\/div><div class=\"n2-ss-slide-background\" data-public-id=\"22\" data-mode=\"fill\" aria-hidden=\"true\"><div class=\"n2-ss-slide-background-image\" data-blur=\"0\" data-opacity=\"100\" data-x=\"50\" data-y=\"50\" data-alt=\"\" data-title=\"\"><picture class=\"skip-lazy\" data-skip-lazy=\"1\"><img decoding=\"async\" src=\"\/\/www.galerie-bender.de\/wp-content\/uploads\/2025\/07\/Dirnaichner_1522-Vesuvio-R-50-x-50-cm.jpg\" alt=\"\" title=\"\" loading=\"lazy\" class=\"skip-lazy\" data-skip-lazy=\"1\"><\/picture><\/div><div data-color=\"RGBA(255,255,255,0)\" style=\"background-color: RGBA(255,255,255,0);\" class=\"n2-ss-slide-background-color\"><\/div><\/div><\/div>                    <div class=\"n2-ss-slider-4 n2-ow\">\n                        <svg xmlns=\"http:\/\/www.w3.org\/2000\/svg\" viewBox=\"0 0 1920 800\" data-related-device=\"desktopPortrait\" class=\"n2-ow n2-ss-preserve-size n2-ss-preserve-size--slider n2-ss-slide-limiter\"><\/svg><div data-first=\"1\" data-slide-duration=\"0\" data-id=\"4638\" data-slide-public-id=\"1\" data-title=\"Ausstellungsansicht &quot;MATERIAL UND STRUKTUR II. Helmut Dirnaichner, Alfred Haberpointner, Martin Lehmer&quot;, Galerie Renate Bender 2025\" class=\"n2-ss-slide n2-ow  n2-ss-slide-4638\"><div role=\"note\" class=\"n2-ss-slide--focus\" tabindex=\"-1\">Ausstellungsansicht &#8222;MATERIAL UND STRUKTUR II. Helmut Dirnaichner, Alfred Haberpointner, Martin Lehmer&#8220;, Galerie Renate Bender 2025<\/div><div class=\"n2-ss-layers-container n2-ss-slide-limiter n2-ow\"><div class=\"n2-ss-layer n2-ow n-uc-XVfkUoeGUyvb\" data-sstype=\"slide\" data-pm=\"default\"><\/div><\/div><\/div><div data-slide-duration=\"0\" data-id=\"4635\" data-slide-public-id=\"2\" aria-hidden=\"true\" data-title=\"Ausstellungsansicht &quot;MATERIAL UND STRUKTUR II. Helmut Dirnaichner, Alfred Haberpointner, Martin Lehmer&quot;, Galerie Renate Bender 2025\" class=\"n2-ss-slide n2-ow  n2-ss-slide-4635\"><div role=\"note\" class=\"n2-ss-slide--focus\" tabindex=\"-1\">Ausstellungsansicht &#8222;MATERIAL UND STRUKTUR II. Helmut Dirnaichner, Alfred Haberpointner, Martin Lehmer&#8220;, Galerie Renate Bender 2025<\/div><div class=\"n2-ss-layers-container n2-ss-slide-limiter n2-ow\"><div class=\"n2-ss-layer n2-ow n-uc-LHU8XGzCSGvE\" data-sstype=\"slide\" data-pm=\"default\"><\/div><\/div><\/div><div data-slide-duration=\"0\" data-id=\"4627\" data-slide-public-id=\"3\" aria-hidden=\"true\" data-title=\"Ausstellungsansicht &quot;MATERIAL UND STRUKTUR II. Helmut Dirnaichner, Alfred Haberpointner, Martin Lehmer&quot;, Galerie Renate Bender 2025\" class=\"n2-ss-slide n2-ow  n2-ss-slide-4627\"><div role=\"note\" class=\"n2-ss-slide--focus\" tabindex=\"-1\">Ausstellungsansicht &#8222;MATERIAL UND STRUKTUR II. Helmut Dirnaichner, Alfred Haberpointner, Martin Lehmer&#8220;, Galerie Renate Bender 2025<\/div><div class=\"n2-ss-layers-container n2-ss-slide-limiter n2-ow\"><div class=\"n2-ss-layer n2-ow n-uc-Ser87YpsEIIF\" data-sstype=\"slide\" data-pm=\"default\"><\/div><\/div><\/div><div data-slide-duration=\"0\" data-id=\"4628\" data-slide-public-id=\"4\" aria-hidden=\"true\" data-title=\"Ausstellungsansicht &quot;MATERIAL UND STRUKTUR II. Helmut Dirnaichner, Alfred Haberpointner, Martin Lehmer&quot;, Galerie Renate Bender 2025\" class=\"n2-ss-slide n2-ow  n2-ss-slide-4628\"><div role=\"note\" class=\"n2-ss-slide--focus\" tabindex=\"-1\">Ausstellungsansicht &#8222;MATERIAL UND STRUKTUR II. Helmut Dirnaichner, Alfred Haberpointner, Martin Lehmer&#8220;, Galerie Renate Bender 2025<\/div><div class=\"n2-ss-layers-container n2-ss-slide-limiter n2-ow\"><div class=\"n2-ss-layer n2-ow n-uc-geDPoiY7CL0y\" data-sstype=\"slide\" data-pm=\"default\"><\/div><\/div><\/div><div data-slide-duration=\"0\" data-id=\"4634\" data-slide-public-id=\"5\" aria-hidden=\"true\" data-title=\"Ausstellungsansicht &quot;MATERIAL UND STRUKTUR II. Helmut Dirnaichner, Alfred Haberpointner, Martin Lehmer&quot;, Galerie Renate Bender 2025\" class=\"n2-ss-slide n2-ow  n2-ss-slide-4634\"><div role=\"note\" class=\"n2-ss-slide--focus\" tabindex=\"-1\">Ausstellungsansicht &#8222;MATERIAL UND STRUKTUR II. Helmut Dirnaichner, Alfred Haberpointner, Martin Lehmer&#8220;, Galerie Renate Bender 2025<\/div><div class=\"n2-ss-layers-container n2-ss-slide-limiter n2-ow\"><div class=\"n2-ss-layer n2-ow n-uc-5x10yYiIcDGd\" data-sstype=\"slide\" data-pm=\"default\"><\/div><\/div><\/div><div data-slide-duration=\"0\" data-id=\"4604\" data-slide-public-id=\"6\" aria-hidden=\"true\" data-title=\"Alfred Haberpointner, Ohne Titel (K-PLO) \u2013 2024, Espenholz, Acryl, 39 x 27 x 22 cm\" class=\"n2-ss-slide n2-ow  n2-ss-slide-4604\"><div role=\"note\" class=\"n2-ss-slide--focus\" tabindex=\"-1\">Alfred Haberpointner, Ohne Titel (K-PLO) \u2013 2024, Espenholz, Acryl, 39 x 27 x 22 cm<\/div><div class=\"n2-ss-layers-container n2-ss-slide-limiter n2-ow\"><div class=\"n2-ss-layer n2-ow n-uc-pcnCsZqdhA2d\" data-sstype=\"slide\" data-pm=\"default\"><\/div><\/div><\/div><div data-slide-duration=\"0\" data-id=\"4624\" data-slide-public-id=\"7\" aria-hidden=\"true\" data-title=\"Ausstellungsansicht &quot;MATERIAL UND STRUKTUR II. Helmut Dirnaichner, Alfred Haberpointner, Martin Lehmer&quot;,, Galerie Renate Bender 2026\" class=\"n2-ss-slide n2-ow  n2-ss-slide-4624\"><div role=\"note\" class=\"n2-ss-slide--focus\" tabindex=\"-1\">Ausstellungsansicht &#8222;MATERIAL UND STRUKTUR II. Helmut Dirnaichner, Alfred Haberpointner, Martin Lehmer&#8220;,, Galerie Renate Bender 2026<\/div><div class=\"n2-ss-layers-container n2-ss-slide-limiter n2-ow\"><div class=\"n2-ss-layer n2-ow n-uc-QbfwyTYnVNzM\" data-sstype=\"slide\" data-pm=\"default\"><\/div><\/div><\/div><div data-slide-duration=\"0\" data-id=\"4605\" data-slide-public-id=\"8\" aria-hidden=\"true\" data-title=\"Alfred Haberpointner, Ohne Titel (K-RNX) \u2013 2024, Nussholz, Beize, 40 x 28 x 22 cm\" class=\"n2-ss-slide n2-ow  n2-ss-slide-4605\"><div role=\"note\" class=\"n2-ss-slide--focus\" tabindex=\"-1\">Alfred Haberpointner, Ohne Titel (K-RNX) \u2013 2024, Nussholz, Beize, 40 x 28 x 22 cm<\/div><div class=\"n2-ss-layers-container n2-ss-slide-limiter n2-ow\"><div class=\"n2-ss-layer n2-ow n-uc-yKVtKyf6zdZz\" data-sstype=\"slide\" data-pm=\"default\"><\/div><\/div><\/div><div data-slide-duration=\"0\" data-id=\"4631\" data-slide-public-id=\"9\" aria-hidden=\"true\" data-title=\"Ausstellungsansicht &quot;MATERIAL UND STRUKTUR II. Helmut Dirnaichner, Alfred Haberpointner, Martin Lehmer&quot;, Galerie Renate Bender 2025\" class=\"n2-ss-slide n2-ow  n2-ss-slide-4631\"><div role=\"note\" class=\"n2-ss-slide--focus\" tabindex=\"-1\">Ausstellungsansicht &#8222;MATERIAL UND STRUKTUR II. Helmut Dirnaichner, Alfred Haberpointner, Martin Lehmer&#8220;, Galerie Renate Bender 2025<\/div><div class=\"n2-ss-layers-container n2-ss-slide-limiter n2-ow\"><div class=\"n2-ss-layer n2-ow n-uc-S7pTDkurZYs0\" data-sstype=\"slide\" data-pm=\"default\"><\/div><\/div><\/div><div data-slide-duration=\"0\" data-id=\"4639\" data-slide-public-id=\"10\" aria-hidden=\"true\" data-title=\"Ausstellungsansicht &quot;MATERIAL UND STRUKTUR II. Helmut Dirnaichner, Alfred Haberpointner, Martin Lehmer&quot;, Galerie Renate Bender 2025\" class=\"n2-ss-slide n2-ow  n2-ss-slide-4639\"><div role=\"note\" class=\"n2-ss-slide--focus\" tabindex=\"-1\">Ausstellungsansicht &#8222;MATERIAL UND STRUKTUR II. Helmut Dirnaichner, Alfred Haberpointner, Martin Lehmer&#8220;, Galerie Renate Bender 2025<\/div><div class=\"n2-ss-layers-container n2-ss-slide-limiter n2-ow\"><div class=\"n2-ss-layer n2-ow n-uc-5Cr62m8HlJu8\" data-sstype=\"slide\" data-pm=\"default\"><\/div><\/div><\/div><div data-slide-duration=\"0\" data-id=\"4625\" data-slide-public-id=\"11\" aria-hidden=\"true\" data-title=\"Ausstellungsansicht &quot;MATERIAL UND STRUKTUR II. Helmut Dirnaichner, Alfred Haberpointner, Martin Lehmer&quot;,, Galerie Renate Bender 2026\" class=\"n2-ss-slide n2-ow  n2-ss-slide-4625\"><div role=\"note\" class=\"n2-ss-slide--focus\" tabindex=\"-1\">Ausstellungsansicht &#8222;MATERIAL UND STRUKTUR II. Helmut Dirnaichner, Alfred Haberpointner, Martin Lehmer&#8220;,, Galerie Renate Bender 2026<\/div><div class=\"n2-ss-layers-container n2-ss-slide-limiter n2-ow\"><div class=\"n2-ss-layer n2-ow n-uc-uWiyzN2RQJLE\" data-sstype=\"slide\" data-pm=\"default\"><\/div><\/div><\/div><div data-slide-duration=\"0\" data-id=\"4612\" data-slide-public-id=\"12\" aria-hidden=\"true\" data-title=\"Helmut Dirnaichner, Steine, Wasser, Sumpf # 0323 \u2013 2003, Smalte, Sodalith, Verdit, Chrysokoll, Malachit, Vivianit, Azurit, T\u00fcrkis, gr\u00fcner Stein, Sumpferde, Zellulose auf Holz, 102 x 80 cm, im Rahmen: 121 x 101 cm\" class=\"n2-ss-slide n2-ow  n2-ss-slide-4612\"><div role=\"note\" class=\"n2-ss-slide--focus\" tabindex=\"-1\">Helmut Dirnaichner, Steine, Wasser, Sumpf # 0323 \u2013 2003, Smalte, Sodalith, Verdit, Chrysokoll, Malachit, Vivianit, Azurit, T\u00fcrkis, gr\u00fcner Stein, Sumpferde, Zellulose auf Holz, 102 x 80 cm, im Rahmen: 121 x 101 cm<\/div><div class=\"n2-ss-layers-container n2-ss-slide-limiter n2-ow\"><div class=\"n2-ss-layer n2-ow n-uc-tlezH2fx9sEZ\" data-sstype=\"slide\" data-pm=\"default\"><\/div><\/div><\/div><div data-slide-duration=\"0\" data-id=\"4626\" data-slide-public-id=\"13\" aria-hidden=\"true\" data-title=\"Ausstellungsansicht &quot;MATERIAL UND STRUKTUR II. Helmut Dirnaichner, Alfred Haberpointner, Martin Lehmer&quot;,, Galerie Renate Bender 2026\" class=\"n2-ss-slide n2-ow  n2-ss-slide-4626\"><div role=\"note\" class=\"n2-ss-slide--focus\" tabindex=\"-1\">Ausstellungsansicht &#8222;MATERIAL UND STRUKTUR II. Helmut Dirnaichner, Alfred Haberpointner, Martin Lehmer&#8220;,, Galerie Renate Bender 2026<\/div><div class=\"n2-ss-layers-container n2-ss-slide-limiter n2-ow\"><div class=\"n2-ss-layer n2-ow n-uc-RXuZocRyl4sk\" data-sstype=\"slide\" data-pm=\"default\"><\/div><\/div><\/div><div data-slide-duration=\"0\" data-id=\"4636\" data-slide-public-id=\"14\" aria-hidden=\"true\" data-title=\"Ausstellungsansicht &quot;MATERIAL UND STRUKTUR II. Helmut Dirnaichner, Alfred Haberpointner, Martin Lehmer&quot;, Galerie Renate Bender 2025\" class=\"n2-ss-slide n2-ow  n2-ss-slide-4636\"><div role=\"note\" class=\"n2-ss-slide--focus\" tabindex=\"-1\">Ausstellungsansicht &#8222;MATERIAL UND STRUKTUR II. Helmut Dirnaichner, Alfred Haberpointner, Martin Lehmer&#8220;, Galerie Renate Bender 2025<\/div><div class=\"n2-ss-layers-container n2-ss-slide-limiter n2-ow\"><div class=\"n2-ss-layer n2-ow n-uc-C4bucAZqq0El\" data-sstype=\"slide\" data-pm=\"default\"><\/div><\/div><\/div><div data-slide-duration=\"0\" data-id=\"4633\" data-slide-public-id=\"15\" aria-hidden=\"true\" data-title=\"Ausstellungsansicht &quot;MATERIAL UND STRUKTUR II. Helmut Dirnaichner, Alfred Haberpointner, Martin Lehmer&quot;, Galerie Renate Bender 2025\" class=\"n2-ss-slide n2-ow  n2-ss-slide-4633\"><div role=\"note\" class=\"n2-ss-slide--focus\" tabindex=\"-1\">Ausstellungsansicht &#8222;MATERIAL UND STRUKTUR II. Helmut Dirnaichner, Alfred Haberpointner, Martin Lehmer&#8220;, Galerie Renate Bender 2025<\/div><div class=\"n2-ss-layers-container n2-ss-slide-limiter n2-ow\"><div class=\"n2-ss-layer n2-ow n-uc-0r8goDgYu51s\" data-sstype=\"slide\" data-pm=\"default\"><\/div><\/div><\/div><div data-slide-duration=\"0\" data-id=\"4629\" data-slide-public-id=\"16\" aria-hidden=\"true\" data-title=\"Ausstellungsansicht &quot;MATERIAL UND STRUKTUR II. Helmut Dirnaichner, Alfred Haberpointner, Martin Lehmer&quot;, Galerie Renate Bender 2025\" class=\"n2-ss-slide n2-ow  n2-ss-slide-4629\"><div role=\"note\" class=\"n2-ss-slide--focus\" tabindex=\"-1\">Ausstellungsansicht &#8222;MATERIAL UND STRUKTUR II. Helmut Dirnaichner, Alfred Haberpointner, Martin Lehmer&#8220;, Galerie Renate Bender 2025<\/div><div class=\"n2-ss-layers-container n2-ss-slide-limiter n2-ow\"><div class=\"n2-ss-layer n2-ow n-uc-VpWLdDz8zEFB\" data-sstype=\"slide\" data-pm=\"default\"><\/div><\/div><\/div><div data-slide-duration=\"0\" data-id=\"4632\" data-slide-public-id=\"17\" aria-hidden=\"true\" data-title=\"Ausstellungsansicht &quot;MATERIAL UND STRUKTUR II. Helmut Dirnaichner, Alfred Haberpointner, Martin Lehmer&quot;, Galerie Renate Bender 2025\" class=\"n2-ss-slide n2-ow  n2-ss-slide-4632\"><div role=\"note\" class=\"n2-ss-slide--focus\" tabindex=\"-1\">Ausstellungsansicht &#8222;MATERIAL UND STRUKTUR II. Helmut Dirnaichner, Alfred Haberpointner, Martin Lehmer&#8220;, Galerie Renate Bender 2025<\/div><div class=\"n2-ss-layers-container n2-ss-slide-limiter n2-ow\"><div class=\"n2-ss-layer n2-ow n-uc-4qKuh5wbb2Yp\" data-sstype=\"slide\" data-pm=\"default\"><\/div><\/div><\/div><div data-slide-duration=\"0\" data-id=\"4620\" data-slide-public-id=\"18\" aria-hidden=\"true\" data-title=\"Martin Lehmer, Ohne Titel (Relief #151) \u2013 2025, MDF, schwarz, gebrochen, geleimt, ge\u00f6lt, eingefa\u00dft, 28,5 x 123,5 x 7 cm\" class=\"n2-ss-slide n2-ow  n2-ss-slide-4620\"><div role=\"note\" class=\"n2-ss-slide--focus\" tabindex=\"-1\">Martin Lehmer, Ohne Titel (Relief #151) \u2013 2025, MDF, schwarz, gebrochen, geleimt, ge\u00f6lt, eingefa\u00dft, 28,5 x 123,5 x 7 cm<\/div><div class=\"n2-ss-layers-container n2-ss-slide-limiter n2-ow\"><div class=\"n2-ss-layer n2-ow n-uc-K0JfkMtaVV0U\" data-sstype=\"slide\" data-pm=\"default\"><\/div><\/div><\/div><div data-slide-duration=\"0\" data-id=\"4630\" data-slide-public-id=\"19\" aria-hidden=\"true\" data-title=\"Ausstellungsansicht &quot;MATERIAL UND STRUKTUR II. Helmut Dirnaichner, Alfred Haberpointner, Martin Lehmer&quot;, Galerie Renate Bender 2025\" class=\"n2-ss-slide n2-ow  n2-ss-slide-4630\"><div role=\"note\" class=\"n2-ss-slide--focus\" tabindex=\"-1\">Ausstellungsansicht &#8222;MATERIAL UND STRUKTUR II. Helmut Dirnaichner, Alfred Haberpointner, Martin Lehmer&#8220;, Galerie Renate Bender 2025<\/div><div class=\"n2-ss-layers-container n2-ss-slide-limiter n2-ow\"><div class=\"n2-ss-layer n2-ow n-uc-RNoX77UMprs0\" data-sstype=\"slide\" data-pm=\"default\"><\/div><\/div><\/div><div data-slide-duration=\"0\" data-id=\"4637\" data-slide-public-id=\"20\" aria-hidden=\"true\" data-title=\"Ausstellungsansicht &quot;MATERIAL UND STRUKTUR II. Helmut Dirnaichner, Alfred Haberpointner, Martin Lehmer&quot;, Galerie Renate Bender 2025\" class=\"n2-ss-slide n2-ow  n2-ss-slide-4637\"><div role=\"note\" class=\"n2-ss-slide--focus\" tabindex=\"-1\">Ausstellungsansicht &#8222;MATERIAL UND STRUKTUR II. Helmut Dirnaichner, Alfred Haberpointner, Martin Lehmer&#8220;, Galerie Renate Bender 2025<\/div><div class=\"n2-ss-layers-container n2-ss-slide-limiter n2-ow\"><div class=\"n2-ss-layer n2-ow n-uc-MwgR6X1IyPMD\" data-sstype=\"slide\" data-pm=\"default\"><\/div><\/div><\/div><div data-slide-duration=\"0\" data-id=\"4617\" data-slide-public-id=\"21\" aria-hidden=\"true\" data-title=\"Martin Lehmer, Ohne Titel (Relief #150) \u2013 2025, MDF, schwarz, gebrochen, geleimt, ge\u00f6lt, 70 x 71 x 7 cm\" class=\"n2-ss-slide n2-ow  n2-ss-slide-4617\"><div role=\"note\" class=\"n2-ss-slide--focus\" tabindex=\"-1\">Martin Lehmer, Ohne Titel (Relief #150) \u2013 2025, MDF, schwarz, gebrochen, geleimt, ge\u00f6lt, 70 x 71 x 7 cm<\/div><div class=\"n2-ss-layers-container n2-ss-slide-limiter n2-ow\"><div class=\"n2-ss-layer n2-ow n-uc-1ESpXADtZdIl\" data-sstype=\"slide\" data-pm=\"default\"><\/div><\/div><\/div><div data-slide-duration=\"0\" data-id=\"4616\" data-slide-public-id=\"22\" aria-hidden=\"true\" data-title=\"Helmut Dirnaichner, Vesuvio # 1522 \u2013 2015, Magnetit, Jaspis, Zinnober, H\u00e4matit, Zellulose auf Holz, 34 x 34 cm, im Rahmen: 52 x 52 cm\" class=\"n2-ss-slide n2-ow  n2-ss-slide-4616\"><div role=\"note\" class=\"n2-ss-slide--focus\" tabindex=\"-1\">Helmut Dirnaichner, Vesuvio # 1522 \u2013 2015, Magnetit, Jaspis, Zinnober, H\u00e4matit, Zellulose auf Holz, 34 x 34 cm, im Rahmen: 52 x 52 cm<\/div><div class=\"n2-ss-layers-container n2-ss-slide-limiter n2-ow\"><div class=\"n2-ss-layer n2-ow n-uc-1kpHOaKZXzmP\" data-sstype=\"slide\" data-pm=\"default\"><\/div><\/div><\/div>                    <\/div>\n\n                                    <\/div>\n            <\/div>\n        <\/div>\n        <div class=\"n2-ss-slider-controls n2-ss-slider-controls-absolute-left-center\"><div style=\"--widget-offset:15px;\" class=\"n2-ss-widget nextend-arrow n2-ow-all nextend-arrow-previous  nextend-arrow-animated-fade\" data-hide-mobileportrait=\"1\" id=\"n2-ss-167-arrow-previous\" role=\"button\" aria-label=\"previous arrow\" tabindex=\"0\"><img loading=\"lazy\" decoding=\"async\" width=\"32\" height=\"32\" class=\"n2-arrow-normal-img skip-lazy\" data-skip-lazy=\"1\" src=\"data:image\/svg+xml;base64,PHN2ZyB3aWR0aD0iMzIiIGhlaWdodD0iMzIiIHZpZXdCb3g9IjAgMCAzMiAzMiIgeG1sbnM9Imh0dHA6Ly93d3cudzMub3JnLzIwMDAvc3ZnIj4KICAgIDxwYXRoIGQ9Ik0xMS40MzMgMTUuOTkyTDIyLjY5IDUuNzEyYy4zOTMtLjM5LjM5My0xLjAzIDAtMS40Mi0uMzkzLS4zOS0xLjAzLS4zOS0xLjQyMyAwbC0xMS45OCAxMC45NGMtLjIxLjIxLS4zLjQ5LS4yODUuNzYtLjAxNS4yOC4wNzUuNTYuMjg0Ljc3bDExLjk4IDEwLjk0Yy4zOTMuMzkgMS4wMy4zOSAxLjQyNCAwIC4zOTMtLjQuMzkzLTEuMDMgMC0xLjQybC0xMS4yNTctMTAuMjkiCiAgICAgICAgICBmaWxsPSIjY2VkM2Q1IiBvcGFjaXR5PSIxIiBmaWxsLXJ1bGU9ImV2ZW5vZGQiLz4KPC9zdmc+\" alt=\"previous arrow\"><img loading=\"lazy\" decoding=\"async\" width=\"32\" height=\"32\" class=\"n2-arrow-hover-img skip-lazy\" data-skip-lazy=\"1\" src=\"data:image\/svg+xml;base64,PHN2ZyB3aWR0aD0iMzIiIGhlaWdodD0iMzIiIHZpZXdCb3g9IjAgMCAzMiAzMiIgeG1sbnM9Imh0dHA6Ly93d3cudzMub3JnLzIwMDAvc3ZnIj4KICAgIDxwYXRoIGQ9Ik0xMS40MzMgMTUuOTkyTDIyLjY5IDUuNzEyYy4zOTMtLjM5LjM5My0xLjAzIDAtMS40Mi0uMzkzLS4zOS0xLjAzLS4zOS0xLjQyMyAwbC0xMS45OCAxMC45NGMtLjIxLjIxLS4zLjQ5LS4yODUuNzYtLjAxNS4yOC4wNzUuNTYuMjg0Ljc3bDExLjk4IDEwLjk0Yy4zOTMuMzkgMS4wMy4zOSAxLjQyNCAwIC4zOTMtLjQuMzkzLTEuMDMgMC0xLjQybC0xMS4yNTctMTAuMjkiCiAgICAgICAgICBmaWxsPSIjMDAwMDAwIiBvcGFjaXR5PSIxIiBmaWxsLXJ1bGU9ImV2ZW5vZGQiLz4KPC9zdmc+\" alt=\"previous arrow\"><\/div><\/div><div class=\"n2-ss-slider-controls n2-ss-slider-controls-absolute-right-center\"><div style=\"--widget-offset:15px;\" class=\"n2-ss-widget nextend-arrow n2-ow-all nextend-arrow-next  nextend-arrow-animated-fade\" data-hide-mobileportrait=\"1\" id=\"n2-ss-167-arrow-next\" role=\"button\" aria-label=\"next arrow\" tabindex=\"0\"><img loading=\"lazy\" decoding=\"async\" width=\"32\" height=\"32\" class=\"n2-arrow-normal-img skip-lazy\" data-skip-lazy=\"1\" src=\"data:image\/svg+xml;base64,PHN2ZyB3aWR0aD0iMzIiIGhlaWdodD0iMzIiIHZpZXdCb3g9IjAgMCAzMiAzMiIgeG1sbnM9Imh0dHA6Ly93d3cudzMub3JnLzIwMDAvc3ZnIj4KICAgIDxwYXRoIGQ9Ik0xMC43MjIgNC4yOTNjLS4zOTQtLjM5LTEuMDMyLS4zOS0xLjQyNyAwLS4zOTMuMzktLjM5MyAxLjAzIDAgMS40MmwxMS4yODMgMTAuMjgtMTEuMjgzIDEwLjI5Yy0uMzkzLjM5LS4zOTMgMS4wMiAwIDEuNDIuMzk1LjM5IDEuMDMzLjM5IDEuNDI3IDBsMTIuMDA3LTEwLjk0Yy4yMS0uMjEuMy0uNDkuMjg0LS43Ny4wMTQtLjI3LS4wNzYtLjU1LS4yODYtLjc2TDEwLjcyIDQuMjkzeiIKICAgICAgICAgIGZpbGw9IiNjZWQzZDUiIG9wYWNpdHk9IjEiIGZpbGwtcnVsZT0iZXZlbm9kZCIvPgo8L3N2Zz4=\" alt=\"next arrow\"><img loading=\"lazy\" decoding=\"async\" width=\"32\" height=\"32\" class=\"n2-arrow-hover-img skip-lazy\" data-skip-lazy=\"1\" src=\"data:image\/svg+xml;base64,PHN2ZyB3aWR0aD0iMzIiIGhlaWdodD0iMzIiIHZpZXdCb3g9IjAgMCAzMiAzMiIgeG1sbnM9Imh0dHA6Ly93d3cudzMub3JnLzIwMDAvc3ZnIj4KICAgIDxwYXRoIGQ9Ik0xMC43MjIgNC4yOTNjLS4zOTQtLjM5LTEuMDMyLS4zOS0xLjQyNyAwLS4zOTMuMzktLjM5MyAxLjAzIDAgMS40MmwxMS4yODMgMTAuMjgtMTEuMjgzIDEwLjI5Yy0uMzkzLjM5LS4zOTMgMS4wMiAwIDEuNDIuMzk1LjM5IDEuMDMzLjM5IDEuNDI3IDBsMTIuMDA3LTEwLjk0Yy4yMS0uMjEuMy0uNDkuMjg0LS43Ny4wMTQtLjI3LS4wNzYtLjU1LS4yODYtLjc2TDEwLjcyIDQuMjkzeiIKICAgICAgICAgIGZpbGw9IiMwMDAwMDAiIG9wYWNpdHk9IjEiIGZpbGwtcnVsZT0iZXZlbm9kZCIvPgo8L3N2Zz4=\" alt=\"next arrow\"><\/div><\/div><\/div><div class=\"n2-ss-slider-controls n2-ss-slider-controls-below\"><div class=\"n2-ss-widget nextend-bar nextend-bar-horizontal n2-ss-widget-hidden n2-ow-all\" style=\"text-align: center;width:100%;\"><div class=\"n2-style-820f7b4778ca78a56ddbfeafd970141f-simple \"><span class=\"n2-font-8045276efac2b6ed3e58a0e579763884-simple \">&nbsp;<\/span><\/div><\/div><\/div><\/div><\/div><ss3-loader><\/ss3-loader><\/div><\/div><div class=\"n2_clear\"><\/div><\/div><\/ss3-force-full-width><\/div>\n\n\n<h2 class=\"wp-block-heading\">MATERIAL UND STRUKTUR II<\/h2>\n\n\n\n<p><strong>Helmut Dirnaichner, Alfred Haberpointner, Martin Lehmer<\/strong><\/p>\n\n\n\n<p>Vernissage: Freitag, 17. Oktober 2025 von 18 bis 20 Uhr<br>Matinee: Samstag, 18. Oktober 2025 von 12 bis 16 Uhr<\/p>\n\n\n\n<p>Ausstellung vom 17. Oktober bis 20. Dezember 2025<\/p>\n\n\n\n<p>Sonderveranstaltung:<br><strong><a href=\"https:\/\/www.galerie-bender.de\/wp-content\/uploads\/2025\/09\/Einladungskarte-Bender-Talk-2025__web.pdf\">Bender Talk<\/a><\/strong> am Samstag, 15. November 2025 um 15 Uhr:<br>Lesung mit Gottfried Knapp und Helmut Dirnaichner<\/p>\n\n\n\n<p>Die drei K\u00fcnstler erschaffen mit ihren jeweils unterschiedlichen Materialien Bildk\u00f6rper von au\u00dfergew\u00f6hnlicher Pr\u00e4senz. Der Betrachter begibt sich auf Spurensuche und entdeckt Strukturen und Feinheiten, welche sich je nach Lichteinfall ver\u00e4ndern. Sie strahlen eine ungemeine haptische Anziehungskraft aus, die innehalten l\u00e4sst und zur Kontemplation anregt.<\/p>\n\n\n\n<p>Bei Helmut Dirnaichner sind es zersto\u00dfene Steine, Erden und Mineralien, welche von ihm als nat\u00fcrliche Farbpalette genutzt werden. In Zellulose eingesch\u00f6pft, durchdringen sie den fragilen Bildk\u00f6rper und schaffen eine abwechslungsreiche Oberfl\u00e4chenstruktur. In der Ausstellung wird u.a. eine Arbeit mit&nbsp;15 Lanzetten aus blauen und gr\u00fcnen Steinen wie Lapislazuli, Azurit und Malachit gezeigt. Sie h\u00e4ngen 10 cm von der Wand entfernt von der Decke des Galerieraumes herab. Die Installation manifestiert sich als bewegte Skulptur, nachdem sie im ersten Augenblick als gro\u00dfes Bild erscheint.<\/p>\n\n\n\n<p>Alfred Haberpointner zerhackt, schneidet und brennt Spuren in sein Ausgangsmaterial, das Holz. Direkt aus dem Stamm herausgehauen entstehen seine Objekte wie Kegel, Kugel, Zylinder, Ovale, W\u00fcrfel und auch \u00fcberdimensionale, stilisierte K\u00f6pfe. Sie alle erhalten eine grobe Oberfl\u00e4chenstruktur. Besonders bei seiner Werkgruppe der Tafelbilder spielt die Farbe eine wichtige Rolle. Es geht Haberpointner um eine \u00d6ffnung der Fl\u00e4che, um das Spiel des Lichts auf den mit Beizen und Acrylfarben behandelten Oberfl\u00e4chen.&nbsp;<\/p>\n\n\n\n<p>Martin Lehmer schichtet Streifen von gebrochenem MDF aufeinander und erzeugt so Bildfl\u00e4chen von au\u00dfergew\u00f6hnlicher Plastizit\u00e4t und Pr\u00e4senz. Das von ihm verwendete schwarze MDF l\u00e4sst durch durch seine Beschaffenheit an den fragilen Bruchkanten samtige Strukturen entstehen. Das Licht wird von der nur anf\u00e4nglich monochrom erscheinenden schwarzen Bildfl\u00e4che gleicherma\u00dfen absorbiert und reflektiert. Die Reduktion auf die \u201eunbunte Farbe\u201c Schwarz f\u00fchrt zum elementaren Kunsterlebnis.<\/p>\n\n\n\n<p>Helmut Dirnaichners j\u00fcngste Publikation &#8222;Helmut Dirnaichner. Das Licht aus der Erde&#8220; (HIRMER Verlag 03\/2025) wird gef\u00f6rdert durch:<\/p>\n\n\n\n<div class=\"wp-block-columns is-layout-flex wp-container-core-columns-is-layout-9d6595d7 wp-block-columns-is-layout-flex\">\n<div class=\"wp-block-column is-vertically-aligned-top is-layout-flow wp-block-column-is-layout-flow\">\n<figure class=\"wp-block-image size-large\"><img loading=\"lazy\" decoding=\"async\" width=\"1024\" height=\"142\" src=\"https:\/\/www.galerie-bender.de\/wp-content\/uploads\/2024\/12\/KF-Logo_monochrom-3-1024x142.jpg\" alt=\"\" class=\"wp-image-7123\" srcset=\"https:\/\/www.galerie-bender.de\/wp-content\/uploads\/2024\/12\/KF-Logo_monochrom-3-1024x142.jpg 1024w, https:\/\/www.galerie-bender.de\/wp-content\/uploads\/2024\/12\/KF-Logo_monochrom-3-300x42.jpg 300w, https:\/\/www.galerie-bender.de\/wp-content\/uploads\/2024\/12\/KF-Logo_monochrom-3-768x107.jpg 768w, https:\/\/www.galerie-bender.de\/wp-content\/uploads\/2024\/12\/KF-Logo_monochrom-3-1536x214.jpg 1536w, https:\/\/www.galerie-bender.de\/wp-content\/uploads\/2024\/12\/KF-Logo_monochrom-3-18x3.jpg 18w, https:\/\/www.galerie-bender.de\/wp-content\/uploads\/2024\/12\/KF-Logo_monochrom-3-1200x167.jpg 1200w, https:\/\/www.galerie-bender.de\/wp-content\/uploads\/2024\/12\/KF-Logo_monochrom-3.jpg 1920w\" sizes=\"auto, (max-width: 1024px) 100vw, 1024px\" \/><\/figure>\n<\/div>\n\n\n\n<div class=\"wp-block-column is-layout-flow wp-block-column-is-layout-flow\"><\/div>\n<\/div>\n\n\n\n<figure class=\"wp-block-image size-full is-resized\"><img loading=\"lazy\" decoding=\"async\" width=\"486\" height=\"208\" src=\"https:\/\/www.galerie-bender.de\/wp-content\/uploads\/2024\/12\/BKM_2017_Web2x_de_gross.gif\" alt=\"\" class=\"wp-image-7122\" style=\"width:303px;height:auto\"\/><\/figure>\n\n\n<div class=\"n2-section-smartslider fitvidsignore  n2_clear\" data-ssid=\"165\" tabindex=\"0\" role=\"region\" aria-label=\"Slider\"><div id=\"n2-ss-165-align\" class=\"n2-ss-align\"><div class=\"n2-padding\"><div id=\"n2-ss-165\" data-creator=\"Smart Slider 3\" data-responsive=\"auto\" class=\"n2-ss-slider n2-ow n2-has-hover n2notransition  \">\n\n\n\n\n\n\n\n\n\n\n\n\n\n<div class=\"n2-ss-slider-wrapper-outside\" style=\"grid-template-rows:1fr auto\"><div class=\"n2-ss-slider-wrapper-inside\">\n        <div class=\"n2-ss-slider-1 n2_ss__touch_element n2-ow\">\n            <div class=\"n2-ss-slider-2 n2-ow\">\n                                                <div class=\"n2-ss-slider-3 n2-ow\">\n\n                    <div class=\"n2-ss-slide-backgrounds n2-ow-all\"><div class=\"n2-ss-slide-background\" data-public-id=\"1\" data-mode=\"fill\"><div class=\"n2-ss-slide-background-image\" data-blur=\"0\" data-opacity=\"100\" data-x=\"50\" data-y=\"50\" data-alt=\"Dirnaichner_Hirmer_2025_1\" data-title=\"\"><picture class=\"skip-lazy\" data-skip-lazy=\"1\"><img decoding=\"async\" src=\"\/\/www.galerie-bender.de\/wp-content\/uploads\/2025\/04\/Dirnaichner_Hirmer_2025_1.jpg\" alt=\"Dirnaichner_Hirmer_2025_1\" title=\"\" loading=\"lazy\" class=\"skip-lazy\" data-skip-lazy=\"1\"><\/picture><\/div><div data-color=\"RGBA(255,255,255,0)\" style=\"background-color: RGBA(255,255,255,0);\" class=\"n2-ss-slide-background-color\"><\/div><\/div><div class=\"n2-ss-slide-background\" data-public-id=\"2\" data-mode=\"fill\" aria-hidden=\"true\"><div class=\"n2-ss-slide-background-image\" data-blur=\"0\" data-opacity=\"100\" data-x=\"50\" data-y=\"50\" data-alt=\"Dirnaichner_Hirmer_2025_2\" data-title=\"\"><picture class=\"skip-lazy\" data-skip-lazy=\"1\"><img decoding=\"async\" src=\"\/\/www.galerie-bender.de\/wp-content\/uploads\/2025\/04\/Dirnaichner_Hirmer_2025_2.jpg\" alt=\"Dirnaichner_Hirmer_2025_2\" title=\"\" loading=\"lazy\" class=\"skip-lazy\" data-skip-lazy=\"1\"><\/picture><\/div><div data-color=\"RGBA(255,255,255,0)\" style=\"background-color: RGBA(255,255,255,0);\" class=\"n2-ss-slide-background-color\"><\/div><\/div><\/div>                    <div class=\"n2-ss-slider-4 n2-ow\">\n                        <svg xmlns=\"http:\/\/www.w3.org\/2000\/svg\" viewBox=\"0 0 1920 800\" data-related-device=\"desktopPortrait\" class=\"n2-ow n2-ss-preserve-size n2-ss-preserve-size--slider n2-ss-slide-limiter\"><\/svg><div data-first=\"1\" data-slide-duration=\"0\" data-id=\"4421\" data-slide-public-id=\"1\" class=\"n2-ss-slide n2-ow  n2-ss-slide-4421\"><div role=\"note\" class=\"n2-ss-slide--focus\" tabindex=\"-1\"><\/div><div class=\"n2-ss-layers-container n2-ss-slide-limiter n2-ow\"><div class=\"n2-ss-layer n2-ow n-uc-DJJx1IZkvVxX\" data-sstype=\"slide\" data-pm=\"default\"><\/div><\/div><\/div><div data-slide-duration=\"0\" data-id=\"4422\" data-slide-public-id=\"2\" aria-hidden=\"true\" class=\"n2-ss-slide n2-ow  n2-ss-slide-4422\"><div role=\"note\" class=\"n2-ss-slide--focus\" tabindex=\"-1\"><\/div><div class=\"n2-ss-layers-container n2-ss-slide-limiter n2-ow\"><div class=\"n2-ss-layer n2-ow n-uc-eWb72Hs0GSyI\" data-sstype=\"slide\" data-pm=\"default\"><\/div><\/div><\/div>                    <\/div>\n\n                                    <\/div>\n            <\/div>\n        <\/div>\n        <div class=\"n2-ss-slider-controls n2-ss-slider-controls-absolute-left-center\"><div style=\"--widget-offset:15px;\" class=\"n2-ss-widget nextend-arrow n2-ow-all nextend-arrow-previous  nextend-arrow-animated-fade\" data-hide-mobileportrait=\"1\" id=\"n2-ss-165-arrow-previous\" role=\"button\" aria-label=\"previous arrow\" tabindex=\"0\"><img loading=\"lazy\" decoding=\"async\" width=\"32\" height=\"32\" class=\"n2-arrow-normal-img skip-lazy\" data-skip-lazy=\"1\" src=\"data:image\/svg+xml;base64,PHN2ZyB3aWR0aD0iMzIiIGhlaWdodD0iMzIiIHZpZXdCb3g9IjAgMCAzMiAzMiIgeG1sbnM9Imh0dHA6Ly93d3cudzMub3JnLzIwMDAvc3ZnIj4KICAgIDxwYXRoIGQ9Ik0xMS40MzMgMTUuOTkyTDIyLjY5IDUuNzEyYy4zOTMtLjM5LjM5My0xLjAzIDAtMS40Mi0uMzkzLS4zOS0xLjAzLS4zOS0xLjQyMyAwbC0xMS45OCAxMC45NGMtLjIxLjIxLS4zLjQ5LS4yODUuNzYtLjAxNS4yOC4wNzUuNTYuMjg0Ljc3bDExLjk4IDEwLjk0Yy4zOTMuMzkgMS4wMy4zOSAxLjQyNCAwIC4zOTMtLjQuMzkzLTEuMDMgMC0xLjQybC0xMS4yNTctMTAuMjkiCiAgICAgICAgICBmaWxsPSIjY2VkM2Q1IiBvcGFjaXR5PSIxIiBmaWxsLXJ1bGU9ImV2ZW5vZGQiLz4KPC9zdmc+\" alt=\"previous arrow\"><img loading=\"lazy\" decoding=\"async\" width=\"32\" height=\"32\" class=\"n2-arrow-hover-img skip-lazy\" data-skip-lazy=\"1\" src=\"data:image\/svg+xml;base64,PHN2ZyB3aWR0aD0iMzIiIGhlaWdodD0iMzIiIHZpZXdCb3g9IjAgMCAzMiAzMiIgeG1sbnM9Imh0dHA6Ly93d3cudzMub3JnLzIwMDAvc3ZnIj4KICAgIDxwYXRoIGQ9Ik0xMS40MzMgMTUuOTkyTDIyLjY5IDUuNzEyYy4zOTMtLjM5LjM5My0xLjAzIDAtMS40Mi0uMzkzLS4zOS0xLjAzLS4zOS0xLjQyMyAwbC0xMS45OCAxMC45NGMtLjIxLjIxLS4zLjQ5LS4yODUuNzYtLjAxNS4yOC4wNzUuNTYuMjg0Ljc3bDExLjk4IDEwLjk0Yy4zOTMuMzkgMS4wMy4zOSAxLjQyNCAwIC4zOTMtLjQuMzkzLTEuMDMgMC0xLjQybC0xMS4yNTctMTAuMjkiCiAgICAgICAgICBmaWxsPSIjMDAwMDAwIiBvcGFjaXR5PSIxIiBmaWxsLXJ1bGU9ImV2ZW5vZGQiLz4KPC9zdmc+\" alt=\"previous arrow\"><\/div><\/div><div class=\"n2-ss-slider-controls n2-ss-slider-controls-absolute-right-center\"><div style=\"--widget-offset:15px;\" class=\"n2-ss-widget nextend-arrow n2-ow-all nextend-arrow-next  nextend-arrow-animated-fade\" data-hide-mobileportrait=\"1\" id=\"n2-ss-165-arrow-next\" role=\"button\" aria-label=\"next arrow\" tabindex=\"0\"><img loading=\"lazy\" decoding=\"async\" width=\"32\" height=\"32\" class=\"n2-arrow-normal-img skip-lazy\" data-skip-lazy=\"1\" src=\"data:image\/svg+xml;base64,PHN2ZyB3aWR0aD0iMzIiIGhlaWdodD0iMzIiIHZpZXdCb3g9IjAgMCAzMiAzMiIgeG1sbnM9Imh0dHA6Ly93d3cudzMub3JnLzIwMDAvc3ZnIj4KICAgIDxwYXRoIGQ9Ik0xMC43MjIgNC4yOTNjLS4zOTQtLjM5LTEuMDMyLS4zOS0xLjQyNyAwLS4zOTMuMzktLjM5MyAxLjAzIDAgMS40MmwxMS4yODMgMTAuMjgtMTEuMjgzIDEwLjI5Yy0uMzkzLjM5LS4zOTMgMS4wMiAwIDEuNDIuMzk1LjM5IDEuMDMzLjM5IDEuNDI3IDBsMTIuMDA3LTEwLjk0Yy4yMS0uMjEuMy0uNDkuMjg0LS43Ny4wMTQtLjI3LS4wNzYtLjU1LS4yODYtLjc2TDEwLjcyIDQuMjkzeiIKICAgICAgICAgIGZpbGw9IiNjZWQzZDUiIG9wYWNpdHk9IjEiIGZpbGwtcnVsZT0iZXZlbm9kZCIvPgo8L3N2Zz4=\" alt=\"next arrow\"><img loading=\"lazy\" decoding=\"async\" width=\"32\" height=\"32\" class=\"n2-arrow-hover-img skip-lazy\" data-skip-lazy=\"1\" src=\"data:image\/svg+xml;base64,PHN2ZyB3aWR0aD0iMzIiIGhlaWdodD0iMzIiIHZpZXdCb3g9IjAgMCAzMiAzMiIgeG1sbnM9Imh0dHA6Ly93d3cudzMub3JnLzIwMDAvc3ZnIj4KICAgIDxwYXRoIGQ9Ik0xMC43MjIgNC4yOTNjLS4zOTQtLjM5LTEuMDMyLS4zOS0xLjQyNyAwLS4zOTMuMzktLjM5MyAxLjAzIDAgMS40MmwxMS4yODMgMTAuMjgtMTEuMjgzIDEwLjI5Yy0uMzkzLjM5LS4zOTMgMS4wMiAwIDEuNDIuMzk1LjM5IDEuMDMzLjM5IDEuNDI3IDBsMTIuMDA3LTEwLjk0Yy4yMS0uMjEuMy0uNDkuMjg0LS43Ny4wMTQtLjI3LS4wNzYtLjU1LS4yODYtLjc2TDEwLjcyIDQuMjkzeiIKICAgICAgICAgIGZpbGw9IiMwMDAwMDAiIG9wYWNpdHk9IjEiIGZpbGwtcnVsZT0iZXZlbm9kZCIvPgo8L3N2Zz4=\" alt=\"next arrow\"><\/div><\/div><\/div><div class=\"n2-ss-slider-controls n2-ss-slider-controls-below\"><div class=\"n2-ss-widget nextend-bar nextend-bar-horizontal n2-ss-widget-hidden n2-ow-all\" style=\"text-align: left;width:100%;\"><div class=\"n2-style-820f7b4778ca78a56ddbfeafd970141f-simple \"><span class=\"n2-font-39b5f228affaae595a20733917c8ca6d-simple \">&nbsp;<\/span><\/div><\/div><\/div><\/div><\/div><ss3-loader><\/ss3-loader><\/div><\/div><div class=\"n2_clear\"><\/div><\/div>\n\n\n<div class=\"wp-block-file\"><a id=\"wp-block-file--media-30d5d961-bef9-4d36-9466-39d2571e9bbd\" href=\"https:\/\/www.galerie-bender.de\/wp-content\/uploads\/2025\/09\/Einladungskarte-Bender-Talk-2025__web.pdf\" target=\"_blank\" rel=\"noreferrer noopener\">Bender Talk: Lesung mit Gottfried Knapp und Helmut Dirnaichner, 2025<\/a><\/div>\n\n\n\n<p><\/p>\n\n\n\n<div class=\"wp-block-file\"><a id=\"wp-block-file--media-7a462769-b01d-4219-a2dd-d600a28f08d5\" href=\"https:\/\/www.galerie-bender.de\/wp-content\/uploads\/2025\/09\/Galb_Bender_Flyer_Dirnaichner_2025_6s_M1507002_F39_150dpi_netto.pdf\" target=\"_blank\" rel=\"noreferrer noopener\">Flyer zur Ausstellung &#8222;Material und Struktur II. Helmut Dirnaichner&#8220;, 2025<\/a><\/div>\n\n\n\n<div class=\"wp-block-file\"><a id=\"wp-block-file--media-d3a46838-3e95-4d57-9c0d-eaeb09267717\" href=\"https:\/\/www.galerie-bender.de\/wp-content\/uploads\/2025\/09\/Galb_Bender_Flyer_Haberpointner_2025_6s_M1507002_F39_150dpi_netto.pdf\" target=\"_blank\" rel=\"noreferrer noopener\">Flyer zur Ausstellung &#8222;Material und Struktur II. Alfred Haberpointner&#8220;, 2025<\/a><\/div>\n\n\n\n<div class=\"wp-block-file\"><a id=\"wp-block-file--media-4b7b66af-1c3d-4ae7-88b4-48032cdb47d8\" href=\"https:\/\/www.galerie-bender.de\/wp-content\/uploads\/2025\/09\/Galb_Bender_Flyer_Lehmer_2025_6s_M1507002_F39_150dpi_netto.pdf\" target=\"_blank\" rel=\"noreferrer noopener\">Flyer zur Ausstellung \u201eMaterial und Struktur II. Martin Lehmer\u201c, 2025<\/a><\/div>\n\n\n\n<p><\/p>\n\n\n\n<div class=\"wp-block-file\"><a id=\"wp-block-file--media-d17d9e84-6065-435f-8cfa-9d6edb81dc52\" href=\"https:\/\/www.galerie-bender.de\/wp-content\/uploads\/2025\/11\/kunst_art_106_Seite_24_S.pdf\">Presseartikel: kunst:art Nr. 106, Nov.-Dez. 2025, Seite 24<\/a><\/div>\n\n\n\n<p><\/p>\n<\/div>","protected":false},"excerpt":{"rendered":"<p>MATERIAL UND STRUKTUR II Helmut Dirnaichner, Alfred Haberpointner, Martin Lehmer Vernissage: Freitag, 17. Oktober 2025 von 18 bis 20 UhrMatinee: Samstag, 18. Oktober 2025 von 12 bis 16 Uhr Ausstellung vom 17. Oktober bis 20. Dezember 2025 Sonderveranstaltung:Bender Talk am Samstag, 15. November 2025 um 15 Uhr:Lesung mit Gottfried Knapp und Helmut Dirnaichner Die drei [&hellip;]<\/p>\n","protected":false},"author":3,"featured_media":0,"comment_status":"open","ping_status":"open","sticky":false,"template":"","format":"standard","meta":{"_eb_attr":"","_uag_custom_page_level_css":"","footnotes":""},"categories":[39],"tags":[],"class_list":["post-7119","post","type-post","status-publish","format-standard","hentry","category-ausstellungsarchiv"],"acf":[],"uagb_featured_image_src":{"full":false,"thumbnail":false,"medium":false,"medium_large":false,"large":false,"1536x1536":false,"2048x2048":false,"trp-custom-language-flag":false,"square":false,"post-thumbnail":false,"twentytwenty-fullscreen":false},"uagb_author_info":{"display_name":"Renate Bender","author_link":"https:\/\/www.galerie-bender.de\/de\/author\/bender\/"},"uagb_comment_info":0,"uagb_excerpt":"MATERIAL UND STRUKTUR II Helmut Dirnaichner, Alfred Haberpointner, Martin Lehmer Vernissage: Freitag, 17. Oktober 2025 von 18 bis 20 UhrMatinee: Samstag, 18. Oktober 2025 von 12 bis 16 Uhr Ausstellung vom 17. Oktober bis 20. Dezember 2025 Sonderveranstaltung:Bender Talk am Samstag, 15. November 2025 um 15 Uhr:Lesung mit Gottfried Knapp und Helmut Dirnaichner Die drei&hellip;","_links":{"self":[{"href":"https:\/\/www.galerie-bender.de\/de\/wp-json\/wp\/v2\/posts\/7119","targetHints":{"allow":["GET"]}}],"collection":[{"href":"https:\/\/www.galerie-bender.de\/de\/wp-json\/wp\/v2\/posts"}],"about":[{"href":"https:\/\/www.galerie-bender.de\/de\/wp-json\/wp\/v2\/types\/post"}],"author":[{"embeddable":true,"href":"https:\/\/www.galerie-bender.de\/de\/wp-json\/wp\/v2\/users\/3"}],"replies":[{"embeddable":true,"href":"https:\/\/www.galerie-bender.de\/de\/wp-json\/wp\/v2\/comments?post=7119"}],"version-history":[{"count":26,"href":"https:\/\/www.galerie-bender.de\/de\/wp-json\/wp\/v2\/posts\/7119\/revisions"}],"predecessor-version":[{"id":8019,"href":"https:\/\/www.galerie-bender.de\/de\/wp-json\/wp\/v2\/posts\/7119\/revisions\/8019"}],"wp:attachment":[{"href":"https:\/\/www.galerie-bender.de\/de\/wp-json\/wp\/v2\/media?parent=7119"}],"wp:term":[{"taxonomy":"category","embeddable":true,"href":"https:\/\/www.galerie-bender.de\/de\/wp-json\/wp\/v2\/categories?post=7119"},{"taxonomy":"post_tag","embeddable":true,"href":"https:\/\/www.galerie-bender.de\/de\/wp-json\/wp\/v2\/tags?post=7119"}],"curies":[{"name":"wp","href":"https:\/\/api.w.org\/{rel}","templated":true}]}}