{"id":7139,"date":"2024-12-13T15:32:47","date_gmt":"2024-12-13T14:32:47","guid":{"rendered":"https:\/\/www.galerie-bender.de\/?p=7139"},"modified":"2025-10-29T14:51:42","modified_gmt":"2025-10-29T13:51:42","slug":"zwei-generationen-konkret-alf-lechner-und-marco-stanke","status":"publish","type":"post","link":"https:\/\/www.galerie-bender.de\/de\/zwei-generationen-konkret-alf-lechner-und-marco-stanke\/","title":{"rendered":"ZWEI GENERATIONEN KONKRET. Alf Lechner und Marco Stanke"},"content":{"rendered":"<div id=\"modal-ready\"><div class=\"n2_clear\"><ss3-force-full-width data-overflow-x=\"body\" data-horizontal-selector=\"body\"><div class=\"n2-section-smartslider fitvidsignore  n2_clear\" data-ssid=\"166\" tabindex=\"0\" role=\"region\" aria-label=\"Slider\"><div id=\"n2-ss-166-align\" class=\"n2-ss-align\"><div class=\"n2-padding\"><div id=\"n2-ss-166\" data-creator=\"Smart Slider 3\" data-responsive=\"fullwidth\" class=\"n2-ss-slider n2-ow n2-has-hover n2notransition  \">\n\n\n\n\n\n\n\n\n\n\n\n\n\n<div class=\"n2-ss-slider-wrapper-outside\" style=\"grid-template-rows:1fr auto\"><div class=\"n2-ss-slider-wrapper-inside\">\n        <div class=\"n2-ss-slider-1 n2_ss__touch_element n2-ow\">\n            <div class=\"n2-ss-slider-2 n2-ow\">\n                                                <div class=\"n2-ss-slider-3 n2-ow\">\n\n                    <div class=\"n2-ss-slide-backgrounds n2-ow-all\"><div class=\"n2-ss-slide-background\" data-public-id=\"1\" data-mode=\"fill\"><div class=\"n2-ss-slide-background-image\" data-blur=\"0\" data-opacity=\"100\" data-x=\"50\" data-y=\"50\" data-alt=\"ZWEI GENERATIONEN KONKRET. Alf Lechner - Marco Stanke. Ausstellungsansicht Galerie Renate Bender, 2025\" data-title=\"\"><picture class=\"skip-lazy\" data-skip-lazy=\"1\"><img decoding=\"async\" src=\"\/\/www.galerie-bender.de\/wp-content\/uploads\/2025\/07\/20250703_154830-scaled.jpg\" alt=\"ZWEI GENERATIONEN KONKRET. Alf Lechner - Marco Stanke. Ausstellungsansicht Galerie Renate Bender, 2025\" title=\"\" loading=\"lazy\" class=\"skip-lazy\" data-skip-lazy=\"1\"><\/picture><\/div><div data-color=\"RGBA(255,255,255,0)\" style=\"background-color: RGBA(255,255,255,0);\" class=\"n2-ss-slide-background-color\"><\/div><\/div><div class=\"n2-ss-slide-background\" data-public-id=\"2\" data-mode=\"fill\" aria-hidden=\"true\"><div class=\"n2-ss-slide-background-image\" data-blur=\"0\" data-opacity=\"100\" data-x=\"50\" data-y=\"50\" data-alt=\"RA_5_Yan\" data-title=\"\"><picture class=\"skip-lazy\" data-skip-lazy=\"1\"><img decoding=\"async\" src=\"\/\/www.galerie-bender.de\/wp-content\/uploads\/2025\/07\/RA_5_Yan.jpg\" alt=\"RA_5_Yan\" title=\"\" loading=\"lazy\" class=\"skip-lazy\" data-skip-lazy=\"1\"><\/picture><\/div><div data-color=\"RGBA(255,255,255,0)\" style=\"background-color: RGBA(255,255,255,0);\" class=\"n2-ss-slide-background-color\"><\/div><\/div><div class=\"n2-ss-slide-background\" data-public-id=\"3\" data-mode=\"fill\" aria-hidden=\"true\"><div class=\"n2-ss-slide-background-image\" data-blur=\"0\" data-opacity=\"100\" data-x=\"50\" data-y=\"50\" data-alt=\"ZWEI GENERATIONEN KONKRET. Alf Lechner - Marco Stanke. Ausstellungsansicht Galerie Renate Bender, 2025\" data-title=\"\"><picture class=\"skip-lazy\" data-skip-lazy=\"1\"><img decoding=\"async\" src=\"\/\/www.galerie-bender.de\/wp-content\/uploads\/2025\/07\/20250703_134003-scaled.jpg\" alt=\"ZWEI GENERATIONEN KONKRET. Alf Lechner - Marco Stanke. Ausstellungsansicht Galerie Renate Bender, 2025\" title=\"\" loading=\"lazy\" class=\"skip-lazy\" data-skip-lazy=\"1\"><\/picture><\/div><div data-color=\"RGBA(255,255,255,0)\" style=\"background-color: RGBA(255,255,255,0);\" class=\"n2-ss-slide-background-color\"><\/div><\/div><div class=\"n2-ss-slide-background\" data-public-id=\"4\" data-mode=\"fill\" aria-hidden=\"true\"><div class=\"n2-ss-slide-background-image\" data-blur=\"0\" data-opacity=\"100\" data-x=\"50\" data-y=\"50\" data-alt=\"ZWEI GENERATIONEN KONKRET. Alf Lechner - Marco Stanke. Ausstellungsansicht Galerie Renate Bender, 2025\" data-title=\"\"><picture class=\"skip-lazy\" data-skip-lazy=\"1\"><img decoding=\"async\" src=\"\/\/www.galerie-bender.de\/wp-content\/uploads\/2025\/07\/20250703_154701-scaled.jpg\" alt=\"ZWEI GENERATIONEN KONKRET. Alf Lechner - Marco Stanke. Ausstellungsansicht Galerie Renate Bender, 2025\" title=\"\" loading=\"lazy\" class=\"skip-lazy\" data-skip-lazy=\"1\"><\/picture><\/div><div data-color=\"RGBA(255,255,255,0)\" style=\"background-color: RGBA(255,255,255,0);\" class=\"n2-ss-slide-background-color\"><\/div><\/div><div class=\"n2-ss-slide-background\" data-public-id=\"5\" data-mode=\"fill\" aria-hidden=\"true\"><div class=\"n2-ss-slide-background-image\" data-blur=\"0\" data-opacity=\"100\" data-x=\"50\" data-y=\"50\" data-alt=\"RA_12_Yan\" data-title=\"\"><picture class=\"skip-lazy\" data-skip-lazy=\"1\"><img decoding=\"async\" src=\"\/\/www.galerie-bender.de\/wp-content\/uploads\/2025\/07\/RA_12_Yan.jpg\" alt=\"RA_12_Yan\" title=\"\" loading=\"lazy\" class=\"skip-lazy\" data-skip-lazy=\"1\"><\/picture><\/div><div data-color=\"RGBA(255,255,255,0)\" style=\"background-color: RGBA(255,255,255,0);\" class=\"n2-ss-slide-background-color\"><\/div><\/div><div class=\"n2-ss-slide-background\" data-public-id=\"6\" data-mode=\"fill\" aria-hidden=\"true\"><div class=\"n2-ss-slide-background-image\" data-blur=\"0\" data-opacity=\"100\" data-x=\"50\" data-y=\"50\" data-alt=\"RA_10_Yan\" data-title=\"\"><picture class=\"skip-lazy\" data-skip-lazy=\"1\"><img decoding=\"async\" src=\"\/\/www.galerie-bender.de\/wp-content\/uploads\/2025\/07\/RA_10_Yan.jpg\" alt=\"RA_10_Yan\" title=\"\" loading=\"lazy\" class=\"skip-lazy\" data-skip-lazy=\"1\"><\/picture><\/div><div data-color=\"RGBA(255,255,255,0)\" style=\"background-color: RGBA(255,255,255,0);\" class=\"n2-ss-slide-background-color\"><\/div><\/div><div class=\"n2-ss-slide-background\" data-public-id=\"7\" data-mode=\"fill\" aria-hidden=\"true\"><div class=\"n2-ss-slide-background-image\" data-blur=\"0\" data-opacity=\"100\" data-x=\"50\" data-y=\"50\" data-alt=\"RA_7_Yan\" data-title=\"\"><picture class=\"skip-lazy\" data-skip-lazy=\"1\"><img decoding=\"async\" src=\"\/\/www.galerie-bender.de\/wp-content\/uploads\/2025\/07\/RA_7_Yan.jpg\" alt=\"RA_7_Yan\" title=\"\" loading=\"lazy\" class=\"skip-lazy\" data-skip-lazy=\"1\"><\/picture><\/div><div data-color=\"RGBA(255,255,255,0)\" style=\"background-color: RGBA(255,255,255,0);\" class=\"n2-ss-slide-background-color\"><\/div><\/div><div class=\"n2-ss-slide-background\" data-public-id=\"8\" data-mode=\"fill\" aria-hidden=\"true\"><div class=\"n2-ss-slide-background-image\" data-blur=\"0\" data-opacity=\"100\" data-x=\"50\" data-y=\"50\" data-alt=\"RA_11_Yan\" data-title=\"\"><picture class=\"skip-lazy\" data-skip-lazy=\"1\"><img decoding=\"async\" src=\"\/\/www.galerie-bender.de\/wp-content\/uploads\/2025\/07\/RA_11_Yan.jpg\" alt=\"RA_11_Yan\" title=\"\" loading=\"lazy\" class=\"skip-lazy\" data-skip-lazy=\"1\"><\/picture><\/div><div data-color=\"RGBA(255,255,255,0)\" style=\"background-color: RGBA(255,255,255,0);\" class=\"n2-ss-slide-background-color\"><\/div><\/div><div class=\"n2-ss-slide-background\" data-public-id=\"9\" data-mode=\"fill\" aria-hidden=\"true\"><div class=\"n2-ss-slide-background-image\" data-blur=\"0\" data-opacity=\"100\" data-x=\"50\" data-y=\"50\" data-alt=\"RA_17_Yan\" data-title=\"\"><picture class=\"skip-lazy\" data-skip-lazy=\"1\"><img decoding=\"async\" src=\"\/\/www.galerie-bender.de\/wp-content\/uploads\/2025\/09\/RA_17_Yan_high.jpg\" alt=\"RA_17_Yan\" title=\"\" loading=\"lazy\" class=\"skip-lazy\" data-skip-lazy=\"1\"><\/picture><\/div><div data-color=\"RGBA(255,255,255,0)\" style=\"background-color: RGBA(255,255,255,0);\" class=\"n2-ss-slide-background-color\"><\/div><\/div><div class=\"n2-ss-slide-background\" data-public-id=\"10\" data-mode=\"fill\" aria-hidden=\"true\"><div class=\"n2-ss-slide-background-image\" data-blur=\"0\" data-opacity=\"100\" data-x=\"50\" data-y=\"50\" data-alt=\"RA_18_Yan_high\" data-title=\"\"><picture class=\"skip-lazy\" data-skip-lazy=\"1\"><img decoding=\"async\" src=\"\/\/www.galerie-bender.de\/wp-content\/uploads\/2025\/09\/RA_18_Yan_high.jpg\" alt=\"RA_18_Yan_high\" title=\"\" loading=\"lazy\" class=\"skip-lazy\" data-skip-lazy=\"1\"><\/picture><\/div><div data-color=\"RGBA(255,255,255,0)\" style=\"background-color: RGBA(255,255,255,0);\" class=\"n2-ss-slide-background-color\"><\/div><\/div><div class=\"n2-ss-slide-background\" data-public-id=\"11\" data-mode=\"fill\" aria-hidden=\"true\"><div class=\"n2-ss-slide-background-image\" data-blur=\"0\" data-opacity=\"100\" data-x=\"50\" data-y=\"50\" data-alt=\"RA_14_Yan\" data-title=\"\"><picture class=\"skip-lazy\" data-skip-lazy=\"1\"><img decoding=\"async\" src=\"\/\/www.galerie-bender.de\/wp-content\/uploads\/2025\/07\/RA_14_Yan.jpg\" alt=\"RA_14_Yan\" title=\"\" loading=\"lazy\" class=\"skip-lazy\" data-skip-lazy=\"1\"><\/picture><\/div><div data-color=\"RGBA(255,255,255,0)\" style=\"background-color: RGBA(255,255,255,0);\" class=\"n2-ss-slide-background-color\"><\/div><\/div><div class=\"n2-ss-slide-background\" data-public-id=\"12\" data-mode=\"fill\" aria-hidden=\"true\"><div class=\"n2-ss-slide-background-image\" data-blur=\"0\" data-opacity=\"100\" data-x=\"50\" data-y=\"50\" data-alt=\"RA_kathi\" data-title=\"\"><picture class=\"skip-lazy\" data-skip-lazy=\"1\"><img decoding=\"async\" src=\"\/\/www.galerie-bender.de\/wp-content\/uploads\/2025\/07\/RA_kathi.jpg\" alt=\"RA_kathi\" title=\"\" loading=\"lazy\" class=\"skip-lazy\" data-skip-lazy=\"1\"><\/picture><\/div><div data-color=\"RGBA(255,255,255,0)\" style=\"background-color: RGBA(255,255,255,0);\" class=\"n2-ss-slide-background-color\"><\/div><\/div><div class=\"n2-ss-slide-background\" data-public-id=\"13\" data-mode=\"fill\" aria-hidden=\"true\"><div class=\"n2-ss-slide-background-image\" data-blur=\"0\" data-opacity=\"100\" data-x=\"50\" data-y=\"50\" data-alt=\"\" data-title=\"\"><picture class=\"skip-lazy\" data-skip-lazy=\"1\"><img decoding=\"async\" src=\"\/\/www.galerie-bender.de\/wp-content\/uploads\/2025\/06\/Lechner_570A_37.5x45x30.7cm.jpg\" alt=\"\" title=\"\" loading=\"lazy\" class=\"skip-lazy\" data-skip-lazy=\"1\"><\/picture><\/div><div data-color=\"RGBA(255,255,255,0)\" style=\"background-color: RGBA(255,255,255,0);\" class=\"n2-ss-slide-background-color\"><\/div><\/div><div class=\"n2-ss-slide-background\" data-public-id=\"14\" data-mode=\"fill\" aria-hidden=\"true\"><div class=\"n2-ss-slide-background-image\" data-blur=\"0\" data-opacity=\"100\" data-x=\"50\" data-y=\"50\" data-alt=\"\" data-title=\"\"><picture class=\"skip-lazy\" data-skip-lazy=\"1\"><img decoding=\"async\" src=\"\/\/www.galerie-bender.de\/wp-content\/uploads\/2025\/07\/Lechner_WV496_Foto_Farbe.jpg\" alt=\"\" title=\"\" loading=\"lazy\" class=\"skip-lazy\" data-skip-lazy=\"1\"><\/picture><\/div><div data-color=\"RGBA(255,255,255,0)\" style=\"background-color: RGBA(255,255,255,0);\" class=\"n2-ss-slide-background-color\"><\/div><\/div><div class=\"n2-ss-slide-background\" data-public-id=\"15\" data-mode=\"fill\" aria-hidden=\"true\"><div class=\"n2-ss-slide-background-image\" data-blur=\"0\" data-opacity=\"100\" data-x=\"50\" data-y=\"50\" data-alt=\"\" data-title=\"\"><picture class=\"skip-lazy\" data-skip-lazy=\"1\"><img decoding=\"async\" src=\"\/\/www.galerie-bender.de\/wp-content\/uploads\/2025\/07\/Lechner_WV-831.jpg\" alt=\"\" title=\"\" loading=\"lazy\" class=\"skip-lazy\" data-skip-lazy=\"1\"><\/picture><\/div><div data-color=\"RGBA(255,255,255,0)\" style=\"background-color: RGBA(255,255,255,0);\" class=\"n2-ss-slide-background-color\"><\/div><\/div><div class=\"n2-ss-slide-background\" data-public-id=\"16\" data-mode=\"fill\" aria-hidden=\"true\"><div class=\"n2-ss-slide-background-image\" data-blur=\"0\" data-opacity=\"100\" data-x=\"50\" data-y=\"50\" data-alt=\"\" data-title=\"\"><picture class=\"skip-lazy\" data-skip-lazy=\"1\"><img decoding=\"async\" src=\"\/\/www.galerie-bender.de\/wp-content\/uploads\/2025\/06\/Lechner_WV476_16x16x16cm.jpg\" alt=\"\" title=\"\" loading=\"lazy\" class=\"skip-lazy\" data-skip-lazy=\"1\"><\/picture><\/div><div data-color=\"RGBA(255,255,255,0)\" style=\"background-color: RGBA(255,255,255,0);\" class=\"n2-ss-slide-background-color\"><\/div><\/div><div class=\"n2-ss-slide-background\" data-public-id=\"17\" data-mode=\"fill\" aria-hidden=\"true\"><div class=\"n2-ss-slide-background-image\" data-blur=\"0\" data-opacity=\"100\" data-x=\"50\" data-y=\"50\" data-alt=\"\" data-title=\"\"><picture class=\"skip-lazy\" data-skip-lazy=\"1\"><img decoding=\"async\" src=\"\/\/www.galerie-bender.de\/wp-content\/uploads\/2025\/06\/100-Jahre-AL_376_OG_827_2160_sRGB_3600px-.jpg\" alt=\"\" title=\"\" loading=\"lazy\" class=\"skip-lazy\" data-skip-lazy=\"1\"><\/picture><\/div><div data-color=\"RGBA(255,255,255,0)\" style=\"background-color: RGBA(255,255,255,0);\" class=\"n2-ss-slide-background-color\"><\/div><\/div><div class=\"n2-ss-slide-background\" data-public-id=\"18\" data-mode=\"fill\" aria-hidden=\"true\"><div class=\"n2-ss-slide-background-image\" data-blur=\"0\" data-opacity=\"100\" data-x=\"50\" data-y=\"50\" data-alt=\"\" data-title=\"\"><picture class=\"skip-lazy\" data-skip-lazy=\"1\"><img decoding=\"async\" src=\"\/\/www.galerie-bender.de\/wp-content\/uploads\/2025\/06\/Lechner_WV103_Foto_sw1_25.5x25.5x112cm.jpg\" alt=\"\" title=\"\" loading=\"lazy\" class=\"skip-lazy\" data-skip-lazy=\"1\"><\/picture><\/div><div data-color=\"RGBA(255,255,255,0)\" style=\"background-color: RGBA(255,255,255,0);\" class=\"n2-ss-slide-background-color\"><\/div><\/div><div class=\"n2-ss-slide-background\" data-public-id=\"19\" data-mode=\"fill\" aria-hidden=\"true\"><div class=\"n2-ss-slide-background-image\" data-blur=\"0\" data-opacity=\"100\" data-x=\"50\" data-y=\"50\" data-alt=\"\" data-title=\"\"><picture class=\"skip-lazy\" data-skip-lazy=\"1\"><img decoding=\"async\" src=\"\/\/www.galerie-bender.de\/wp-content\/uploads\/2025\/06\/Lechner_8667_Kreisflaechenteilung_106x75cm.jpg\" alt=\"\" title=\"\" loading=\"lazy\" class=\"skip-lazy\" data-skip-lazy=\"1\"><\/picture><\/div><div data-color=\"RGBA(255,255,255,0)\" style=\"background-color: RGBA(255,255,255,0);\" class=\"n2-ss-slide-background-color\"><\/div><\/div><div class=\"n2-ss-slide-background\" data-public-id=\"20\" data-mode=\"fill\" aria-hidden=\"true\"><div class=\"n2-ss-slide-background-image\" data-blur=\"0\" data-opacity=\"100\" data-x=\"50\" data-y=\"50\" data-alt=\"\" data-title=\"\"><picture class=\"skip-lazy\" data-skip-lazy=\"1\"><img decoding=\"async\" src=\"\/\/www.galerie-bender.de\/wp-content\/uploads\/2025\/07\/Lechner_WVP-2006-8715.jpg\" alt=\"\" title=\"\" loading=\"lazy\" class=\"skip-lazy\" data-skip-lazy=\"1\"><\/picture><\/div><div data-color=\"RGBA(255,255,255,0)\" style=\"background-color: RGBA(255,255,255,0);\" class=\"n2-ss-slide-background-color\"><\/div><\/div><div class=\"n2-ss-slide-background\" data-public-id=\"21\" data-mode=\"fill\" aria-hidden=\"true\"><div class=\"n2-ss-slide-background-image\" data-blur=\"0\" data-opacity=\"100\" data-x=\"50\" data-y=\"50\" data-alt=\"\" data-title=\"\"><picture class=\"skip-lazy\" data-skip-lazy=\"1\"><img decoding=\"async\" src=\"\/\/www.galerie-bender.de\/wp-content\/uploads\/2025\/07\/Lechner_WVP-2006-8716.jpg\" alt=\"\" title=\"\" loading=\"lazy\" class=\"skip-lazy\" data-skip-lazy=\"1\"><\/picture><\/div><div data-color=\"RGBA(255,255,255,0)\" style=\"background-color: RGBA(255,255,255,0);\" class=\"n2-ss-slide-background-color\"><\/div><\/div><div class=\"n2-ss-slide-background\" data-public-id=\"22\" data-mode=\"fill\" aria-hidden=\"true\"><div class=\"n2-ss-slide-background-image\" data-blur=\"0\" data-opacity=\"100\" data-x=\"50\" data-y=\"50\" data-alt=\"\" data-title=\"\"><picture class=\"skip-lazy\" data-skip-lazy=\"1\"><img decoding=\"async\" src=\"\/\/www.galerie-bender.de\/wp-content\/uploads\/2025\/07\/Lechner_WVP-2014-8717.jpg\" alt=\"\" title=\"\" loading=\"lazy\" class=\"skip-lazy\" data-skip-lazy=\"1\"><\/picture><\/div><div data-color=\"RGBA(255,255,255,0)\" style=\"background-color: RGBA(255,255,255,0);\" class=\"n2-ss-slide-background-color\"><\/div><\/div><div class=\"n2-ss-slide-background\" data-public-id=\"23\" data-mode=\"fill\" aria-hidden=\"true\"><div class=\"n2-ss-slide-background-image\" data-blur=\"0\" data-opacity=\"100\" data-x=\"50\" data-y=\"50\" data-alt=\"\" data-title=\"\"><picture class=\"skip-lazy\" data-skip-lazy=\"1\"><img decoding=\"async\" src=\"\/\/www.galerie-bender.de\/wp-content\/uploads\/2025\/07\/Lechner_WVP-2006-8718.jpg\" alt=\"\" title=\"\" loading=\"lazy\" class=\"skip-lazy\" data-skip-lazy=\"1\"><\/picture><\/div><div data-color=\"RGBA(255,255,255,0)\" style=\"background-color: RGBA(255,255,255,0);\" class=\"n2-ss-slide-background-color\"><\/div><\/div><div class=\"n2-ss-slide-background\" data-public-id=\"24\" data-mode=\"fill\" aria-hidden=\"true\"><div class=\"n2-ss-slide-background-image\" data-blur=\"0\" data-opacity=\"100\" data-x=\"50\" data-y=\"50\" data-alt=\"\" data-title=\"\"><picture class=\"skip-lazy\" data-skip-lazy=\"1\"><img decoding=\"async\" src=\"\/\/www.galerie-bender.de\/wp-content\/uploads\/2025\/07\/Lechner_WVP-2006-8719.jpg\" alt=\"\" title=\"\" loading=\"lazy\" class=\"skip-lazy\" data-skip-lazy=\"1\"><\/picture><\/div><div data-color=\"RGBA(255,255,255,0)\" style=\"background-color: RGBA(255,255,255,0);\" class=\"n2-ss-slide-background-color\"><\/div><\/div><div class=\"n2-ss-slide-background\" data-public-id=\"25\" data-mode=\"fill\" aria-hidden=\"true\"><div class=\"n2-ss-slide-background-image\" data-blur=\"0\" data-opacity=\"100\" data-x=\"50\" data-y=\"50\" data-alt=\"\" data-title=\"\"><picture class=\"skip-lazy\" data-skip-lazy=\"1\"><img decoding=\"async\" src=\"\/\/www.galerie-bender.de\/wp-content\/uploads\/2025\/07\/Lechner_WVP-8349.jpg\" alt=\"\" title=\"\" loading=\"lazy\" class=\"skip-lazy\" data-skip-lazy=\"1\"><\/picture><\/div><div data-color=\"RGBA(255,255,255,0)\" style=\"background-color: RGBA(255,255,255,0);\" class=\"n2-ss-slide-background-color\"><\/div><\/div><div class=\"n2-ss-slide-background\" data-public-id=\"26\" data-mode=\"fill\" aria-hidden=\"true\"><div class=\"n2-ss-slide-background-image\" data-blur=\"0\" data-opacity=\"100\" data-x=\"50\" data-y=\"50\" data-alt=\"\" data-title=\"\"><picture class=\"skip-lazy\" data-skip-lazy=\"1\"><img decoding=\"async\" src=\"\/\/www.galerie-bender.de\/wp-content\/uploads\/2025\/07\/Lechner_WV-3375.jpg\" alt=\"\" title=\"\" loading=\"lazy\" class=\"skip-lazy\" data-skip-lazy=\"1\"><\/picture><\/div><div data-color=\"RGBA(255,255,255,0)\" style=\"background-color: RGBA(255,255,255,0);\" class=\"n2-ss-slide-background-color\"><\/div><\/div><div class=\"n2-ss-slide-background\" data-public-id=\"27\" data-mode=\"fill\" aria-hidden=\"true\"><div class=\"n2-ss-slide-background-image\" data-blur=\"0\" data-opacity=\"100\" data-x=\"50\" data-y=\"50\" data-alt=\"\" data-title=\"\"><picture class=\"skip-lazy\" data-skip-lazy=\"1\"><img decoding=\"async\" src=\"\/\/www.galerie-bender.de\/wp-content\/uploads\/2025\/07\/Lechner_WVP-3355.jpg\" alt=\"\" title=\"\" loading=\"lazy\" class=\"skip-lazy\" data-skip-lazy=\"1\"><\/picture><\/div><div data-color=\"RGBA(255,255,255,0)\" style=\"background-color: RGBA(255,255,255,0);\" class=\"n2-ss-slide-background-color\"><\/div><\/div><div class=\"n2-ss-slide-background\" data-public-id=\"28\" data-mode=\"fill\" aria-hidden=\"true\"><div class=\"n2-ss-slide-background-image\" data-blur=\"0\" data-opacity=\"100\" data-x=\"50\" data-y=\"50\" data-alt=\"\" data-title=\"\"><picture class=\"skip-lazy\" data-skip-lazy=\"1\"><img decoding=\"async\" src=\"\/\/www.galerie-bender.de\/wp-content\/uploads\/2025\/07\/Lechner_2025_Kreisteilung_Jubilaeumsdruck_2.jpg\" alt=\"\" title=\"\" loading=\"lazy\" class=\"skip-lazy\" data-skip-lazy=\"1\"><\/picture><\/div><div data-color=\"RGBA(255,255,255,0)\" style=\"background-color: RGBA(255,255,255,0);\" class=\"n2-ss-slide-background-color\"><\/div><\/div><div class=\"n2-ss-slide-background\" data-public-id=\"29\" data-mode=\"fill\" aria-hidden=\"true\"><div class=\"n2-ss-slide-background-image\" data-blur=\"0\" data-opacity=\"100\" data-x=\"50\" data-y=\"50\" data-alt=\"\" data-title=\"\"><picture class=\"skip-lazy\" data-skip-lazy=\"1\"><img decoding=\"async\" src=\"\/\/www.galerie-bender.de\/wp-content\/uploads\/2025\/05\/Stanke_TEIL_2025_Acryl-Nessel-Keilrahmen_80x80x20cm.jpg\" alt=\"\" title=\"\" loading=\"lazy\" class=\"skip-lazy\" data-skip-lazy=\"1\"><\/picture><\/div><div data-color=\"RGBA(255,255,255,0)\" style=\"background-color: RGBA(255,255,255,0);\" class=\"n2-ss-slide-background-color\"><\/div><\/div><div class=\"n2-ss-slide-background\" data-public-id=\"30\" data-mode=\"fill\" aria-hidden=\"true\"><div class=\"n2-ss-slide-background-image\" data-blur=\"0\" data-opacity=\"100\" data-x=\"50\" data-y=\"50\" data-alt=\"\" data-title=\"\"><picture class=\"skip-lazy\" data-skip-lazy=\"1\"><img decoding=\"async\" src=\"\/\/www.galerie-bender.de\/wp-content\/uploads\/2025\/07\/Stanke_TEIL_2025-01_AcrylLeinenKeilrahmen_60x60x5cm.jpg\" alt=\"\" title=\"\" loading=\"lazy\" class=\"skip-lazy\" data-skip-lazy=\"1\"><\/picture><\/div><div data-color=\"RGBA(255,255,255,0)\" style=\"background-color: RGBA(255,255,255,0);\" class=\"n2-ss-slide-background-color\"><\/div><\/div><div class=\"n2-ss-slide-background\" data-public-id=\"31\" data-mode=\"fill\" aria-hidden=\"true\"><div class=\"n2-ss-slide-background-image\" data-blur=\"0\" data-opacity=\"100\" data-x=\"50\" data-y=\"50\" data-alt=\"\" data-title=\"\"><picture class=\"skip-lazy\" data-skip-lazy=\"1\"><img decoding=\"async\" src=\"\/\/www.galerie-bender.de\/wp-content\/uploads\/2025\/07\/Stanke_TEIL_2025-03_AcrylNesselKeilrahmen_435x30x95cm.jpg\" alt=\"\" title=\"\" loading=\"lazy\" class=\"skip-lazy\" data-skip-lazy=\"1\"><\/picture><\/div><div data-color=\"RGBA(255,255,255,0)\" style=\"background-color: RGBA(255,255,255,0);\" class=\"n2-ss-slide-background-color\"><\/div><\/div><div class=\"n2-ss-slide-background\" data-public-id=\"32\" data-mode=\"fill\" aria-hidden=\"true\"><div class=\"n2-ss-slide-background-image\" data-blur=\"0\" data-opacity=\"100\" data-x=\"50\" data-y=\"50\" data-alt=\"\" data-title=\"\"><picture class=\"skip-lazy\" data-skip-lazy=\"1\"><img decoding=\"async\" src=\"\/\/www.galerie-bender.de\/wp-content\/uploads\/2025\/07\/Stanke_TEIL_2025-02_AcrylNesselKeilrahmen_435x12cm.jpg\" alt=\"\" title=\"\" loading=\"lazy\" class=\"skip-lazy\" data-skip-lazy=\"1\"><\/picture><\/div><div data-color=\"RGBA(255,255,255,0)\" style=\"background-color: RGBA(255,255,255,0);\" class=\"n2-ss-slide-background-color\"><\/div><\/div><div class=\"n2-ss-slide-background\" data-public-id=\"33\" data-mode=\"fill\" aria-hidden=\"true\"><div class=\"n2-ss-slide-background-image\" data-blur=\"0\" data-opacity=\"100\" data-x=\"50\" data-y=\"50\" data-alt=\"\" data-title=\"\"><picture class=\"skip-lazy\" data-skip-lazy=\"1\"><img decoding=\"async\" src=\"\/\/www.galerie-bender.de\/wp-content\/uploads\/2025\/07\/Stanke_TEIL_2025-04_AcrylNesselKeilrahmen_284x285cm.jpg\" alt=\"\" title=\"\" loading=\"lazy\" class=\"skip-lazy\" data-skip-lazy=\"1\"><\/picture><\/div><div data-color=\"RGBA(255,255,255,0)\" style=\"background-color: RGBA(255,255,255,0);\" class=\"n2-ss-slide-background-color\"><\/div><\/div><div class=\"n2-ss-slide-background\" data-public-id=\"34\" data-mode=\"fill\" aria-hidden=\"true\"><div class=\"n2-ss-slide-background-image\" data-blur=\"0\" data-opacity=\"100\" data-x=\"50\" data-y=\"50\" data-alt=\"\" data-title=\"\"><picture class=\"skip-lazy\" data-skip-lazy=\"1\"><img decoding=\"async\" src=\"\/\/www.galerie-bender.de\/wp-content\/uploads\/2024\/06\/Stanke_TEIL_2024-28-83x60x2cm_OelAcrylLeinenKeilrahmen.jpg\" alt=\"\" title=\"\" loading=\"lazy\" class=\"skip-lazy\" data-skip-lazy=\"1\"><\/picture><\/div><div data-color=\"RGBA(255,255,255,0)\" style=\"background-color: RGBA(255,255,255,0);\" class=\"n2-ss-slide-background-color\"><\/div><\/div><div class=\"n2-ss-slide-background\" data-public-id=\"35\" data-mode=\"fill\" aria-hidden=\"true\"><div class=\"n2-ss-slide-background-image\" data-blur=\"0\" data-opacity=\"100\" data-x=\"50\" data-y=\"50\" data-alt=\"\" data-title=\"\"><picture class=\"skip-lazy\" data-skip-lazy=\"1\"><img decoding=\"async\" src=\"\/\/www.galerie-bender.de\/wp-content\/uploads\/2025\/07\/Stanke_TEIL_2024-31_OelAcrylNesselKeilrahmen_62x62x25cm.jpg\" alt=\"\" title=\"\" loading=\"lazy\" class=\"skip-lazy\" data-skip-lazy=\"1\"><\/picture><\/div><div data-color=\"RGBA(255,255,255,0)\" style=\"background-color: RGBA(255,255,255,0);\" class=\"n2-ss-slide-background-color\"><\/div><\/div><div class=\"n2-ss-slide-background\" data-public-id=\"36\" data-mode=\"fill\" aria-hidden=\"true\"><div class=\"n2-ss-slide-background-image\" data-blur=\"0\" data-opacity=\"100\" data-x=\"50\" data-y=\"50\" data-alt=\"\" data-title=\"\"><picture class=\"skip-lazy\" data-skip-lazy=\"1\"><img decoding=\"async\" src=\"\/\/www.galerie-bender.de\/wp-content\/uploads\/2025\/05\/Stanke_TEIL_2024-17_685x63x2cm_AcrylNesselKeilrahmen.jpg\" alt=\"\" title=\"\" loading=\"lazy\" class=\"skip-lazy\" data-skip-lazy=\"1\"><\/picture><\/div><div data-color=\"RGBA(255,255,255,0)\" style=\"background-color: RGBA(255,255,255,0);\" class=\"n2-ss-slide-background-color\"><\/div><\/div><div class=\"n2-ss-slide-background\" data-public-id=\"37\" data-mode=\"fill\" aria-hidden=\"true\"><div class=\"n2-ss-slide-background-image\" data-blur=\"0\" data-opacity=\"100\" data-x=\"50\" data-y=\"50\" data-alt=\"\" data-title=\"\"><picture class=\"skip-lazy\" data-skip-lazy=\"1\"><img decoding=\"async\" src=\"\/\/www.galerie-bender.de\/wp-content\/uploads\/2025\/05\/Stanke_TEIL_2024-23_59x44x2cm_AcrylNesselKeilrahmen-freigestellt.jpg\" alt=\"\" title=\"\" loading=\"lazy\" class=\"skip-lazy\" data-skip-lazy=\"1\"><\/picture><\/div><div data-color=\"RGBA(255,255,255,0)\" style=\"background-color: RGBA(255,255,255,0);\" class=\"n2-ss-slide-background-color\"><\/div><\/div><div class=\"n2-ss-slide-background\" data-public-id=\"38\" data-mode=\"fill\" aria-hidden=\"true\"><div class=\"n2-ss-slide-background-image\" data-blur=\"0\" data-opacity=\"100\" data-x=\"50\" data-y=\"50\" data-alt=\"\" data-title=\"\"><picture class=\"skip-lazy\" data-skip-lazy=\"1\"><img decoding=\"async\" src=\"\/\/www.galerie-bender.de\/wp-content\/uploads\/2025\/05\/Stanke_TEIL_2024_45x45x2cm_AcrylNesselKeilrahmen.jpg\" alt=\"\" title=\"\" loading=\"lazy\" class=\"skip-lazy\" data-skip-lazy=\"1\"><\/picture><\/div><div data-color=\"RGBA(255,255,255,0)\" style=\"background-color: RGBA(255,255,255,0);\" class=\"n2-ss-slide-background-color\"><\/div><\/div><div class=\"n2-ss-slide-background\" data-public-id=\"39\" data-mode=\"fill\" aria-hidden=\"true\"><div class=\"n2-ss-slide-background-image\" data-blur=\"0\" data-opacity=\"100\" data-x=\"50\" data-y=\"50\" data-alt=\"\" data-title=\"\"><picture class=\"skip-lazy\" data-skip-lazy=\"1\"><img decoding=\"async\" src=\"\/\/www.galerie-bender.de\/wp-content\/uploads\/2025\/05\/Stanke_TEIL_2023_Acryl-Nessel-Keilrahmen_120x119x35cm.jpg\" alt=\"\" title=\"\" loading=\"lazy\" class=\"skip-lazy\" data-skip-lazy=\"1\"><\/picture><\/div><div data-color=\"RGBA(255,255,255,0)\" style=\"background-color: RGBA(255,255,255,0);\" class=\"n2-ss-slide-background-color\"><\/div><\/div><div class=\"n2-ss-slide-background\" data-public-id=\"40\" data-mode=\"fill\" aria-hidden=\"true\"><div class=\"n2-ss-slide-background-image\" data-blur=\"0\" data-opacity=\"100\" data-x=\"50\" data-y=\"50\" data-alt=\"\" data-title=\"\"><picture class=\"skip-lazy\" data-skip-lazy=\"1\"><img decoding=\"async\" src=\"\/\/www.galerie-bender.de\/wp-content\/uploads\/2025\/05\/Stanke_TEIL_2023_9-teilig_Acryl-Jute-Nessel-Keilrahmen-Keilhoelzer_170x25x33cm_Foto-Alf-Lechner-Museum2.jpg\" alt=\"\" title=\"\" loading=\"lazy\" class=\"skip-lazy\" data-skip-lazy=\"1\"><\/picture><\/div><div data-color=\"RGBA(255,255,255,0)\" style=\"background-color: RGBA(255,255,255,0);\" class=\"n2-ss-slide-background-color\"><\/div><\/div><div class=\"n2-ss-slide-background\" data-public-id=\"41\" data-mode=\"fill\" aria-hidden=\"true\"><div class=\"n2-ss-slide-background-image\" data-blur=\"0\" data-opacity=\"100\" data-x=\"50\" data-y=\"50\" data-alt=\"\" data-title=\"\"><picture class=\"skip-lazy\" data-skip-lazy=\"1\"><img decoding=\"async\" src=\"\/\/www.galerie-bender.de\/wp-content\/uploads\/2025\/05\/Stanke_TEIL_2023_Acryl-Leinen-Keilholz_126x100x25cm.jpg\" alt=\"\" title=\"\" loading=\"lazy\" class=\"skip-lazy\" data-skip-lazy=\"1\"><\/picture><\/div><div data-color=\"RGBA(255,255,255,0)\" style=\"background-color: RGBA(255,255,255,0);\" class=\"n2-ss-slide-background-color\"><\/div><\/div><div class=\"n2-ss-slide-background\" data-public-id=\"42\" data-mode=\"fill\" aria-hidden=\"true\"><div class=\"n2-ss-slide-background-image\" data-blur=\"0\" data-opacity=\"100\" data-x=\"50\" data-y=\"50\" data-alt=\"\" data-title=\"\"><picture class=\"skip-lazy\" data-skip-lazy=\"1\"><img decoding=\"async\" src=\"\/\/www.galerie-bender.de\/wp-content\/uploads\/2025\/05\/Stanke_TEIL_2023_Nessel-Keilholz_228x6x30cm_Foto-Alf-Lechner-Museum.jpg\" alt=\"\" title=\"\" loading=\"lazy\" class=\"skip-lazy\" data-skip-lazy=\"1\"><\/picture><\/div><div data-color=\"RGBA(255,255,255,0)\" style=\"background-color: RGBA(255,255,255,0);\" class=\"n2-ss-slide-background-color\"><\/div><\/div><div class=\"n2-ss-slide-background\" data-public-id=\"43\" data-mode=\"fill\" aria-hidden=\"true\"><div class=\"n2-ss-slide-background-image\" data-blur=\"0\" data-opacity=\"100\" data-x=\"50\" data-y=\"50\" data-alt=\"\" data-title=\"\"><picture class=\"skip-lazy\" data-skip-lazy=\"1\"><img decoding=\"async\" src=\"\/\/www.galerie-bender.de\/wp-content\/uploads\/2025\/07\/Stanke_TEIL_2023-02_AcrylLeinenKeilrahmen_86x50x25cm.jpg\" alt=\"\" title=\"\" loading=\"lazy\" class=\"skip-lazy\" data-skip-lazy=\"1\"><\/picture><\/div><div data-color=\"RGBA(255,255,255,0)\" style=\"background-color: RGBA(255,255,255,0);\" class=\"n2-ss-slide-background-color\"><\/div><\/div><div class=\"n2-ss-slide-background\" data-public-id=\"44\" data-mode=\"fill\" aria-hidden=\"true\"><div class=\"n2-ss-slide-background-image\" data-blur=\"0\" data-opacity=\"100\" data-x=\"50\" data-y=\"50\" data-alt=\"\" data-title=\"\"><picture class=\"skip-lazy\" data-skip-lazy=\"1\"><img decoding=\"async\" src=\"\/\/www.galerie-bender.de\/wp-content\/uploads\/2025\/07\/Stanke_TEIL_2023_Nessel-Keilrahmen-Rundholz_34x106x5cm_Foto-Alf-Lechner-Museum.jpg\" alt=\"\" title=\"\" loading=\"lazy\" class=\"skip-lazy\" data-skip-lazy=\"1\"><\/picture><\/div><div data-color=\"RGBA(255,255,255,0)\" style=\"background-color: RGBA(255,255,255,0);\" class=\"n2-ss-slide-background-color\"><\/div><\/div><div class=\"n2-ss-slide-background\" data-public-id=\"45\" data-mode=\"fill\" aria-hidden=\"true\"><div class=\"n2-ss-slide-background-image\" data-blur=\"0\" data-opacity=\"100\" data-x=\"50\" data-y=\"50\" data-alt=\"\" data-title=\"\"><picture class=\"skip-lazy\" data-skip-lazy=\"1\"><img decoding=\"async\" src=\"\/\/www.galerie-bender.de\/wp-content\/uploads\/2025\/05\/Stanke_TEIL_2021_148x144x2cm_Oel-Acryl-Nessel-Keilrahmen_Foto-Florian-Huth-Kopie.jpg\" alt=\"\" title=\"\" loading=\"lazy\" class=\"skip-lazy\" data-skip-lazy=\"1\"><\/picture><\/div><div data-color=\"RGBA(255,255,255,0)\" style=\"background-color: RGBA(255,255,255,0);\" class=\"n2-ss-slide-background-color\"><\/div><\/div><div class=\"n2-ss-slide-background\" data-public-id=\"46\" data-mode=\"fill\" aria-hidden=\"true\"><div class=\"n2-ss-slide-background-image\" data-blur=\"0\" data-opacity=\"100\" data-x=\"50\" data-y=\"50\" data-alt=\"\" data-title=\"\"><picture class=\"skip-lazy\" data-skip-lazy=\"1\"><img decoding=\"async\" src=\"\/\/www.galerie-bender.de\/wp-content\/uploads\/2025\/07\/Stanke_2012_Noppen_Schichtsiebdruck-auf-Papier_Unikat_60x40cm.jpg\" alt=\"\" title=\"\" loading=\"lazy\" class=\"skip-lazy\" data-skip-lazy=\"1\"><\/picture><\/div><div data-color=\"RGBA(255,255,255,0)\" style=\"background-color: RGBA(255,255,255,0);\" class=\"n2-ss-slide-background-color\"><\/div><\/div><\/div>                    <div class=\"n2-ss-slider-4 n2-ow\">\n                        <svg xmlns=\"http:\/\/www.w3.org\/2000\/svg\" viewBox=\"0 0 1920 800\" data-related-device=\"desktopPortrait\" class=\"n2-ow n2-ss-preserve-size n2-ss-preserve-size--slider n2-ss-slide-limiter\"><\/svg><div data-first=\"1\" data-slide-duration=\"0\" data-id=\"4675\" data-slide-public-id=\"1\" data-title=\"ZWEI GENERATIONEN KONKRET. Alf Lechner - Marco Stanke. Ausstellungsansicht Galerie Renate Bender, 2025\" class=\"n2-ss-slide n2-ow  n2-ss-slide-4675\"><div role=\"note\" class=\"n2-ss-slide--focus\" tabindex=\"-1\">ZWEI GENERATIONEN KONKRET. Alf Lechner &#8211; Marco Stanke. Ausstellungsansicht Galerie Renate Bender, 2025<\/div><div class=\"n2-ss-layers-container n2-ss-slide-limiter n2-ow\"><div class=\"n2-ss-layer n2-ow n-uc-GLbl9QaCVOJF\" data-sstype=\"slide\" data-pm=\"default\"><\/div><\/div><\/div><div data-slide-duration=\"0\" data-id=\"4680\" data-slide-public-id=\"2\" aria-hidden=\"true\" data-title=\"ZWEI GENERATIONEN KONKRET. Alf Lechner - Marco Stanke. Ausstellungsansicht Galerie Renate Bender, 2025\" class=\"n2-ss-slide n2-ow  n2-ss-slide-4680\"><div role=\"note\" class=\"n2-ss-slide--focus\" tabindex=\"-1\">ZWEI GENERATIONEN KONKRET. Alf Lechner &#8211; Marco Stanke. Ausstellungsansicht Galerie Renate Bender, 2025<\/div><div class=\"n2-ss-layers-container n2-ss-slide-limiter n2-ow\"><div class=\"n2-ss-layer n2-ow n-uc-FrbOQuZlukIB\" data-sstype=\"slide\" data-pm=\"default\"><\/div><\/div><\/div><div data-slide-duration=\"0\" data-id=\"4676\" data-slide-public-id=\"3\" aria-hidden=\"true\" data-title=\"ZWEI GENERATIONEN KONKRET. Alf Lechner - Marco Stanke. Ausstellungsansicht Galerie Renate Bender, 2025\" class=\"n2-ss-slide n2-ow  n2-ss-slide-4676\"><div role=\"note\" class=\"n2-ss-slide--focus\" tabindex=\"-1\">ZWEI GENERATIONEN KONKRET. Alf Lechner &#8211; Marco Stanke. Ausstellungsansicht Galerie Renate Bender, 2025<\/div><div class=\"n2-ss-layers-container n2-ss-slide-limiter n2-ow\"><div class=\"n2-ss-layer n2-ow n-uc-YuM5Y2H8hn3v\" data-sstype=\"slide\" data-pm=\"default\"><\/div><\/div><\/div><div data-slide-duration=\"0\" data-id=\"4677\" data-slide-public-id=\"4\" aria-hidden=\"true\" data-title=\"ZWEI GENERATIONEN KONKRET. Alf Lechner - Marco Stanke. Ausstellungsansicht Galerie Renate Bender, 2025\" class=\"n2-ss-slide n2-ow  n2-ss-slide-4677\"><div role=\"note\" class=\"n2-ss-slide--focus\" tabindex=\"-1\">ZWEI GENERATIONEN KONKRET. Alf Lechner &#8211; Marco Stanke. Ausstellungsansicht Galerie Renate Bender, 2025<\/div><div class=\"n2-ss-layers-container n2-ss-slide-limiter n2-ow\"><div class=\"n2-ss-layer n2-ow n-uc-eC5ko4s2CPtb\" data-sstype=\"slide\" data-pm=\"default\"><\/div><\/div><\/div><div data-slide-duration=\"0\" data-id=\"4683\" data-slide-public-id=\"5\" aria-hidden=\"true\" data-title=\"ZWEI GENERATIONEN KONKRET. Alf Lechner - Marco Stanke. Ausstellungsansicht Galerie Renate Bender, 2025\" class=\"n2-ss-slide n2-ow  n2-ss-slide-4683\"><div role=\"note\" class=\"n2-ss-slide--focus\" tabindex=\"-1\">ZWEI GENERATIONEN KONKRET. Alf Lechner &#8211; Marco Stanke. Ausstellungsansicht Galerie Renate Bender, 2025<\/div><div class=\"n2-ss-layers-container n2-ss-slide-limiter n2-ow\"><div class=\"n2-ss-layer n2-ow n-uc-TlSZAht20x9y\" data-sstype=\"slide\" data-pm=\"default\"><\/div><\/div><\/div><div data-slide-duration=\"0\" data-id=\"4681\" data-slide-public-id=\"6\" aria-hidden=\"true\" data-title=\"ZWEI GENERATIONEN KONKRET. Alf Lechner - Marco Stanke. Ausstellungsansicht Galerie Renate Bender, 2025\" class=\"n2-ss-slide n2-ow  n2-ss-slide-4681\"><div role=\"note\" class=\"n2-ss-slide--focus\" tabindex=\"-1\">ZWEI GENERATIONEN KONKRET. Alf Lechner &#8211; Marco Stanke. Ausstellungsansicht Galerie Renate Bender, 2025<\/div><div class=\"n2-ss-layers-container n2-ss-slide-limiter n2-ow\"><div class=\"n2-ss-layer n2-ow n-uc-ZZVuFGnHTaD9\" data-sstype=\"slide\" data-pm=\"default\"><\/div><\/div><\/div><div data-slide-duration=\"0\" data-id=\"4678\" data-slide-public-id=\"7\" aria-hidden=\"true\" data-title=\"ZWEI GENERATIONEN KONKRET. Alf Lechner - Marco Stanke. Ausstellungsansicht Galerie Renate Bender, 2025\" class=\"n2-ss-slide n2-ow  n2-ss-slide-4678\"><div role=\"note\" class=\"n2-ss-slide--focus\" tabindex=\"-1\">ZWEI GENERATIONEN KONKRET. Alf Lechner &#8211; Marco Stanke. Ausstellungsansicht Galerie Renate Bender, 2025<\/div><div class=\"n2-ss-layers-container n2-ss-slide-limiter n2-ow\"><div class=\"n2-ss-layer n2-ow n-uc-jcmSCRyMbPcU\" data-sstype=\"slide\" data-pm=\"default\"><\/div><\/div><\/div><div data-slide-duration=\"0\" data-id=\"4682\" data-slide-public-id=\"8\" aria-hidden=\"true\" data-title=\"ZWEI GENERATIONEN KONKRET. Alf Lechner - Marco Stanke. Ausstellungsansicht Galerie Renate Bender, 2025\" class=\"n2-ss-slide n2-ow  n2-ss-slide-4682\"><div role=\"note\" class=\"n2-ss-slide--focus\" tabindex=\"-1\">ZWEI GENERATIONEN KONKRET. Alf Lechner &#8211; Marco Stanke. Ausstellungsansicht Galerie Renate Bender, 2025<\/div><div class=\"n2-ss-layers-container n2-ss-slide-limiter n2-ow\"><div class=\"n2-ss-layer n2-ow n-uc-9UaVm8hPqBPu\" data-sstype=\"slide\" data-pm=\"default\"><\/div><\/div><\/div><div data-slide-duration=\"0\" data-id=\"4679\" data-slide-public-id=\"9\" aria-hidden=\"true\" data-title=\"ZWEI GENERATIONEN KONKRET. Alf Lechner - Marco Stanke. Ausstellungsansicht Galerie Renate Bender, 2025\" class=\"n2-ss-slide n2-ow  n2-ss-slide-4679\"><div role=\"note\" class=\"n2-ss-slide--focus\" tabindex=\"-1\">ZWEI GENERATIONEN KONKRET. Alf Lechner &#8211; Marco Stanke. Ausstellungsansicht Galerie Renate Bender, 2025<\/div><div class=\"n2-ss-layers-container n2-ss-slide-limiter n2-ow\"><div class=\"n2-ss-layer n2-ow n-uc-kHW6l6SMljW5\" data-sstype=\"slide\" data-pm=\"default\"><\/div><\/div><\/div><div data-slide-duration=\"0\" data-id=\"4684\" data-slide-public-id=\"10\" aria-hidden=\"true\" data-title=\"ZWEI GENERATIONEN KONKRET. Alf Lechner - Marco Stanke. Ausstellungsansicht Galerie Renate Bender, 2025\" class=\"n2-ss-slide n2-ow  n2-ss-slide-4684\"><div role=\"note\" class=\"n2-ss-slide--focus\" tabindex=\"-1\">ZWEI GENERATIONEN KONKRET. Alf Lechner &#8211; Marco Stanke. Ausstellungsansicht Galerie Renate Bender, 2025<\/div><div class=\"n2-ss-layers-container n2-ss-slide-limiter n2-ow\"><div class=\"n2-ss-layer n2-ow n-uc-i4ef2oFnDUAp\" data-sstype=\"slide\" data-pm=\"default\"><\/div><\/div><\/div><div data-slide-duration=\"0\" data-id=\"4685\" data-slide-public-id=\"11\" aria-hidden=\"true\" data-title=\"ZWEI GENERATIONEN KONKRET. Alf Lechner - Marco Stanke. Ausstellungsansicht Galerie Renate Bender, 2025\" class=\"n2-ss-slide n2-ow  n2-ss-slide-4685\"><div role=\"note\" class=\"n2-ss-slide--focus\" tabindex=\"-1\">ZWEI GENERATIONEN KONKRET. Alf Lechner &#8211; Marco Stanke. Ausstellungsansicht Galerie Renate Bender, 2025<\/div><div class=\"n2-ss-layers-container n2-ss-slide-limiter n2-ow\"><div class=\"n2-ss-layer n2-ow n-uc-SvtZQYEbwYrT\" data-sstype=\"slide\" data-pm=\"default\"><\/div><\/div><\/div><div data-slide-duration=\"0\" data-id=\"4686\" data-slide-public-id=\"12\" aria-hidden=\"true\" data-title=\"ZWEI GENERATIONEN KONKRET. Alf Lechner - Marco Stanke. Ausstellungsansicht Galerie Renate Bender, 2025\" class=\"n2-ss-slide n2-ow  n2-ss-slide-4686\"><div role=\"note\" class=\"n2-ss-slide--focus\" tabindex=\"-1\">ZWEI GENERATIONEN KONKRET. Alf Lechner &#8211; Marco Stanke. Ausstellungsansicht Galerie Renate Bender, 2025<\/div><div class=\"n2-ss-layers-container n2-ss-slide-limiter n2-ow\"><div class=\"n2-ss-layer n2-ow n-uc-DHhuky9yCJII\" data-sstype=\"slide\" data-pm=\"default\"><\/div><\/div><\/div><div data-slide-duration=\"0\" data-id=\"4483\" data-slide-public-id=\"13\" aria-hidden=\"true\" data-title=\"Alf Lechner, Konstellation (WV 570 A 1\/5) \u2013 1996\/2016, Stahl massive, gewalzt, gebrannt, 37,5 x 45 x 30,7 cm, Auflage 5 Exemplare\" class=\"n2-ss-slide n2-ow  n2-ss-slide-4483\"><div role=\"note\" class=\"n2-ss-slide--focus\" tabindex=\"-1\">Alf Lechner, Konstellation (WV 570 A 1\/5) \u2013 1996\/2016, Stahl massive, gewalzt, gebrannt, 37,5 x 45 x 30,7 cm, Auflage 5 Exemplare<\/div><div class=\"n2-ss-layers-container n2-ss-slide-limiter n2-ow\"><div class=\"n2-ss-layer n2-ow n-uc-KMaF81UnEN4q\" data-sstype=\"slide\" data-pm=\"default\"><\/div><\/div><\/div><div data-slide-duration=\"0\" data-id=\"4557\" data-slide-public-id=\"14\" aria-hidden=\"true\" data-title=\"Alf Lechner, Wand-Boden-Anordnung (WV 496 A, Wand-Bogen-St\u00fcck) \u2013 1992, Stahl massive, 32,5 x 65 x 32,5 cm, 140 kg\" class=\"n2-ss-slide n2-ow  n2-ss-slide-4557\"><div role=\"note\" class=\"n2-ss-slide--focus\" tabindex=\"-1\">Alf Lechner, Wand-Boden-Anordnung (WV 496 A, Wand-Bogen-St\u00fcck) \u2013 1992, Stahl massive, 32,5 x 65 x 32,5 cm, 140 kg<\/div><div class=\"n2-ss-layers-container n2-ss-slide-limiter n2-ow\"><div class=\"n2-ss-layer n2-ow n-uc-I8Jd0PYRK8yG\" data-sstype=\"slide\" data-pm=\"default\"><\/div><\/div><\/div><div data-slide-duration=\"0\" data-id=\"4550\" data-slide-public-id=\"15\" aria-hidden=\"true\" data-title=\"Alf Lechner, Wand-Boden-Anordnung (WV 831, Kalotte) \u2013 1992, Stahl massive, geschmiedet, ges\u00e4gt, H. 9 cm, D. 57 cm\" class=\"n2-ss-slide n2-ow  n2-ss-slide-4550\"><div role=\"note\" class=\"n2-ss-slide--focus\" tabindex=\"-1\">Alf Lechner, Wand-Boden-Anordnung (WV 831, Kalotte) \u2013 1992, Stahl massive, geschmiedet, ges\u00e4gt, H. 9 cm, D. 57 cm<\/div><div class=\"n2-ss-layers-container n2-ss-slide-limiter n2-ow\"><div class=\"n2-ss-layer n2-ow n-uc-AxvQ9dCOCz69\" data-sstype=\"slide\" data-pm=\"default\"><\/div><\/div><\/div><div data-slide-duration=\"0\" data-id=\"4486\" data-slide-public-id=\"16\" aria-hidden=\"true\" data-title=\"Alf Lechner, Kleine W\u00fcrfekanten - Subtraktion (WV 476 1\/16) \u2013 1991, Stahl massiv, geschmiedet, rosfrei, in drei Dimensionen gefr\u00e4st, 16 x 16 x 16 cm, Auflage 16 Exemplare\" class=\"n2-ss-slide n2-ow  n2-ss-slide-4486\"><div role=\"note\" class=\"n2-ss-slide--focus\" tabindex=\"-1\">Alf Lechner, Kleine W\u00fcrfekanten &#8211; Subtraktion (WV 476 1\/16) \u2013 1991, Stahl massiv, geschmiedet, rosfrei, in drei Dimensionen gefr\u00e4st, 16 x 16 x 16 cm, Auflage 16 Exemplare<\/div><div class=\"n2-ss-layers-container n2-ss-slide-limiter n2-ow\"><div class=\"n2-ss-layer n2-ow n-uc-pgyXc0PK7rI5\" data-sstype=\"slide\" data-pm=\"default\"><\/div><\/div><\/div><div data-slide-duration=\"0\" data-id=\"4482\" data-slide-public-id=\"17\" aria-hidden=\"true\" data-title=\"Alf Lechner, Wand-Boden-St\u00fcck (WV 376) \u2013 1986, Stahl massive, geschmiedet, ges\u00e4gt, 17 x 64 x 30 cm\" class=\"n2-ss-slide n2-ow  n2-ss-slide-4482\"><div role=\"note\" class=\"n2-ss-slide--focus\" tabindex=\"-1\">Alf Lechner, Wand-Boden-St\u00fcck (WV 376) \u2013 1986, Stahl massive, geschmiedet, ges\u00e4gt, 17 x 64 x 30 cm<\/div><div class=\"n2-ss-layers-container n2-ss-slide-limiter n2-ow\"><div class=\"n2-ss-layer n2-ow n-uc-URuYjeqXwT83\" data-sstype=\"slide\" data-pm=\"default\"><\/div><\/div><\/div><div data-slide-duration=\"0\" data-id=\"4485\" data-slide-public-id=\"18\" aria-hidden=\"true\" data-title=\"Alf Lechner, 18 \/ 71 (WV 103) \u2013 1971, Starkwandiges Vierkantstahlrohr, polyesterbeschiechtet, 25,5 x 25,5 x 112 cm\" class=\"n2-ss-slide n2-ow  n2-ss-slide-4485\"><div role=\"note\" class=\"n2-ss-slide--focus\" tabindex=\"-1\">Alf Lechner, 18 \/ 71 (WV 103) \u2013 1971, Starkwandiges Vierkantstahlrohr, polyesterbeschiechtet, 25,5 x 25,5 x 112 cm<\/div><div class=\"n2-ss-layers-container n2-ss-slide-limiter n2-ow\"><div class=\"n2-ss-layer n2-ow n-uc-VLbATAU5dXyt\" data-sstype=\"slide\" data-pm=\"default\"><\/div><\/div><\/div><div data-slide-duration=\"0\" data-id=\"4484\" data-slide-public-id=\"19\" aria-hidden=\"true\" data-title=\"Alf Lechner, Kreisfl\u00e4chenaufl\u00f6sung (WVP 1995-8667 2\/10) \u2013 1995, Radierung auf B\u00fctten, 106 x 75 cm, Auflage 10 Exemplare\" class=\"n2-ss-slide n2-ow  n2-ss-slide-4484\"><div role=\"note\" class=\"n2-ss-slide--focus\" tabindex=\"-1\">Alf Lechner, Kreisfl\u00e4chenaufl\u00f6sung (WVP 1995-8667 2\/10) \u2013 1995, Radierung auf B\u00fctten, 106 x 75 cm, Auflage 10 Exemplare<\/div><div class=\"n2-ss-layers-container n2-ss-slide-limiter n2-ow\"><div class=\"n2-ss-layer n2-ow n-uc-zKaSsE6h8g5o\" data-sstype=\"slide\" data-pm=\"default\"><\/div><\/div><\/div><div data-slide-duration=\"0\" data-id=\"4551\" data-slide-public-id=\"20\" aria-hidden=\"true\" data-title=\"Alf Lechner, Ohne Titel (WVP 2006-8715) \u2013 2006, Zeichnung, gerahmt, 15,7 x 22,3 cm\" class=\"n2-ss-slide n2-ow  n2-ss-slide-4551\"><div role=\"note\" class=\"n2-ss-slide--focus\" tabindex=\"-1\">Alf Lechner, Ohne Titel (WVP 2006-8715) \u2013 2006, Zeichnung, gerahmt, 15,7 x 22,3 cm<\/div><div class=\"n2-ss-layers-container n2-ss-slide-limiter n2-ow\"><div class=\"n2-ss-layer n2-ow n-uc-qxmhBswr93Ka\" data-sstype=\"slide\" data-pm=\"default\"><\/div><\/div><\/div><div data-slide-duration=\"0\" data-id=\"4552\" data-slide-public-id=\"21\" aria-hidden=\"true\" data-title=\"Alf Lechner, Ohne Titel (WVP 2006-8716) \u2013 2006, Zeichnung, gerahmt, 16 x 22,9 cm\" class=\"n2-ss-slide n2-ow  n2-ss-slide-4552\"><div role=\"note\" class=\"n2-ss-slide--focus\" tabindex=\"-1\">Alf Lechner, Ohne Titel (WVP 2006-8716) \u2013 2006, Zeichnung, gerahmt, 16 x 22,9 cm<\/div><div class=\"n2-ss-layers-container n2-ss-slide-limiter n2-ow\"><div class=\"n2-ss-layer n2-ow n-uc-UBBgYUvx4PlF\" data-sstype=\"slide\" data-pm=\"default\"><\/div><\/div><\/div><div data-slide-duration=\"0\" data-id=\"4553\" data-slide-public-id=\"22\" aria-hidden=\"true\" data-title=\"Alf Lechner, Ohne Titel (WVP 2006-8717) \u2013 2006, Zeichnung, gerahmt, 20,9 x 14,9 cm\" class=\"n2-ss-slide n2-ow  n2-ss-slide-4553\"><div role=\"note\" class=\"n2-ss-slide--focus\" tabindex=\"-1\">Alf Lechner, Ohne Titel (WVP 2006-8717) \u2013 2006, Zeichnung, gerahmt, 20,9 x 14,9 cm<\/div><div class=\"n2-ss-layers-container n2-ss-slide-limiter n2-ow\"><div class=\"n2-ss-layer n2-ow n-uc-gO59ynEOc2ZB\" data-sstype=\"slide\" data-pm=\"default\"><\/div><\/div><\/div><div data-slide-duration=\"0\" data-id=\"4554\" data-slide-public-id=\"23\" aria-hidden=\"true\" data-title=\"Alf Lechner, Ohne Titel (WVP 2006-8718) \u2013 2006, Zeichnung, gerahmt, 22 x 14,9 cm\" class=\"n2-ss-slide n2-ow  n2-ss-slide-4554\"><div role=\"note\" class=\"n2-ss-slide--focus\" tabindex=\"-1\">Alf Lechner, Ohne Titel (WVP 2006-8718) \u2013 2006, Zeichnung, gerahmt, 22 x 14,9 cm<\/div><div class=\"n2-ss-layers-container n2-ss-slide-limiter n2-ow\"><div class=\"n2-ss-layer n2-ow n-uc-viA8RPSy5oOz\" data-sstype=\"slide\" data-pm=\"default\"><\/div><\/div><\/div><div data-slide-duration=\"0\" data-id=\"4555\" data-slide-public-id=\"24\" aria-hidden=\"true\" data-title=\"Alf Lechner, Ohne Titel (WVP 2006-8719) \u2013 2006, Zeichnung, gerahmt, 14,9 x 21 cm\" class=\"n2-ss-slide n2-ow  n2-ss-slide-4555\"><div role=\"note\" class=\"n2-ss-slide--focus\" tabindex=\"-1\">Alf Lechner, Ohne Titel (WVP 2006-8719) \u2013 2006, Zeichnung, gerahmt, 14,9 x 21 cm<\/div><div class=\"n2-ss-layers-container n2-ss-slide-limiter n2-ow\"><div class=\"n2-ss-layer n2-ow n-uc-pQ9ohiEqtywE\" data-sstype=\"slide\" data-pm=\"default\"><\/div><\/div><\/div><div data-slide-duration=\"0\" data-id=\"4556\" data-slide-public-id=\"25\" aria-hidden=\"true\" data-title=\"Alf Lechner, Kreisaufl\u00f6sung (WVP 2004-8349) \u2013 2004, Graphit auf B\u00fctten, gerahmt, 123 x 123 cm\" class=\"n2-ss-slide n2-ow  n2-ss-slide-4556\"><div role=\"note\" class=\"n2-ss-slide--focus\" tabindex=\"-1\">Alf Lechner, Kreisaufl\u00f6sung (WVP 2004-8349) \u2013 2004, Graphit auf B\u00fctten, gerahmt, 123 x 123 cm<\/div><div class=\"n2-ss-layers-container n2-ss-slide-limiter n2-ow\"><div class=\"n2-ss-layer n2-ow n-uc-ZG7q1GyBYdvZ\" data-sstype=\"slide\" data-pm=\"default\"><\/div><\/div><\/div><div data-slide-duration=\"0\" data-id=\"4548\" data-slide-public-id=\"26\" aria-hidden=\"true\" data-title=\"Alf Lechner, Funkenflug (WVP 1991-3375) \u2013 1991, Graphit auf Papier, gerahmt, 18,9 x 20,6 cm\" class=\"n2-ss-slide n2-ow  n2-ss-slide-4548\"><div role=\"note\" class=\"n2-ss-slide--focus\" tabindex=\"-1\">Alf Lechner, Funkenflug (WVP 1991-3375) \u2013 1991, Graphit auf Papier, gerahmt, 18,9 x 20,6 cm<\/div><div class=\"n2-ss-layers-container n2-ss-slide-limiter n2-ow\"><div class=\"n2-ss-layer n2-ow n-uc-2UQQvilkQYq8\" data-sstype=\"slide\" data-pm=\"default\"><\/div><\/div><\/div><div data-slide-duration=\"0\" data-id=\"4549\" data-slide-public-id=\"27\" aria-hidden=\"true\" data-title=\"Alf Lechner, Funkenflug (WVP 1991-3355) \u2013 1991, Graphit auf Papier, gerahmt, 18,9 x 20,6 cm\" class=\"n2-ss-slide n2-ow  n2-ss-slide-4549\"><div role=\"note\" class=\"n2-ss-slide--focus\" tabindex=\"-1\">Alf Lechner, Funkenflug (WVP 1991-3355) \u2013 1991, Graphit auf Papier, gerahmt, 18,9 x 20,6 cm<\/div><div class=\"n2-ss-layers-container n2-ss-slide-limiter n2-ow\"><div class=\"n2-ss-layer n2-ow n-uc-E6lugRJK7bEO\" data-sstype=\"slide\" data-pm=\"default\"><\/div><\/div><\/div><div data-slide-duration=\"0\" data-id=\"4547\" data-slide-public-id=\"28\" aria-hidden=\"true\" data-title=\"Alf Lechner, Kreisteilung (Jubil\u00e4umsdruck) \u2013 2025, Radierung, Papier von Hand gesch\u00f6pft, 36,5 x 44,5 cm, Auflage 4\/100\" class=\"n2-ss-slide n2-ow  n2-ss-slide-4547\"><div role=\"note\" class=\"n2-ss-slide--focus\" tabindex=\"-1\">Alf Lechner, Kreisteilung (Jubil\u00e4umsdruck) \u2013 2025, Radierung, Papier von Hand gesch\u00f6pft, 36,5 x 44,5 cm, Auflage 4\/100<\/div><div class=\"n2-ss-layers-container n2-ss-slide-limiter n2-ow\"><div class=\"n2-ss-layer n2-ow n-uc-IEs3u7PKEl8Z\" data-sstype=\"slide\" data-pm=\"default\"><\/div><\/div><\/div><div data-slide-duration=\"0\" data-id=\"4462\" data-slide-public-id=\"29\" aria-hidden=\"true\" data-title=\"Marco Stanke, Teil aus Kollektiv \u2013 2025, Acryl, Nessel, Keilrahmen, 80 x 80 x 20 cm\" class=\"n2-ss-slide n2-ow  n2-ss-slide-4462\"><div role=\"note\" class=\"n2-ss-slide--focus\" tabindex=\"-1\">Marco Stanke, Teil aus Kollektiv \u2013 2025, Acryl, Nessel, Keilrahmen, 80 x 80 x 20 cm<\/div><div class=\"n2-ss-layers-container n2-ss-slide-limiter n2-ow\"><div class=\"n2-ss-layer n2-ow n-uc-FUeOTQBgib50\" data-sstype=\"slide\" data-pm=\"default\"><\/div><\/div><\/div><div data-slide-duration=\"0\" data-id=\"4512\" data-slide-public-id=\"30\" aria-hidden=\"true\" data-title=\"Marco Stanke, Teil aus Kollektiv \u2013 2025, Acryl, Leinen, Keilrahmen, 60 x 60 x 5 cm\" class=\"n2-ss-slide n2-ow  n2-ss-slide-4512\"><div role=\"note\" class=\"n2-ss-slide--focus\" tabindex=\"-1\">Marco Stanke, Teil aus Kollektiv \u2013 2025, Acryl, Leinen, Keilrahmen, 60 x 60 x 5 cm<\/div><div class=\"n2-ss-layers-container n2-ss-slide-limiter n2-ow\"><div class=\"n2-ss-layer n2-ow n-uc-CWTyVEG60eSq\" data-sstype=\"slide\" data-pm=\"default\"><\/div><\/div><\/div><div data-slide-duration=\"0\" data-id=\"4514\" data-slide-public-id=\"31\" aria-hidden=\"true\" data-title=\"Marco Stanke, Teil aus Kollektiv \u2013 2025, Acryl, Nessel, Keilrahmen, 43,5 x 30 x 9,5 cm\" class=\"n2-ss-slide n2-ow  n2-ss-slide-4514\"><div role=\"note\" class=\"n2-ss-slide--focus\" tabindex=\"-1\">Marco Stanke, Teil aus Kollektiv \u2013 2025, Acryl, Nessel, Keilrahmen, 43,5 x 30 x 9,5 cm<\/div><div class=\"n2-ss-layers-container n2-ss-slide-limiter n2-ow\"><div class=\"n2-ss-layer n2-ow n-uc-2W9jFQdYpiQS\" data-sstype=\"slide\" data-pm=\"default\"><\/div><\/div><\/div><div data-slide-duration=\"0\" data-id=\"4513\" data-slide-public-id=\"32\" aria-hidden=\"true\" data-title=\"Marco Stanke, Teil aus Kollektiv \u2013 2025, Acryl, Nessel, Keilrahmen, 43,5 x 12 x 2,5 cm\" class=\"n2-ss-slide n2-ow  n2-ss-slide-4513\"><div role=\"note\" class=\"n2-ss-slide--focus\" tabindex=\"-1\">Marco Stanke, Teil aus Kollektiv \u2013 2025, Acryl, Nessel, Keilrahmen, 43,5 x 12 x 2,5 cm<\/div><div class=\"n2-ss-layers-container n2-ss-slide-limiter n2-ow\"><div class=\"n2-ss-layer n2-ow n-uc-anTxhlgg6jvS\" data-sstype=\"slide\" data-pm=\"default\"><\/div><\/div><\/div><div data-slide-duration=\"0\" data-id=\"4515\" data-slide-public-id=\"33\" aria-hidden=\"true\" data-title=\"Marco Stanke, Teil aus Kollektiv \u2013 2025, Acryl, Nessel, Keilrahmen, 28,5 x 28,5 x 2 cm\" class=\"n2-ss-slide n2-ow  n2-ss-slide-4515\"><div role=\"note\" class=\"n2-ss-slide--focus\" tabindex=\"-1\">Marco Stanke, Teil aus Kollektiv \u2013 2025, Acryl, Nessel, Keilrahmen, 28,5 x 28,5 x 2 cm<\/div><div class=\"n2-ss-layers-container n2-ss-slide-limiter n2-ow\"><div class=\"n2-ss-layer n2-ow n-uc-ez17CRb6csND\" data-sstype=\"slide\" data-pm=\"default\"><\/div><\/div><\/div><div data-slide-duration=\"0\" data-id=\"4507\" data-slide-public-id=\"34\" aria-hidden=\"true\" data-title=\"Marco Stanke, Teil aus Kollektiv \u2013 2024, \u00d6l, Acryl, Leinen, Keilrahmen, 83 x 60 x 2 cm\" class=\"n2-ss-slide n2-ow  n2-ss-slide-4507\"><div role=\"note\" class=\"n2-ss-slide--focus\" tabindex=\"-1\">Marco Stanke, Teil aus Kollektiv \u2013 2024, \u00d6l, Acryl, Leinen, Keilrahmen, 83 x 60 x 2 cm<\/div><div class=\"n2-ss-layers-container n2-ss-slide-limiter n2-ow\"><div class=\"n2-ss-layer n2-ow n-uc-Ue22uj0D5q00\" data-sstype=\"slide\" data-pm=\"default\"><\/div><\/div><\/div><div data-slide-duration=\"0\" data-id=\"4511\" data-slide-public-id=\"35\" aria-hidden=\"true\" data-title=\"Marco Stanke, Teil aus Kollektiv \u2013 2024, \u00d6l, Acryl, Nessel, Keilrahmen, 62 x 62 x 2,5 cm\" class=\"n2-ss-slide n2-ow  n2-ss-slide-4511\"><div role=\"note\" class=\"n2-ss-slide--focus\" tabindex=\"-1\">Marco Stanke, Teil aus Kollektiv \u2013 2024, \u00d6l, Acryl, Nessel, Keilrahmen, 62 x 62 x 2,5 cm<\/div><div class=\"n2-ss-layers-container n2-ss-slide-limiter n2-ow\"><div class=\"n2-ss-layer n2-ow n-uc-t8DFA5BXjsdt\" data-sstype=\"slide\" data-pm=\"default\"><\/div><\/div><\/div><div data-slide-duration=\"0\" data-id=\"4460\" data-slide-public-id=\"36\" aria-hidden=\"true\" data-title=\"Marco Stanke, Teil aus Kollektiv \u2013 2024, Acryl, Nessel, Keilrahmen, 68,5 x 63 x 2 cm\" class=\"n2-ss-slide n2-ow  n2-ss-slide-4460\"><div role=\"note\" class=\"n2-ss-slide--focus\" tabindex=\"-1\">Marco Stanke, Teil aus Kollektiv \u2013 2024, Acryl, Nessel, Keilrahmen, 68,5 x 63 x 2 cm<\/div><div class=\"n2-ss-layers-container n2-ss-slide-limiter n2-ow\"><div class=\"n2-ss-layer n2-ow n-uc-BbthSlZbCLsr\" data-sstype=\"slide\" data-pm=\"default\"><\/div><\/div><\/div><div data-slide-duration=\"0\" data-id=\"4461\" data-slide-public-id=\"37\" aria-hidden=\"true\" data-title=\"Marco Stanke, Teil aus Kollektiv \u2013 2024, Acryl, Nessel, Keilrahmen, 59 x 44 x 2 cm\" class=\"n2-ss-slide n2-ow  n2-ss-slide-4461\"><div role=\"note\" class=\"n2-ss-slide--focus\" tabindex=\"-1\">Marco Stanke, Teil aus Kollektiv \u2013 2024, Acryl, Nessel, Keilrahmen, 59 x 44 x 2 cm<\/div><div class=\"n2-ss-layers-container n2-ss-slide-limiter n2-ow\"><div class=\"n2-ss-layer n2-ow n-uc-APoT9tmAIHas\" data-sstype=\"slide\" data-pm=\"default\"><\/div><\/div><\/div><div data-slide-duration=\"0\" data-id=\"4459\" data-slide-public-id=\"38\" aria-hidden=\"true\" data-title=\"Marco Stanke, Teil aus Kollektiv \u2013 2024, Acryl, Nessel, Keilrahmen, 45 x 45 x 2 cm\" class=\"n2-ss-slide n2-ow  n2-ss-slide-4459\"><div role=\"note\" class=\"n2-ss-slide--focus\" tabindex=\"-1\">Marco Stanke, Teil aus Kollektiv \u2013 2024, Acryl, Nessel, Keilrahmen, 45 x 45 x 2 cm<\/div><div class=\"n2-ss-layers-container n2-ss-slide-limiter n2-ow\"><div class=\"n2-ss-layer n2-ow n-uc-9VGXHr4z6qL6\" data-sstype=\"slide\" data-pm=\"default\"><\/div><\/div><\/div><div data-slide-duration=\"0\" data-id=\"4458\" data-slide-public-id=\"39\" aria-hidden=\"true\" data-title=\"Marco Stanke, Teil aus Kollektiv \u2013 2023, Acryl, Nessel, Keilrahmen, 120 x 119 x 3,5 cm\" class=\"n2-ss-slide n2-ow  n2-ss-slide-4458\"><div role=\"note\" class=\"n2-ss-slide--focus\" tabindex=\"-1\">Marco Stanke, Teil aus Kollektiv \u2013 2023, Acryl, Nessel, Keilrahmen, 120 x 119 x 3,5 cm<\/div><div class=\"n2-ss-layers-container n2-ss-slide-limiter n2-ow\"><div class=\"n2-ss-layer n2-ow n-uc-ay2tO2S8fGPT\" data-sstype=\"slide\" data-pm=\"default\"><\/div><\/div><\/div><div data-slide-duration=\"0\" data-id=\"4465\" data-slide-public-id=\"40\" aria-hidden=\"true\" data-title=\"Marco Stanke, Teil aus Kollektiv \u2013 2023, Acryl, Jute, Nessel, Keilrahmen, Keilh\u00f6lzer, 170 x 25 x 33 cm, 9-teillig\" class=\"n2-ss-slide n2-ow  n2-ss-slide-4465\"><div role=\"note\" class=\"n2-ss-slide--focus\" tabindex=\"-1\">Marco Stanke, Teil aus Kollektiv \u2013 2023, Acryl, Jute, Nessel, Keilrahmen, Keilh\u00f6lzer, 170 x 25 x 33 cm, 9-teillig<\/div><div class=\"n2-ss-layers-container n2-ss-slide-limiter n2-ow\"><div class=\"n2-ss-layer n2-ow n-uc-UZ8vH0E4ppGq\" data-sstype=\"slide\" data-pm=\"default\"><\/div><\/div><\/div><div data-slide-duration=\"0\" data-id=\"4457\" data-slide-public-id=\"41\" aria-hidden=\"true\" data-title=\"Marco Stanke, Teil aus Kollektiv \u2013 2023, Acryl, Leinen, Keilholz, 126 x 100 x 2,5 cm\" class=\"n2-ss-slide n2-ow  n2-ss-slide-4457\"><div role=\"note\" class=\"n2-ss-slide--focus\" tabindex=\"-1\">Marco Stanke, Teil aus Kollektiv \u2013 2023, Acryl, Leinen, Keilholz, 126 x 100 x 2,5 cm<\/div><div class=\"n2-ss-layers-container n2-ss-slide-limiter n2-ow\"><div class=\"n2-ss-layer n2-ow n-uc-EWZFTyG8QF3Y\" data-sstype=\"slide\" data-pm=\"default\"><\/div><\/div><\/div><div data-slide-duration=\"0\" data-id=\"4463\" data-slide-public-id=\"42\" aria-hidden=\"true\" data-title=\"Marco Stanke, Teil aus Kollektiv \u2013 2023, Nessel, Keilholz, 228 x 6 x 30 cm\" class=\"n2-ss-slide n2-ow  n2-ss-slide-4463\"><div role=\"note\" class=\"n2-ss-slide--focus\" tabindex=\"-1\">Marco Stanke, Teil aus Kollektiv \u2013 2023, Nessel, Keilholz, 228 x 6 x 30 cm<\/div><div class=\"n2-ss-layers-container n2-ss-slide-limiter n2-ow\"><div class=\"n2-ss-layer n2-ow n-uc-TaNfwAJt1lph\" data-sstype=\"slide\" data-pm=\"default\"><\/div><\/div><\/div><div data-slide-duration=\"0\" data-id=\"4510\" data-slide-public-id=\"43\" aria-hidden=\"true\" data-title=\"Marco Stanke, Teil aus Kollektiv \u2013 2023, Acryl, Leinen, Keilrahmen, 86 x 50 x 2,5 cm\" class=\"n2-ss-slide n2-ow  n2-ss-slide-4510\"><div role=\"note\" class=\"n2-ss-slide--focus\" tabindex=\"-1\">Marco Stanke, Teil aus Kollektiv \u2013 2023, Acryl, Leinen, Keilrahmen, 86 x 50 x 2,5 cm<\/div><div class=\"n2-ss-layers-container n2-ss-slide-limiter n2-ow\"><div class=\"n2-ss-layer n2-ow n-uc-mGcqkWvwYEhh\" data-sstype=\"slide\" data-pm=\"default\"><\/div><\/div><\/div><div data-slide-duration=\"0\" data-id=\"4509\" data-slide-public-id=\"44\" aria-hidden=\"true\" data-title=\"Marco Stanke, Teil aus Kollektiv \u2013 2023, Nessel, Keilrahmen, Rundholz, 100 x 30 x 4 cm\" class=\"n2-ss-slide n2-ow  n2-ss-slide-4509\"><div role=\"note\" class=\"n2-ss-slide--focus\" tabindex=\"-1\">Marco Stanke, Teil aus Kollektiv \u2013 2023, Nessel, Keilrahmen, Rundholz, 100 x 30 x 4 cm<\/div><div class=\"n2-ss-layers-container n2-ss-slide-limiter n2-ow\"><div class=\"n2-ss-layer n2-ow n-uc-knKRnHmFFrPx\" data-sstype=\"slide\" data-pm=\"default\"><\/div><\/div><\/div><div data-slide-duration=\"0\" data-id=\"4468\" data-slide-public-id=\"45\" aria-hidden=\"true\" data-title=\"Marco Stanke, Teil aus Kollektiv \u2013 2021, \u00d6l, Acryl, Nessel, Keilrahmen, 148 x 144 x 2 cm\" class=\"n2-ss-slide n2-ow  n2-ss-slide-4468\"><div role=\"note\" class=\"n2-ss-slide--focus\" tabindex=\"-1\">Marco Stanke, Teil aus Kollektiv \u2013 2021, \u00d6l, Acryl, Nessel, Keilrahmen, 148 x 144 x 2 cm<\/div><div class=\"n2-ss-layers-container n2-ss-slide-limiter n2-ow\"><div class=\"n2-ss-layer n2-ow n-uc-Zd5Honfu4WQj\" data-sstype=\"slide\" data-pm=\"default\"><\/div><\/div><\/div><div data-slide-duration=\"0\" data-id=\"4508\" data-slide-public-id=\"46\" aria-hidden=\"true\" data-title=\"Marco Stanke, Noppen \u2013 2012, Schichtsiebdruck auf Papier, 60 x 40 cm, Unikat\" class=\"n2-ss-slide n2-ow  n2-ss-slide-4508\"><div role=\"note\" class=\"n2-ss-slide--focus\" tabindex=\"-1\">Marco Stanke, Noppen \u2013 2012, Schichtsiebdruck auf Papier, 60 x 40 cm, Unikat<\/div><div class=\"n2-ss-layers-container n2-ss-slide-limiter n2-ow\"><div class=\"n2-ss-layer n2-ow n-uc-2obJHdMQSoV2\" data-sstype=\"slide\" data-pm=\"default\"><\/div><\/div><\/div>                    <\/div>\n\n                                    <\/div>\n            <\/div>\n        <\/div>\n        <div class=\"n2-ss-slider-controls n2-ss-slider-controls-absolute-left-center\"><div style=\"--widget-offset:15px;\" class=\"n2-ss-widget nextend-arrow n2-ow-all nextend-arrow-previous  nextend-arrow-animated-fade\" data-hide-mobileportrait=\"1\" id=\"n2-ss-166-arrow-previous\" role=\"button\" aria-label=\"previous arrow\" tabindex=\"0\"><img loading=\"lazy\" decoding=\"async\" width=\"32\" height=\"32\" class=\"n2-arrow-normal-img skip-lazy\" data-skip-lazy=\"1\" src=\"data:image\/svg+xml;base64,PHN2ZyB3aWR0aD0iMzIiIGhlaWdodD0iMzIiIHZpZXdCb3g9IjAgMCAzMiAzMiIgeG1sbnM9Imh0dHA6Ly93d3cudzMub3JnLzIwMDAvc3ZnIj4KICAgIDxwYXRoIGQ9Ik0xMS40MzMgMTUuOTkyTDIyLjY5IDUuNzEyYy4zOTMtLjM5LjM5My0xLjAzIDAtMS40Mi0uMzkzLS4zOS0xLjAzLS4zOS0xLjQyMyAwbC0xMS45OCAxMC45NGMtLjIxLjIxLS4zLjQ5LS4yODUuNzYtLjAxNS4yOC4wNzUuNTYuMjg0Ljc3bDExLjk4IDEwLjk0Yy4zOTMuMzkgMS4wMy4zOSAxLjQyNCAwIC4zOTMtLjQuMzkzLTEuMDMgMC0xLjQybC0xMS4yNTctMTAuMjkiCiAgICAgICAgICBmaWxsPSIjY2VkM2Q1IiBvcGFjaXR5PSIxIiBmaWxsLXJ1bGU9ImV2ZW5vZGQiLz4KPC9zdmc+\" alt=\"previous arrow\"><img loading=\"lazy\" decoding=\"async\" width=\"32\" height=\"32\" class=\"n2-arrow-hover-img skip-lazy\" data-skip-lazy=\"1\" src=\"data:image\/svg+xml;base64,PHN2ZyB3aWR0aD0iMzIiIGhlaWdodD0iMzIiIHZpZXdCb3g9IjAgMCAzMiAzMiIgeG1sbnM9Imh0dHA6Ly93d3cudzMub3JnLzIwMDAvc3ZnIj4KICAgIDxwYXRoIGQ9Ik0xMS40MzMgMTUuOTkyTDIyLjY5IDUuNzEyYy4zOTMtLjM5LjM5My0xLjAzIDAtMS40Mi0uMzkzLS4zOS0xLjAzLS4zOS0xLjQyMyAwbC0xMS45OCAxMC45NGMtLjIxLjIxLS4zLjQ5LS4yODUuNzYtLjAxNS4yOC4wNzUuNTYuMjg0Ljc3bDExLjk4IDEwLjk0Yy4zOTMuMzkgMS4wMy4zOSAxLjQyNCAwIC4zOTMtLjQuMzkzLTEuMDMgMC0xLjQybC0xMS4yNTctMTAuMjkiCiAgICAgICAgICBmaWxsPSIjMDAwMDAwIiBvcGFjaXR5PSIxIiBmaWxsLXJ1bGU9ImV2ZW5vZGQiLz4KPC9zdmc+\" alt=\"previous arrow\"><\/div><\/div><div class=\"n2-ss-slider-controls n2-ss-slider-controls-absolute-right-center\"><div style=\"--widget-offset:15px;\" class=\"n2-ss-widget nextend-arrow n2-ow-all nextend-arrow-next  nextend-arrow-animated-fade\" data-hide-mobileportrait=\"1\" id=\"n2-ss-166-arrow-next\" role=\"button\" aria-label=\"next arrow\" tabindex=\"0\"><img loading=\"lazy\" decoding=\"async\" width=\"32\" height=\"32\" class=\"n2-arrow-normal-img skip-lazy\" data-skip-lazy=\"1\" src=\"data:image\/svg+xml;base64,PHN2ZyB3aWR0aD0iMzIiIGhlaWdodD0iMzIiIHZpZXdCb3g9IjAgMCAzMiAzMiIgeG1sbnM9Imh0dHA6Ly93d3cudzMub3JnLzIwMDAvc3ZnIj4KICAgIDxwYXRoIGQ9Ik0xMC43MjIgNC4yOTNjLS4zOTQtLjM5LTEuMDMyLS4zOS0xLjQyNyAwLS4zOTMuMzktLjM5MyAxLjAzIDAgMS40MmwxMS4yODMgMTAuMjgtMTEuMjgzIDEwLjI5Yy0uMzkzLjM5LS4zOTMgMS4wMiAwIDEuNDIuMzk1LjM5IDEuMDMzLjM5IDEuNDI3IDBsMTIuMDA3LTEwLjk0Yy4yMS0uMjEuMy0uNDkuMjg0LS43Ny4wMTQtLjI3LS4wNzYtLjU1LS4yODYtLjc2TDEwLjcyIDQuMjkzeiIKICAgICAgICAgIGZpbGw9IiNjZWQzZDUiIG9wYWNpdHk9IjEiIGZpbGwtcnVsZT0iZXZlbm9kZCIvPgo8L3N2Zz4=\" alt=\"next arrow\"><img loading=\"lazy\" decoding=\"async\" width=\"32\" height=\"32\" class=\"n2-arrow-hover-img skip-lazy\" data-skip-lazy=\"1\" src=\"data:image\/svg+xml;base64,PHN2ZyB3aWR0aD0iMzIiIGhlaWdodD0iMzIiIHZpZXdCb3g9IjAgMCAzMiAzMiIgeG1sbnM9Imh0dHA6Ly93d3cudzMub3JnLzIwMDAvc3ZnIj4KICAgIDxwYXRoIGQ9Ik0xMC43MjIgNC4yOTNjLS4zOTQtLjM5LTEuMDMyLS4zOS0xLjQyNyAwLS4zOTMuMzktLjM5MyAxLjAzIDAgMS40MmwxMS4yODMgMTAuMjgtMTEuMjgzIDEwLjI5Yy0uMzkzLjM5LS4zOTMgMS4wMiAwIDEuNDIuMzk1LjM5IDEuMDMzLjM5IDEuNDI3IDBsMTIuMDA3LTEwLjk0Yy4yMS0uMjEuMy0uNDkuMjg0LS43Ny4wMTQtLjI3LS4wNzYtLjU1LS4yODYtLjc2TDEwLjcyIDQuMjkzeiIKICAgICAgICAgIGZpbGw9IiMwMDAwMDAiIG9wYWNpdHk9IjEiIGZpbGwtcnVsZT0iZXZlbm9kZCIvPgo8L3N2Zz4=\" alt=\"next arrow\"><\/div><\/div><\/div><div class=\"n2-ss-slider-controls n2-ss-slider-controls-below\"><div class=\"n2-ss-widget nextend-bar nextend-bar-horizontal n2-ss-widget-hidden n2-ow-all\" style=\"text-align: center;width:100%;\"><div class=\"n2-style-820f7b4778ca78a56ddbfeafd970141f-simple \"><span class=\"n2-font-8045276efac2b6ed3e58a0e579763884-simple \">&nbsp;<\/span><\/div><\/div><\/div><\/div><\/div><ss3-loader><\/ss3-loader><\/div><\/div><div class=\"n2_clear\"><\/div><\/div><\/ss3-force-full-width><\/div>\n\n\n<h2 class=\"wp-block-heading\"><strong>ZWEI GENERATIONEN KONKRET.<\/strong><\/h2>\n\n\n\n<p><strong>Alf Lechner und Marco Stanke<\/strong><br><br>Ausstellungsdauer: 4. Juli bis 2. Oktober 2025<\/p>\n\n\n\n<p><strong>SAVE THE DATE OPEN ART MUNICH GALLERY WEEKEND 2025<\/strong><br><strong>4.-6. Juli 2025<\/strong><\/p>\n\n\n<div class=\"wp-block-image\">\n<figure class=\"alignright size-large is-resized\"><img loading=\"lazy\" decoding=\"async\" width=\"717\" height=\"1024\" src=\"https:\/\/www.galerie-bender.de\/wp-content\/uploads\/2025\/06\/Plakat_DRUCKDATEN_GALB_Lechner_Stanke_594x840_M1507002_F39_150dpi_netto-717x1024.jpg\" alt=\"Plakat_Lechner_Stanke_2025\" class=\"wp-image-7563\" style=\"width:167px;height:auto\" srcset=\"https:\/\/www.galerie-bender.de\/wp-content\/uploads\/2025\/06\/Plakat_DRUCKDATEN_GALB_Lechner_Stanke_594x840_M1507002_F39_150dpi_netto-717x1024.jpg 717w, https:\/\/www.galerie-bender.de\/wp-content\/uploads\/2025\/06\/Plakat_DRUCKDATEN_GALB_Lechner_Stanke_594x840_M1507002_F39_150dpi_netto-210x300.jpg 210w, https:\/\/www.galerie-bender.de\/wp-content\/uploads\/2025\/06\/Plakat_DRUCKDATEN_GALB_Lechner_Stanke_594x840_M1507002_F39_150dpi_netto-768x1097.jpg 768w, https:\/\/www.galerie-bender.de\/wp-content\/uploads\/2025\/06\/Plakat_DRUCKDATEN_GALB_Lechner_Stanke_594x840_M1507002_F39_150dpi_netto-1075x1536.jpg 1075w, https:\/\/www.galerie-bender.de\/wp-content\/uploads\/2025\/06\/Plakat_DRUCKDATEN_GALB_Lechner_Stanke_594x840_M1507002_F39_150dpi_netto-1434x2048.jpg 1434w, https:\/\/www.galerie-bender.de\/wp-content\/uploads\/2025\/06\/Plakat_DRUCKDATEN_GALB_Lechner_Stanke_594x840_M1507002_F39_150dpi_netto-8x12.jpg 8w, https:\/\/www.galerie-bender.de\/wp-content\/uploads\/2025\/06\/Plakat_DRUCKDATEN_GALB_Lechner_Stanke_594x840_M1507002_F39_150dpi_netto-1200x1714.jpg 1200w, https:\/\/www.galerie-bender.de\/wp-content\/uploads\/2025\/06\/Plakat_DRUCKDATEN_GALB_Lechner_Stanke_594x840_M1507002_F39_150dpi_netto-1980x2829.jpg 1980w, https:\/\/www.galerie-bender.de\/wp-content\/uploads\/2025\/06\/Plakat_DRUCKDATEN_GALB_Lechner_Stanke_594x840_M1507002_F39_150dpi_netto-scaled.jpg 1792w\" sizes=\"auto, (max-width: 717px) 100vw, 717px\" \/><\/figure>\n<\/div>\n\n\n<p><strong>Vernissage: Donnerstag, 3. Juli von 18 bis 21 Uhr<br><br>Sonder\u00f6ffnungszeiten OPEN ART MUNICH GALLERY WEEKEND: <br>Freitag, 4. Juli von 11 bis 18 Uhr<br>Samstag, 5. Juli von 11 bis 18 Uhr<br>Sonntag, 6. Juli von 11 bis 18 Uhr<\/strong><\/p>\n\n\n\n<p>kuratiert von Dr. Dominik Bais<\/p>\n\n\n\n<p>Am 17. April 2025 w\u00e4re Alf Lechner 100 Jahre alt geworden &#8211; ein Jubil\u00e4um, das Anlass gibt, seine leidenschaftliche Auseinandersetzung mit Material und Form neu zu entdecken. Dies kann aber nur mit dem Blick auf das Heute und die neue Generation aufstrebender K\u00fcnstler*innen gelingen. Mit Marco Stanke (*1987) stellt die Galerie Renate Bender das Werk Lechners einem K\u00fcnstler gegen\u00fcber, der 60 Jahre nach Alf Lechner geboren wurde. In Stankes Malerei ist die Leinwand nicht nur Bildtr\u00e4ger. Seine Arbeiten sind vielmehr r\u00e4umliche Gebilde, mit denen er spielerisch die Differenz zwischen dem malerisch Sichtbaren und dem Bildtr\u00e4ger untergr\u00e4bt.&nbsp;<br>Beide K\u00fcnstler verbindet die Faszination f\u00fcr Prozess und Material: W\u00e4hrend Stanke die Grundbedingungen der Malerei erforscht, legt Lechner die Bearbeitungsspuren industrieller Fertigung als integralen Bestandteil seiner Skulpturen offen. Dennoch unterscheiden sich diese Positionen in ihrer medialen Beschaffenheit deutlich voneinander, wodurch die Arbeiten 2024 im Lechner Museum Ingolstadt und nun in den Ausstellungsr\u00e4umen der Galerie in einen spannungsvollen Dialog treten.<\/p>\n\n\n\n<div class=\"wp-block-file\"><a id=\"wp-block-file--media-27463c2a-5330-48e1-9d6c-3ca7f817347c\" href=\"https:\/\/www.galerie-bender.de\/wp-content\/uploads\/2025\/05\/Save-the-date_Lechner_Stanke_web.pdf\" target=\"_blank\" rel=\"noreferrer noopener\">SAVE THE DATE. Alf Lechner &#8211; Marco Stanke<\/a><\/div>\n\n\n\n<div class=\"wp-block-file\"><a id=\"wp-block-file--media-3cff5445-dd87-4925-bb7d-c1339d4e2164\" href=\"https:\/\/www.galerie-bender.de\/wp-content\/uploads\/2025\/06\/M1507002_Flyer_Lechner_8S_F39_150dpi_netto.pdf\" target=\"_blank\" rel=\"noreferrer noopener\">Flyer zur Ausstellung \u201eZWEI GENERATIONEN KONKRET. Alf Lechner\u201c, 2025<\/a><\/div>\n\n\n\n<div class=\"wp-block-file\"><a id=\"wp-block-file--media-2f1e3778-27f8-42ce-b679-16a4fc07bfd0\" href=\"https:\/\/www.galerie-bender.de\/wp-content\/uploads\/2025\/06\/M1507002_Flyer_Stanke_8S_F39_150dpi_netto.pdf\" target=\"_blank\" rel=\"noreferrer noopener\">Flyer zur Ausstellung \u201eZWEI GENERATIONEN KONKRET. Marco Stanke\u201c, 2025<\/a><\/div>\n\n\n\n<p><\/p>\n<\/div>","protected":false},"excerpt":{"rendered":"<p>ZWEI GENERATIONEN KONKRET. Alf Lechner und Marco Stanke Ausstellungsdauer: 4. Juli bis 2. Oktober 2025 SAVE THE DATE OPEN ART MUNICH GALLERY WEEKEND 20254.-6. Juli 2025 Vernissage: Donnerstag, 3. Juli von 18 bis 21 Uhr Sonder\u00f6ffnungszeiten OPEN ART MUNICH GALLERY WEEKEND: Freitag, 4. Juli von 11 bis 18 UhrSamstag, 5. Juli von 11 bis 18 [&hellip;]<\/p>\n","protected":false},"author":3,"featured_media":0,"comment_status":"open","ping_status":"open","sticky":false,"template":"","format":"standard","meta":{"_eb_attr":"","_uag_custom_page_level_css":"","footnotes":""},"categories":[39],"tags":[],"class_list":["post-7139","post","type-post","status-publish","format-standard","hentry","category-ausstellungsarchiv"],"acf":[],"uagb_featured_image_src":{"full":false,"thumbnail":false,"medium":false,"medium_large":false,"large":false,"1536x1536":false,"2048x2048":false,"trp-custom-language-flag":false,"square":false,"post-thumbnail":false,"twentytwenty-fullscreen":false},"uagb_author_info":{"display_name":"Renate Bender","author_link":"https:\/\/www.galerie-bender.de\/de\/author\/bender\/"},"uagb_comment_info":0,"uagb_excerpt":"ZWEI GENERATIONEN KONKRET. Alf Lechner und Marco Stanke Ausstellungsdauer: 4. Juli bis 2. Oktober 2025 SAVE THE DATE OPEN ART MUNICH GALLERY WEEKEND 20254.-6. Juli 2025 Vernissage: Donnerstag, 3. Juli von 18 bis 21 Uhr Sonder\u00f6ffnungszeiten OPEN ART MUNICH GALLERY WEEKEND: Freitag, 4. Juli von 11 bis 18 UhrSamstag, 5. Juli von 11 bis 18&hellip;","_links":{"self":[{"href":"https:\/\/www.galerie-bender.de\/de\/wp-json\/wp\/v2\/posts\/7139","targetHints":{"allow":["GET"]}}],"collection":[{"href":"https:\/\/www.galerie-bender.de\/de\/wp-json\/wp\/v2\/posts"}],"about":[{"href":"https:\/\/www.galerie-bender.de\/de\/wp-json\/wp\/v2\/types\/post"}],"author":[{"embeddable":true,"href":"https:\/\/www.galerie-bender.de\/de\/wp-json\/wp\/v2\/users\/3"}],"replies":[{"embeddable":true,"href":"https:\/\/www.galerie-bender.de\/de\/wp-json\/wp\/v2\/comments?post=7139"}],"version-history":[{"count":17,"href":"https:\/\/www.galerie-bender.de\/de\/wp-json\/wp\/v2\/posts\/7139\/revisions"}],"predecessor-version":[{"id":7805,"href":"https:\/\/www.galerie-bender.de\/de\/wp-json\/wp\/v2\/posts\/7139\/revisions\/7805"}],"wp:attachment":[{"href":"https:\/\/www.galerie-bender.de\/de\/wp-json\/wp\/v2\/media?parent=7139"}],"wp:term":[{"taxonomy":"category","embeddable":true,"href":"https:\/\/www.galerie-bender.de\/de\/wp-json\/wp\/v2\/categories?post=7139"},{"taxonomy":"post_tag","embeddable":true,"href":"https:\/\/www.galerie-bender.de\/de\/wp-json\/wp\/v2\/tags?post=7139"}],"curies":[{"name":"wp","href":"https:\/\/api.w.org\/{rel}","templated":true}]}}