{"id":1470,"date":"2021-07-27T15:36:29","date_gmt":"2021-07-27T14:36:29","guid":{"rendered":"https:\/\/bender.pixxel-network.de\/?p=1470"},"modified":"2021-07-27T15:47:26","modified_gmt":"2021-07-27T14:47:26","slug":"faszination-farbe","status":"publish","type":"post","link":"https:\/\/www.galerie-bender.de\/en\/faszination-farbe\/","title":{"rendered":"Fascination COLOR"},"content":{"rendered":"<div id=\"modal-ready\"><div class=\"n2_clear\"><ss3-force-full-width data-overflow-x=\"body\" data-horizontal-selector=\"body\"><div class=\"n2-section-smartslider fitvidsignore artist_slider n2_clear\" data-ssid=\"112\" tabindex=\"0\" role=\"region\" aria-label=\"Slider\"><div id=\"n2-ss-112-align\" class=\"n2-ss-align\"><div class=\"n2-padding\"><div id=\"n2-ss-112\" data-creator=\"Smart Slider 3\" data-responsive=\"fullwidth\" class=\"n2-ss-slider n2-ow n2-has-hover n2notransition\">\n\n\n\n\n\n\n\n\n\n\n\n\n\n<div class=\"n2-ss-slider-wrapper-outside\" style=\"grid-template-rows:1fr auto\"><div class=\"n2-ss-slider-wrapper-inside\">\n        <div class=\"n2-ss-slider-1 n2_ss__touch_element n2-ow\">\n            <div class=\"n2-ss-slider-2 n2-ow\">\n                                                <div class=\"n2-ss-slider-3 n2-ow\">\n\n                    <div class=\"n2-ss-slide-backgrounds n2-ow-all\"><div class=\"n2-ss-slide-background\" data-public-id=\"1\" data-mode=\"fill\"><div class=\"n2-ss-slide-background-image\" data-blur=\"0\" data-opacity=\"100\" data-x=\"50\" data-y=\"50\" data-alt=\"&quot;Faszination FARBE. monochrom - minimal - konkret&quot;. Die Galerie Renate Bender zu Gast im KUNSTHAUS F\u00fcrstenfeldbruck, 2014\" data-title=\"\"><picture class=\"skip-lazy\" data-skip-lazy=\"1\"><img decoding=\"async\" src=\"\/\/www.galerie-bender.de\/wp-content\/uploads\/2021\/07\/Faszination-Farbe-Ausstellungsansicht-2.jpg\" alt=\"&quot;Faszination FARBE. monochrom - minimal - konkret&quot;. Die Galerie Renate Bender zu Gast im KUNSTHAUS F\u00fcrstenfeldbruck, 2014\" title=\"\" loading=\"lazy\" class=\"skip-lazy\" data-skip-lazy=\"1\"><\/picture><\/div><div data-color=\"RGBA(255,255,255,0)\" style=\"background-color: RGBA(255,255,255,0);\" class=\"n2-ss-slide-background-color\"><\/div><\/div><div class=\"n2-ss-slide-background\" data-public-id=\"2\" data-mode=\"fill\" aria-hidden=\"true\"><div class=\"n2-ss-slide-background-image\" data-blur=\"0\" data-opacity=\"100\" data-x=\"50\" data-y=\"50\" data-alt=\"&quot;Faszination FARBE. monochrom - minimal - konkret&quot;. Die Galerie Renate Bender zu Gast im KUNSTHAUS F\u00fcrstenfeldbruck, 2014\" data-title=\"\"><picture class=\"skip-lazy\" data-skip-lazy=\"1\"><img decoding=\"async\" src=\"\/\/www.galerie-bender.de\/wp-content\/uploads\/2021\/07\/DSC01806.jpg\" alt=\"&quot;Faszination FARBE. monochrom - minimal - konkret&quot;. Die Galerie Renate Bender zu Gast im KUNSTHAUS F\u00fcrstenfeldbruck, 2014\" title=\"\" loading=\"lazy\" class=\"skip-lazy\" data-skip-lazy=\"1\"><\/picture><\/div><div data-color=\"RGBA(255,255,255,0)\" style=\"background-color: RGBA(255,255,255,0);\" class=\"n2-ss-slide-background-color\"><\/div><\/div><div class=\"n2-ss-slide-background\" data-public-id=\"3\" data-mode=\"fill\" aria-hidden=\"true\"><div class=\"n2-ss-slide-background-image\" data-blur=\"0\" data-opacity=\"100\" data-x=\"50\" data-y=\"50\" data-alt=\"&quot;Faszination FARBE. monochrom - minimal - konkret&quot;. Die Galerie Renate Bender zu Gast im KUNSTHAUS F\u00fcrstenfeldbruck, 2014\" data-title=\"\"><picture class=\"skip-lazy\" data-skip-lazy=\"1\"><img decoding=\"async\" src=\"\/\/www.galerie-bender.de\/wp-content\/uploads\/2021\/07\/Faszination-Farbe-Ausstellungsansicht-1.jpg\" alt=\"&quot;Faszination FARBE. monochrom - minimal - konkret&quot;. Die Galerie Renate Bender zu Gast im KUNSTHAUS F\u00fcrstenfeldbruck, 2014\" title=\"\" loading=\"lazy\" class=\"skip-lazy\" data-skip-lazy=\"1\"><\/picture><\/div><div data-color=\"RGBA(255,255,255,0)\" style=\"background-color: RGBA(255,255,255,0);\" class=\"n2-ss-slide-background-color\"><\/div><\/div><div class=\"n2-ss-slide-background\" data-public-id=\"4\" data-mode=\"fill\" aria-hidden=\"true\"><div class=\"n2-ss-slide-background-image\" data-blur=\"0\" data-opacity=\"100\" data-x=\"50\" data-y=\"50\" data-alt=\"Er\u00f6ffnung der Ausstellung &quot;Faszination FARBE. monochrom - minimal - konkret&quot;. Die Galerie Renate Bender zu Gast im KUNSTHAUS F\u00fcrstenfeldbruck, 2014\" data-title=\"\"><picture class=\"skip-lazy\" data-skip-lazy=\"1\"><img decoding=\"async\" src=\"\/\/www.galerie-bender.de\/wp-content\/uploads\/2021\/07\/group-shot.jpg\" alt=\"Er\u00f6ffnung der Ausstellung &quot;Faszination FARBE. monochrom - minimal - konkret&quot;. Die Galerie Renate Bender zu Gast im KUNSTHAUS F\u00fcrstenfeldbruck, 2014\" title=\"\" loading=\"lazy\" class=\"skip-lazy\" data-skip-lazy=\"1\"><\/picture><\/div><div data-color=\"RGBA(255,255,255,0)\" style=\"background-color: RGBA(255,255,255,0);\" class=\"n2-ss-slide-background-color\"><\/div><\/div><\/div>                    <div class=\"n2-ss-slider-4 n2-ow\">\n                        <svg xmlns=\"http:\/\/www.w3.org\/2000\/svg\" viewbox=\"0 0 1920 800\" data-related-device=\"desktopPortrait\" class=\"n2-ow n2-ss-preserve-size n2-ss-preserve-size--slider n2-ss-slide-limiter\"><\/svg><div data-first=\"1\" data-slide-duration=\"0\" data-id=\"1746\" data-slide-public-id=\"1\" data-title=\"&quot;Faszination FARBE. monochrom - minimal - konkret&quot;. Die Galerie Renate Bender zu Gast im KUNSTHAUS F\u00fcrstenfeldbruck, 2014\" class=\"n2-ss-slide n2-ow  n2-ss-slide-1746\"><div role=\"note\" class=\"n2-ss-slide--focus\" tabindex=\"-1\">&#8222;Faszination FARBE. monochrom &#8211; minimal &#8211; konkret&#8220;. Die Galerie Renate Bender zu Gast im KUNSTHAUS F\u00fcrstenfeldbruck, 2014<\/div><div class=\"n2-ss-layers-container n2-ss-slide-limiter n2-ow\"><div class=\"n2-ss-layer n2-ow n-uc-B9RJveVC8YUb\" data-sstype=\"slide\" data-pm=\"default\"><\/div><\/div><\/div><div data-slide-duration=\"0\" data-id=\"1748\" data-slide-public-id=\"2\" aria-hidden=\"true\" data-title=\"&quot;Faszination FARBE. monochrom - minimal - konkret&quot;. Die Galerie Renate Bender zu Gast im KUNSTHAUS F\u00fcrstenfeldbruck, 2014\" class=\"n2-ss-slide n2-ow  n2-ss-slide-1748\"><div role=\"note\" class=\"n2-ss-slide--focus\" tabindex=\"-1\">&#8222;Faszination FARBE. monochrom &#8211; minimal &#8211; konkret&#8220;. Die Galerie Renate Bender zu Gast im KUNSTHAUS F\u00fcrstenfeldbruck, 2014<\/div><div class=\"n2-ss-layers-container n2-ss-slide-limiter n2-ow\"><div class=\"n2-ss-layer n2-ow n-uc-xFJoJ8UQWBxu\" data-sstype=\"slide\" data-pm=\"default\"><\/div><\/div><\/div><div data-slide-duration=\"0\" data-id=\"1747\" data-slide-public-id=\"3\" aria-hidden=\"true\" data-title=\"&quot;Faszination FARBE. monochrom - minimal - konkret&quot;. Die Galerie Renate Bender zu Gast im KUNSTHAUS F\u00fcrstenfeldbruck, 2014\" class=\"n2-ss-slide n2-ow  n2-ss-slide-1747\"><div role=\"note\" class=\"n2-ss-slide--focus\" tabindex=\"-1\">&#8222;Faszination FARBE. monochrom &#8211; minimal &#8211; konkret&#8220;. Die Galerie Renate Bender zu Gast im KUNSTHAUS F\u00fcrstenfeldbruck, 2014<\/div><div class=\"n2-ss-layers-container n2-ss-slide-limiter n2-ow\"><div class=\"n2-ss-layer n2-ow n-uc-ZBKgPAbmuCAb\" data-sstype=\"slide\" data-pm=\"default\"><\/div><\/div><\/div><div data-slide-duration=\"0\" data-id=\"1745\" data-slide-public-id=\"4\" aria-hidden=\"true\" data-title=\"Er\u00f6ffnung der Ausstellung &quot;Faszination FARBE. monochrom - minimal - konkret&quot;. Die Galerie Renate Bender zu Gast im KUNSTHAUS F\u00fcrstenfeldbruck, 2014\" class=\"n2-ss-slide n2-ow  n2-ss-slide-1745\"><div role=\"note\" class=\"n2-ss-slide--focus\" tabindex=\"-1\">Er\u00f6ffnung der Ausstellung &#8222;Faszination FARBE. monochrom &#8211; minimal &#8211; konkret&#8220;. Die Galerie Renate Bender zu Gast im KUNSTHAUS F\u00fcrstenfeldbruck, 2014<\/div><div class=\"n2-ss-layers-container n2-ss-slide-limiter n2-ow\"><div class=\"n2-ss-layer n2-ow n-uc-YNxr2r6o362c\" data-sstype=\"slide\" data-pm=\"default\"><\/div><\/div><\/div>                    <\/div>\n\n                                    <\/div>\n            <\/div>\n        <\/div>\n        <div class=\"n2-ss-slider-controls n2-ss-slider-controls-absolute-left-center\"><div style=\"--widget-offset:15px;\" class=\"n2-ss-widget nextend-arrow n2-ow-all nextend-arrow-previous  nextend-arrow-animated-fade\" data-hide-mobileportrait=\"1\" id=\"n2-ss-112-arrow-previous\" role=\"button\" aria-label=\"previous arrow\" tabindex=\"0\"><img loading=\"lazy\" decoding=\"async\" width=\"32\" height=\"32\" class=\"n2-arrow-normal-img skip-lazy\" data-skip-lazy=\"1\" src=\"data:image\/svg+xml;base64,PHN2ZyB3aWR0aD0iMzIiIGhlaWdodD0iMzIiIHZpZXdCb3g9IjAgMCAzMiAzMiIgeG1sbnM9Imh0dHA6Ly93d3cudzMub3JnLzIwMDAvc3ZnIj4KICAgIDxwYXRoIGQ9Ik0xMS40MzMgMTUuOTkyTDIyLjY5IDUuNzEyYy4zOTMtLjM5LjM5My0xLjAzIDAtMS40Mi0uMzkzLS4zOS0xLjAzLS4zOS0xLjQyMyAwbC0xMS45OCAxMC45NGMtLjIxLjIxLS4zLjQ5LS4yODUuNzYtLjAxNS4yOC4wNzUuNTYuMjg0Ljc3bDExLjk4IDEwLjk0Yy4zOTMuMzkgMS4wMy4zOSAxLjQyNCAwIC4zOTMtLjQuMzkzLTEuMDMgMC0xLjQybC0xMS4yNTctMTAuMjkiCiAgICAgICAgICBmaWxsPSIjY2VkM2Q1IiBvcGFjaXR5PSIxIiBmaWxsLXJ1bGU9ImV2ZW5vZGQiLz4KPC9zdmc+\" alt=\"previous arrow\"><img loading=\"lazy\" decoding=\"async\" width=\"32\" height=\"32\" class=\"n2-arrow-hover-img skip-lazy\" data-skip-lazy=\"1\" src=\"data:image\/svg+xml;base64,PHN2ZyB3aWR0aD0iMzIiIGhlaWdodD0iMzIiIHZpZXdCb3g9IjAgMCAzMiAzMiIgeG1sbnM9Imh0dHA6Ly93d3cudzMub3JnLzIwMDAvc3ZnIj4KICAgIDxwYXRoIGQ9Ik0xMS40MzMgMTUuOTkyTDIyLjY5IDUuNzEyYy4zOTMtLjM5LjM5My0xLjAzIDAtMS40Mi0uMzkzLS4zOS0xLjAzLS4zOS0xLjQyMyAwbC0xMS45OCAxMC45NGMtLjIxLjIxLS4zLjQ5LS4yODUuNzYtLjAxNS4yOC4wNzUuNTYuMjg0Ljc3bDExLjk4IDEwLjk0Yy4zOTMuMzkgMS4wMy4zOSAxLjQyNCAwIC4zOTMtLjQuMzkzLTEuMDMgMC0xLjQybC0xMS4yNTctMTAuMjkiCiAgICAgICAgICBmaWxsPSIjMDAwMDAwIiBvcGFjaXR5PSIxIiBmaWxsLXJ1bGU9ImV2ZW5vZGQiLz4KPC9zdmc+\" alt=\"previous arrow\"><\/div><\/div><div class=\"n2-ss-slider-controls n2-ss-slider-controls-absolute-right-center\"><div style=\"--widget-offset:15px;\" class=\"n2-ss-widget nextend-arrow n2-ow-all nextend-arrow-next  nextend-arrow-animated-fade\" data-hide-mobileportrait=\"1\" id=\"n2-ss-112-arrow-next\" role=\"button\" aria-label=\"next arrow\" tabindex=\"0\"><img loading=\"lazy\" decoding=\"async\" width=\"32\" height=\"32\" class=\"n2-arrow-normal-img skip-lazy\" data-skip-lazy=\"1\" src=\"data:image\/svg+xml;base64,PHN2ZyB3aWR0aD0iMzIiIGhlaWdodD0iMzIiIHZpZXdCb3g9IjAgMCAzMiAzMiIgeG1sbnM9Imh0dHA6Ly93d3cudzMub3JnLzIwMDAvc3ZnIj4KICAgIDxwYXRoIGQ9Ik0xMC43MjIgNC4yOTNjLS4zOTQtLjM5LTEuMDMyLS4zOS0xLjQyNyAwLS4zOTMuMzktLjM5MyAxLjAzIDAgMS40MmwxMS4yODMgMTAuMjgtMTEuMjgzIDEwLjI5Yy0uMzkzLjM5LS4zOTMgMS4wMiAwIDEuNDIuMzk1LjM5IDEuMDMzLjM5IDEuNDI3IDBsMTIuMDA3LTEwLjk0Yy4yMS0uMjEuMy0uNDkuMjg0LS43Ny4wMTQtLjI3LS4wNzYtLjU1LS4yODYtLjc2TDEwLjcyIDQuMjkzeiIKICAgICAgICAgIGZpbGw9IiNjZWQzZDUiIG9wYWNpdHk9IjEiIGZpbGwtcnVsZT0iZXZlbm9kZCIvPgo8L3N2Zz4=\" alt=\"next arrow\"><img loading=\"lazy\" decoding=\"async\" width=\"32\" height=\"32\" class=\"n2-arrow-hover-img skip-lazy\" data-skip-lazy=\"1\" src=\"data:image\/svg+xml;base64,PHN2ZyB3aWR0aD0iMzIiIGhlaWdodD0iMzIiIHZpZXdCb3g9IjAgMCAzMiAzMiIgeG1sbnM9Imh0dHA6Ly93d3cudzMub3JnLzIwMDAvc3ZnIj4KICAgIDxwYXRoIGQ9Ik0xMC43MjIgNC4yOTNjLS4zOTQtLjM5LTEuMDMyLS4zOS0xLjQyNyAwLS4zOTMuMzktLjM5MyAxLjAzIDAgMS40MmwxMS4yODMgMTAuMjgtMTEuMjgzIDEwLjI5Yy0uMzkzLjM5LS4zOTMgMS4wMiAwIDEuNDIuMzk1LjM5IDEuMDMzLjM5IDEuNDI3IDBsMTIuMDA3LTEwLjk0Yy4yMS0uMjEuMy0uNDkuMjg0LS43Ny4wMTQtLjI3LS4wNzYtLjU1LS4yODYtLjc2TDEwLjcyIDQuMjkzeiIKICAgICAgICAgIGZpbGw9IiMwMDAwMDAiIG9wYWNpdHk9IjEiIGZpbGwtcnVsZT0iZXZlbm9kZCIvPgo8L3N2Zz4=\" alt=\"next arrow\"><\/div><\/div><\/div><div class=\"n2-ss-slider-controls n2-ss-slider-controls-below\"><div class=\"n2-ss-widget nextend-bar nextend-bar-horizontal n2-ss-widget-hidden n2-ow-all\" style=\"text-align: center;width:100%;\"><div class=\"n2-style-820f7b4778ca78a56ddbfeafd970141f-simple\"><span class=\"n2-font-39b5f228affaae595a20733917c8ca6d-simple\">&nbsp;<\/span><\/div><\/div><\/div><\/div><\/div><ss3-loader><\/ss3-loader><\/div><\/div><div class=\"n2_clear\"><\/div><\/div><\/ss3-force-full-width><\/div>\n\n\n<p><strong>Fascination COLOR<\/strong><br><strong>monochrome \u2013 minimal \u2013 concrete<br>internationale Positionen<\/strong><\/p>\n\n\n\n<p><strong>KUNSTHAUS F\u00fcrstenfeldbruck hosts Galerie Renate Bender.<\/strong><\/p>\n\n\n\n<p>Douglas Allsop, Till Augustin, Hellmut Bruch, Inge Dick, Alfonso Fratteggiani Bianchi, Alfred Haberpointner, Alexis Harding, Rosa M Hessling, Manfred J\u00e4ger, Jus Juchtmans, Bim Koehler, Siegfried Kreitner, Maria Lali\u0107, Horst Linn, Ole M\u00fcller, Matt McClune, Harald Pompl, Robert Sagerman, Regine Schumann, Lars Strandh, Jeremy Thomas, Bill Thompson, Peter Weber, Jerry Zeniuk<\/p>\n\n\n\n<p>Vernissage: Thursday, Oktober 2nd \u2013 7 to 9 pm<br>Exhibition from October 3rd to November 16th, 2014<\/p>\n\n\n\n<p><strong>EXHIBITION VENUE:<\/strong><\/p>\n\n\n\n<p>KUNSTHAUS F\u00fcrstenfeldbruck<br>Kloster F\u00fcrstenfeld &#8211; F\u00fcrstenfeld 7<br>Zugang im Museumsbereich<br>82256 F\u00fcrstenfeldbruck<br><a href=\"http:\/\/www.kunsthaus-ffb.de\/\" target=\"_blank\" rel=\"noreferrer noopener\">http:\/\/www.kunsthaus-ffb.de<\/a><\/p>\n\n\n\n<p><strong>Opening hours KUNSTHAUS:<\/strong><br>Tuesday to Saturday from 1 to. 5 pm<br>Sunday from 11 am to 5 pm<\/p>\n\n\n\n<p><strong>Entrance fee:<\/strong><br>2,50 \u20ac<br>Reduced 1 \u20ac<br>Members of the KUNSTHAUS free<\/p>\n\n\n\n<div class=\"wp-block-file\"><a href=\"https:\/\/www.galerie-bender.de\/wp-content\/uploads\/2021\/03\/Kunsthaus_FFB_Katalog_web.pdf\" target=\"_blank\" rel=\"noreferrer noopener\">Exhibition catalog \u201eFascination COLOR\u201c 2014<\/a><\/div>\n\n\n\n<div class=\"wp-block-file\"><a href=\"https:\/\/www.galerie-bender.de\/wp-content\/uploads\/2021\/03\/Kunsthaus_FFB_Flyer_.pdf\" target=\"_blank\" rel=\"noreferrer noopener\">Invitation card \"Fascination COLOR\" 2014<\/a><\/div>\n\n\n\n<p>PRESS:<\/p>\n\n\n\n<div class=\"wp-block-file\"><a href=\"https:\/\/www.galerie-bender.de\/wp-content\/uploads\/2021\/03\/Kunsttermine-3_14_S55_56_web.pdf\" target=\"_blank\" rel=\"noreferrer noopener\">Article in Kunsttermine, edition 3\/2014, p.55-56<\/a><\/div>\n\n\n\n<div class=\"wp-block-file\"><a href=\"https:\/\/www.galerie-bender.de\/wp-content\/uploads\/2021\/03\/SZ_2_Oktober_2014_SR12-scaled.jpg\" target=\"_blank\" rel=\"noreferrer noopener\">Article in SZ, 2.\/3. October 2014<\/a><\/div>\n\n\n\n<div class=\"wp-block-file\"><a href=\"https:\/\/www.galerie-bender.de\/wp-content\/uploads\/2021\/03\/Merkur_2_Oktober_2014_S8_Kultur.pdf\" target=\"_blank\" rel=\"noreferrer noopener\">Article in M\u00fcnchner Merkur, 2.\/3. October 2014, p.8<\/a><\/div>\n\n\n\n<div class=\"wp-block-file\"><a href=\"https:\/\/www.galerie-bender.de\/wp-content\/uploads\/2021\/03\/Muenchner-Feuilleton_Oktober-2014_Seite-17_web.pdf\" target=\"_blank\" rel=\"noreferrer noopener\">Article in M\u00fcnchner Feuilleton, October 2014, p. 17<\/a><\/div>\n<\/div>","protected":false},"excerpt":{"rendered":"<p>Faszination FARBEmonochrom &#8211; minimal &#8211; konkretinternationale Positionen Die Galerie Renate Bender&nbsp;zu Gast im KUNSTHAUS F\u00fcrstenfeldbruck. Douglas Allsop, Till Augustin, Hellmut Bruch, Inge Dick, Alfonso Fratteggiani Bianchi, Alfred Haberpointner, Alexis Harding, Rosa M Hessling, Manfred J\u00e4ger, Jus Juchtmans, Bim Koehler, Siegfried Kreitner, Maria Lali\u0107, Horst Linn, Ole M\u00fcller, Matt McClune, Harald Pompl, Robert Sagerman, Regine Schumann, [&hellip;]<\/p>\n","protected":false},"author":3,"featured_media":0,"comment_status":"open","ping_status":"open","sticky":false,"template":"","format":"standard","meta":{"_eb_attr":"","_uag_custom_page_level_css":"","footnotes":""},"categories":[39],"tags":[],"class_list":["post-1470","post","type-post","status-publish","format-standard","hentry","category-ausstellungsarchiv"],"acf":[],"uagb_featured_image_src":{"full":false,"thumbnail":false,"medium":false,"medium_large":false,"large":false,"1536x1536":false,"2048x2048":false,"trp-custom-language-flag":false,"square":false,"post-thumbnail":false,"twentytwenty-fullscreen":false},"uagb_author_info":{"display_name":"Renate Bender","author_link":"https:\/\/www.galerie-bender.de\/en\/author\/bender\/"},"uagb_comment_info":0,"uagb_excerpt":"Faszination FARBEmonochrom &#8211; minimal &#8211; konkretinternationale Positionen Die Galerie Renate Bender&nbsp;zu Gast im KUNSTHAUS F\u00fcrstenfeldbruck. Douglas Allsop, Till Augustin, Hellmut Bruch, Inge Dick, Alfonso Fratteggiani Bianchi, Alfred Haberpointner, Alexis Harding, Rosa M Hessling, Manfred J\u00e4ger, Jus Juchtmans, Bim Koehler, Siegfried Kreitner, Maria Lali\u0107, Horst Linn, Ole M\u00fcller, Matt McClune, Harald Pompl, Robert Sagerman, Regine Schumann,&hellip;","_links":{"self":[{"href":"https:\/\/www.galerie-bender.de\/en\/wp-json\/wp\/v2\/posts\/1470","targetHints":{"allow":["GET"]}}],"collection":[{"href":"https:\/\/www.galerie-bender.de\/en\/wp-json\/wp\/v2\/posts"}],"about":[{"href":"https:\/\/www.galerie-bender.de\/en\/wp-json\/wp\/v2\/types\/post"}],"author":[{"embeddable":true,"href":"https:\/\/www.galerie-bender.de\/en\/wp-json\/wp\/v2\/users\/3"}],"replies":[{"embeddable":true,"href":"https:\/\/www.galerie-bender.de\/en\/wp-json\/wp\/v2\/comments?post=1470"}],"version-history":[{"count":0,"href":"https:\/\/www.galerie-bender.de\/en\/wp-json\/wp\/v2\/posts\/1470\/revisions"}],"wp:attachment":[{"href":"https:\/\/www.galerie-bender.de\/en\/wp-json\/wp\/v2\/media?parent=1470"}],"wp:term":[{"taxonomy":"category","embeddable":true,"href":"https:\/\/www.galerie-bender.de\/en\/wp-json\/wp\/v2\/categories?post=1470"},{"taxonomy":"post_tag","embeddable":true,"href":"https:\/\/www.galerie-bender.de\/en\/wp-json\/wp\/v2\/tags?post=1470"}],"curies":[{"name":"wp","href":"https:\/\/api.w.org\/{rel}","templated":true}]}}